{"id":4364,"date":"2015-11-22T06:00:16","date_gmt":"2015-11-22T06:00:16","guid":{"rendered":"http:\/\/cafebarbantia.barbantia.es\/?p=4364"},"modified":"2015-11-17T21:40:51","modified_gmt":"2015-11-17T21:40:51","slug":"os-barcos-do-exilio-da-casa-da-gramatica","status":"publish","type":"post","link":"http:\/\/cafebarbantia.barbantia.es\/?p=4364","title":{"rendered":"Os barcos do exilio, da Casa da Gram\u00e1tica"},"content":{"rendered":"<p style=\"text-align: justify;\"><em><strong><a href=\"http:\/\/cafebarbantia.barbantia.es\/wp-content\/uploads\/2015\/10\/os-barcos.jpg\"><img decoding=\"async\" loading=\"lazy\" class=\"size-medium wp-image-4365 alignright\" style=\"border: 1px solid black;\" alt=\"os barcos\" src=\"http:\/\/cafebarbantia.barbantia.es\/wp-content\/uploads\/2015\/10\/os-barcos-207x300.jpg\" width=\"207\" height=\"300\" srcset=\"http:\/\/cafebarbantia.barbantia.es\/wp-content\/uploads\/2015\/10\/os-barcos-207x300.jpg 207w, http:\/\/cafebarbantia.barbantia.es\/wp-content\/uploads\/2015\/10\/os-barcos-709x1024.jpg 709w, http:\/\/cafebarbantia.barbantia.es\/wp-content\/uploads\/2015\/10\/os-barcos-900x1299.jpg 900w, http:\/\/cafebarbantia.barbantia.es\/wp-content\/uploads\/2015\/10\/os-barcos.jpg 1287w\" sizes=\"(max-width: 207px) 100vw, 207px\" \/><\/a>In\u00e9s Otero.\u00a0<\/strong><\/em>A revista escolar <i>Casa da Gram\u00e1tica<\/i>, unha obra do Instituto Virxe do Mar de Noia, acaba de publicar, dentro da s\u00faa colecci\u00f3n <i>Porta Azul<\/i>, un libro de 250 p\u00e1xinas dedicado a un tema ben interesante sobre a Guerra Civil espa\u00f1ola: <i>Os barcos do exilio<\/i>. O volume conta con quince traballos. Sobre as terras vinculadas coa nosa comarca destacan as investigaci\u00f3ns de <b>Xerardo Agrafoxo<\/b> (<i>O Santa Rosa e o Santa Eulalia cami\u00f1o da liberdade<\/i>), <b>Francisco X. Fern\u00e1ndez Naval<\/b> <i>(A memoria do As e o esquecementos dos vencidos<\/i>) <b>e Xo\u00e1n Mari\u00f1o<\/b> (<i>A odisea dos republicanos noieses<\/i>). <!--more-->Tam\u00e9n se reflicten as peripecias sufridas por outros republicanos galegos, como son as expostas por <b>Eliseo Fern\u00e1ndez<\/b> (<i>Teresita, Carmi\u00f1a e Ram\u00f3n: nav\u00edos salvadores nas r\u00edas de Ares e Ferrol<\/i>), <b>Teresa Garc\u00eda Dom\u00ednguez<\/b> (<i>De Malpica a Per\u00fa no Winnipeg: pioneiros dunha rede migratoria galega<\/i><b>), Rosa Mar\u00eda L\u00f3pez Gonz\u00e1lez<\/b> (<i>El \u00faltimo viaje de la Golondrina hacia la libertad<\/i>) e <b>Hixinio Fuentes<\/b> (<i>Fugas dende a bisbarra do Ortegal e a Mari\u00f1a lucense<\/i>). Tam\u00e9n existen outros traballos de reco\u00f1ecidos expertos na materia como <b>Dionisio Pereira<\/b>, <b>Ruy Farias<\/b>, <b>Gustavo Hervella<\/b>, <b>Jos\u00e9 Mar\u00eda Leal B\u00f3veda<\/b>, <b>Bernardo M\u00e1iz,<\/b> <b>Lu\u00eds Martull<\/b>, <b>Mar\u00eda Luisa Julia Pazos<\/b> e <b>Lino Pazos.<\/b><\/p>\n<p style=\"text-align: justify;\">O volume, coordinado polos profesores do Instituto Virxe do Mar (Xavier Castro, Mar\u00eda Gol\u00e1n e Ra\u00fal Soutelo) conta ademais con d\u00faas achegas po\u00e9ticas, escritas por <b>Marta Dacosta<\/b> (<i>Tres poemas<\/i>) e <b>Xos\u00e9 Carlos Dom\u00ednguez Alberte<\/b> (<i>Ipanema), <\/i>e unha axeitada \u201cproposta did\u00e1ctica\u201d realizada por <b>Ra\u00fal Soutelo<\/b>. A portada do libro \u00e9 unha obra do artista <b>Baldo Ramos<\/b>, un habitual colaborador da emblem\u00e1tica <i>Casa da Gram\u00e1tica<\/i>, unha das achegas m\u00e1is salientables no eido cultural noi\u00e9s.<\/p>\n<p style=\"text-align: justify;\">Parab\u00e9ns aos promotores desta obra e, como di Xo\u00e1n Mari\u00f1o na Coda do seu traballo, \u201chonor aos valentes que sufriron a persecuci\u00f3n da criminal ditadura franquista\u201d.<\/p>\n","protected":false},"excerpt":{"rendered":"<p>In\u00e9s Otero.\u00a0A revista escolar Casa da Gram\u00e1tica, unha obra do Instituto Virxe do Mar de Noia, acaba de publicar, dentro da s\u00faa colecci\u00f3n Porta Azul, un libro de 250 p\u00e1xinas dedicado a un tema ben interesante sobre a Guerra Civil espa\u00f1ola: Os barcos do exilio. O volume conta con quince traballos. Sobre as terras vinculadas &hellip; <a href=\"http:\/\/cafebarbantia.barbantia.es\/?p=4364\" class=\"more-link\">Seguir lendo <span class=\"screen-reader-text\">Os barcos do exilio, da Casa da Gram\u00e1tica<\/span> <span class=\"meta-nav\">&rarr;<\/span><\/a><\/p>\n","protected":false},"author":1,"featured_media":0,"comment_status":"open","ping_status":"closed","sticky":false,"template":"","format":"standard","meta":{"_bbp_topic_count":0,"_bbp_reply_count":0,"_bbp_total_topic_count":0,"_bbp_total_reply_count":0,"_bbp_voice_count":0,"_bbp_anonymous_reply_count":0,"_bbp_topic_count_hidden":0,"_bbp_reply_count_hidden":0,"_bbp_forum_subforum_count":0,"_exactmetrics_skip_tracking":false,"_exactmetrics_sitenote_active":false,"_exactmetrics_sitenote_note":"","_exactmetrics_sitenote_category":0,"_monsterinsights_skip_tracking":false,"_monsterinsights_sitenote_active":false,"_monsterinsights_sitenote_note":"","_monsterinsights_sitenote_category":0},"categories":[7,45,9,10],"tags":[],"aioseo_notices":[],"_links":{"self":[{"href":"http:\/\/cafebarbantia.barbantia.es\/index.php?rest_route=\/wp\/v2\/posts\/4364"}],"collection":[{"href":"http:\/\/cafebarbantia.barbantia.es\/index.php?rest_route=\/wp\/v2\/posts"}],"about":[{"href":"http:\/\/cafebarbantia.barbantia.es\/index.php?rest_route=\/wp\/v2\/types\/post"}],"author":[{"embeddable":true,"href":"http:\/\/cafebarbantia.barbantia.es\/index.php?rest_route=\/wp\/v2\/users\/1"}],"replies":[{"embeddable":true,"href":"http:\/\/cafebarbantia.barbantia.es\/index.php?rest_route=%2Fwp%2Fv2%2Fcomments&post=4364"}],"version-history":[{"count":2,"href":"http:\/\/cafebarbantia.barbantia.es\/index.php?rest_route=\/wp\/v2\/posts\/4364\/revisions"}],"predecessor-version":[{"id":4589,"href":"http:\/\/cafebarbantia.barbantia.es\/index.php?rest_route=\/wp\/v2\/posts\/4364\/revisions\/4589"}],"wp:attachment":[{"href":"http:\/\/cafebarbantia.barbantia.es\/index.php?rest_route=%2Fwp%2Fv2%2Fmedia&parent=4364"}],"wp:term":[{"taxonomy":"category","embeddable":true,"href":"http:\/\/cafebarbantia.barbantia.es\/index.php?rest_route=%2Fwp%2Fv2%2Fcategories&post=4364"},{"taxonomy":"post_tag","embeddable":true,"href":"http:\/\/cafebarbantia.barbantia.es\/index.php?rest_route=%2Fwp%2Fv2%2Ftags&post=4364"}],"curies":[{"name":"wp","href":"https:\/\/api.w.org\/{rel}","templated":true}]}}