{"id":4379,"date":"2015-12-08T06:00:11","date_gmt":"2015-12-08T06:00:11","guid":{"rendered":"http:\/\/cafebarbantia.barbantia.es\/?p=4379"},"modified":"2015-11-30T12:40:47","modified_gmt":"2015-11-30T12:40:47","slug":"e-ti-non-regresaches-de-marceline-loridan-ives","status":"publish","type":"post","link":"http:\/\/cafebarbantia.barbantia.es\/?p=4379","title":{"rendered":"E ti non regresaches, de Marceline Loridan-Ives"},"content":{"rendered":"<p style=\"text-align: justify;\"><a href=\"http:\/\/cafebarbantia.barbantia.es\/wp-content\/uploads\/2015\/10\/y-tu-no-re.jpg\"><img decoding=\"async\" loading=\"lazy\" class=\"wp-image-4380 alignright\" style=\"border: 1px solid black;\" alt=\"Y tu no regresaste_129X205\" src=\"http:\/\/cafebarbantia.barbantia.es\/wp-content\/uploads\/2015\/10\/y-tu-no-re.jpg\" width=\"197\" height=\"314\" \/><\/a><em><strong>Xerardo AgraFoxo.\u00a0<\/strong><\/em>Marceline uniuse \u00e1 resistencia cando era una nena. Capturada pola Xestapo, xunto ao seu pai, foron deportados a Auschwitz-Birkenau, onde el morreu e ela, despois de pasar por Bergen-Belsen e Theresienstadt, sufriu a peor das s\u00faas experiencias. Esta pequena novela \u2013apenas 80 p\u00e1xinas\u2013 \u00e9 unha carta ao pai para contarlle todo o que perdeu por \u201cdesaparecer\u201d naquel inferno. E como f\u00edo condutor deste excepcional libro, a frase que lle di el cando os levan nun tren: \u201cTi poder\u00e1s regresar, porque es unha moza, pero eu non volverei\u201d.\u00a0A obra tam\u00e9n \u00e9 unha amarga reflexi\u00f3n sobre esta \u00e9poca. Marceline regresa a Par\u00eds, pero s\u00faa nai non a vai recibir. <!--more-->At\u00e9ndena no Hotel Lutetia, pero non pode durmir nunha cama, s\u00f3 o pode facer no chan. S\u00e9ntese inc\u00f3moda na nova existencia e non sabe \u201cse fixemos ben en regresar do campo\u201d. Abraza os sentimentos m\u00e1is nobres, pero a causa comunista derr\u00fabase (\u201cv\u00edtima dun so\u00f1o que sa\u00edra mal\u201d).<a href=\"http:\/\/cafebarbantia.barbantia.es\/wp-content\/uploads\/2015\/10\/marceline_loridan-ivens.jpg\"><img decoding=\"async\" loading=\"lazy\" class=\"size-medium wp-image-4381 alignleft\" alt=\"marceline_loridan-ivens\" src=\"http:\/\/cafebarbantia.barbantia.es\/wp-content\/uploads\/2015\/10\/marceline_loridan-ivens-300x199.jpg\" width=\"300\" height=\"199\" srcset=\"http:\/\/cafebarbantia.barbantia.es\/wp-content\/uploads\/2015\/10\/marceline_loridan-ivens-300x199.jpg 300w, http:\/\/cafebarbantia.barbantia.es\/wp-content\/uploads\/2015\/10\/marceline_loridan-ivens-1024x681.jpg 1024w, http:\/\/cafebarbantia.barbantia.es\/wp-content\/uploads\/2015\/10\/marceline_loridan-ivens-900x599.jpg 900w, http:\/\/cafebarbantia.barbantia.es\/wp-content\/uploads\/2015\/10\/marceline_loridan-ivens.jpg 1200w\" sizes=\"(max-width: 300px) 100vw, 300px\" \/><\/a> At\u00f3pase coma unha estra\u00f1a na s\u00faa terra, porque sempre se refiren a \u201celes\u201d como \u201cos xudeus de Francia\u201d. Tampouco entende o que sucede en Israel, \u201cen guerra dende a creaci\u00f3n\u201d. Unha frase resume a intenci\u00f3n desta \u00a0misiva dirixida ao pai: \u201cQu\u00e9rote tanto que estou contenta de ser deportada contigo\u201d.<\/p>\n<p style=\"text-align: justify;\">Despois de ler este extraordinario documento, dem\u00f3strase que non est\u00e1 todo esgotado con Primo Levi ou Imre Kert\u00e9sz. Un relato sobre as ansias de vivir, o testemu\u00f1o dunha muller que resistiu o holocausto coa cabeza erguida.<\/p>\n<p style=\"text-align: justify;\">Dur\u00edsima e conmovedora.<\/p>\n","protected":false},"excerpt":{"rendered":"<p>Xerardo AgraFoxo.\u00a0Marceline uniuse \u00e1 resistencia cando era una nena. Capturada pola Xestapo, xunto ao seu pai, foron deportados a Auschwitz-Birkenau, onde el morreu e ela, despois de pasar por Bergen-Belsen e Theresienstadt, sufriu a peor das s\u00faas experiencias. Esta pequena novela \u2013apenas 80 p\u00e1xinas\u2013 \u00e9 unha carta ao pai para contarlle todo o que perdeu &hellip; <a href=\"http:\/\/cafebarbantia.barbantia.es\/?p=4379\" class=\"more-link\">Seguir lendo <span class=\"screen-reader-text\">E ti non regresaches, de Marceline Loridan-Ives<\/span> <span class=\"meta-nav\">&rarr;<\/span><\/a><\/p>\n","protected":false},"author":1,"featured_media":0,"comment_status":"open","ping_status":"closed","sticky":false,"template":"","format":"standard","meta":{"_bbp_topic_count":0,"_bbp_reply_count":0,"_bbp_total_topic_count":0,"_bbp_total_reply_count":0,"_bbp_voice_count":0,"_bbp_anonymous_reply_count":0,"_bbp_topic_count_hidden":0,"_bbp_reply_count_hidden":0,"_bbp_forum_subforum_count":0,"_exactmetrics_skip_tracking":false,"_exactmetrics_sitenote_active":false,"_exactmetrics_sitenote_note":"","_exactmetrics_sitenote_category":0,"_monsterinsights_skip_tracking":false,"_monsterinsights_sitenote_active":false,"_monsterinsights_sitenote_note":"","_monsterinsights_sitenote_category":0},"categories":[9,21],"tags":[],"aioseo_notices":[],"_links":{"self":[{"href":"http:\/\/cafebarbantia.barbantia.es\/index.php?rest_route=\/wp\/v2\/posts\/4379"}],"collection":[{"href":"http:\/\/cafebarbantia.barbantia.es\/index.php?rest_route=\/wp\/v2\/posts"}],"about":[{"href":"http:\/\/cafebarbantia.barbantia.es\/index.php?rest_route=\/wp\/v2\/types\/post"}],"author":[{"embeddable":true,"href":"http:\/\/cafebarbantia.barbantia.es\/index.php?rest_route=\/wp\/v2\/users\/1"}],"replies":[{"embeddable":true,"href":"http:\/\/cafebarbantia.barbantia.es\/index.php?rest_route=%2Fwp%2Fv2%2Fcomments&post=4379"}],"version-history":[{"count":2,"href":"http:\/\/cafebarbantia.barbantia.es\/index.php?rest_route=\/wp\/v2\/posts\/4379\/revisions"}],"predecessor-version":[{"id":4715,"href":"http:\/\/cafebarbantia.barbantia.es\/index.php?rest_route=\/wp\/v2\/posts\/4379\/revisions\/4715"}],"wp:attachment":[{"href":"http:\/\/cafebarbantia.barbantia.es\/index.php?rest_route=%2Fwp%2Fv2%2Fmedia&parent=4379"}],"wp:term":[{"taxonomy":"category","embeddable":true,"href":"http:\/\/cafebarbantia.barbantia.es\/index.php?rest_route=%2Fwp%2Fv2%2Fcategories&post=4379"},{"taxonomy":"post_tag","embeddable":true,"href":"http:\/\/cafebarbantia.barbantia.es\/index.php?rest_route=%2Fwp%2Fv2%2Ftags&post=4379"}],"curies":[{"name":"wp","href":"https:\/\/api.w.org\/{rel}","templated":true}]}}