{"id":4397,"date":"2015-12-15T06:00:27","date_gmt":"2015-12-15T06:00:27","guid":{"rendered":"http:\/\/cafebarbantia.barbantia.es\/?p=4397"},"modified":"2015-12-10T23:20:51","modified_gmt":"2015-12-10T23:20:51","slug":"a-noiva-de-pessoa","status":"publish","type":"post","link":"http:\/\/cafebarbantia.barbantia.es\/?p=4397","title":{"rendered":"A noiva de Pessoa"},"content":{"rendered":"<p style=\"text-align: justify;\"><a href=\"http:\/\/cafebarbantia.barbantia.es\/wp-content\/uploads\/2015\/10\/Un-amor-como-este.jpg\"><img decoding=\"async\" loading=\"lazy\" class=\"alignleft size-medium wp-image-4398\" alt=\"Un-amor-como-este\" src=\"http:\/\/cafebarbantia.barbantia.es\/wp-content\/uploads\/2015\/10\/Un-amor-como-este-191x300.jpg\" width=\"191\" height=\"300\" srcset=\"http:\/\/cafebarbantia.barbantia.es\/wp-content\/uploads\/2015\/10\/Un-amor-como-este-191x300.jpg 191w, http:\/\/cafebarbantia.barbantia.es\/wp-content\/uploads\/2015\/10\/Un-amor-como-este-652x1024.jpg 652w, http:\/\/cafebarbantia.barbantia.es\/wp-content\/uploads\/2015\/10\/Un-amor-como-este-900x1412.jpg 900w, http:\/\/cafebarbantia.barbantia.es\/wp-content\/uploads\/2015\/10\/Un-amor-como-este.jpg 1772w\" sizes=\"(max-width: 191px) 100vw, 191px\" \/><\/a><em><strong>Xerardo AgraFoxo.\u00a0<\/strong><\/em>Segundo conta Lu\u00eds Morales, no seu libro <i>Un amor como \u00e9ste<\/i> (2015), no mes de outubro do ano 1919 o poeta Fernando Pessoa co\u00f1eceu a Of\u00e9lia Queiroz nunha oficina da Baixa lisboeta onde ela entrara a traballar como mecan\u00f3grafa e el \u2013despois de regresar de Durban, onde vivira dez anos polo matrimonio de s\u00faa nai co c\u00f3nsul Joao Miguel Rosa\u2013, xa exerc\u00eda como tradutor de correspondencia comercial. Uns meses despois daquel casual encontro, movido por un estra\u00f1o arrouto, abalanzouse sobre ela e bicouna coma nunca o fixera con outra muller: &#8230; <i>y sin mediar palabra la bes\u00f3 en la boca apasionadamente<\/i>.<!--more--> Era a noite do 24 de xaneiro de 1920 e aquela escena, tan fugaz como desacougante, quedou gravada para sempre na s\u00faa memoria. Ela ti\u00f1a dezanove anos, el cumprira trinta e dous.<\/p>\n<p style=\"text-align: justify;\">Esta novela \u00e9 a reconstruci\u00f3n literaria daquel romance entre Pessoa, un home consumido polo tabaco e o alcol, e Of\u00e9lia, unha rapaza de <i>ojos escuros y labios carnosos<\/i>. <a href=\"http:\/\/cafebarbantia.barbantia.es\/wp-content\/uploads\/2015\/10\/Luis-Morales-1_thumb_700.jpg\"><img decoding=\"async\" loading=\"lazy\" class=\"alignright size-medium wp-image-4399\" alt=\"Luis-Morales-1_thumb_700\" src=\"http:\/\/cafebarbantia.barbantia.es\/wp-content\/uploads\/2015\/10\/Luis-Morales-1_thumb_700-300x225.jpg\" width=\"300\" height=\"225\" srcset=\"http:\/\/cafebarbantia.barbantia.es\/wp-content\/uploads\/2015\/10\/Luis-Morales-1_thumb_700-300x225.jpg 300w, http:\/\/cafebarbantia.barbantia.es\/wp-content\/uploads\/2015\/10\/Luis-Morales-1_thumb_700.jpg 700w\" sizes=\"(max-width: 300px) 100vw, 300px\" \/><\/a>Un atormentado idilio \u2013que se estendeu entre xaneiro e setembro de 1920 e nove anos despois, entre setembro e decembro\u2013 contado a partir das 48 cartas que se publicaran del no ano 1978 e preto de 300 de Of\u00e9lia, recompiladas todas no 2013, doce anos despois da s\u00faa morte aos noventa e un anos. <i>Un amor como \u00e9ste<\/i> conta esta relaci\u00f3n \u00edntima, un nobelo ateigado de tropezos sentimentais e episodios, \u00e1s veces rid\u00edculos, que serven para retratar, a trav\u00e9s do seu \u00fanico amor co\u00f1ecido, a vida do autor do <i>Libro do desasosego. <\/i><\/p>\n<p style=\"text-align: justify;\">Unha obra imprescindible para os amantes de Pessoa, os lectores de relatos <i>maupassantianos<\/i> e os admiradores de Lisboa, convertida aqu\u00ed no v\u00e9rtice dun tri\u00e1ngulo amoroso.<\/p>\n","protected":false},"excerpt":{"rendered":"<p>Xerardo AgraFoxo.\u00a0Segundo conta Lu\u00eds Morales, no seu libro Un amor como \u00e9ste (2015), no mes de outubro do ano 1919 o poeta Fernando Pessoa co\u00f1eceu a Of\u00e9lia Queiroz nunha oficina da Baixa lisboeta onde ela entrara a traballar como mecan\u00f3grafa e el \u2013despois de regresar de Durban, onde vivira dez anos polo matrimonio de s\u00faa &hellip; <a href=\"http:\/\/cafebarbantia.barbantia.es\/?p=4397\" class=\"more-link\">Seguir lendo <span class=\"screen-reader-text\">A noiva de Pessoa<\/span> <span class=\"meta-nav\">&rarr;<\/span><\/a><\/p>\n","protected":false},"author":1,"featured_media":0,"comment_status":"open","ping_status":"closed","sticky":false,"template":"","format":"standard","meta":{"_bbp_topic_count":0,"_bbp_reply_count":0,"_bbp_total_topic_count":0,"_bbp_total_reply_count":0,"_bbp_voice_count":0,"_bbp_anonymous_reply_count":0,"_bbp_topic_count_hidden":0,"_bbp_reply_count_hidden":0,"_bbp_forum_subforum_count":0,"_exactmetrics_skip_tracking":false,"_exactmetrics_sitenote_active":false,"_exactmetrics_sitenote_note":"","_exactmetrics_sitenote_category":0,"_monsterinsights_skip_tracking":false,"_monsterinsights_sitenote_active":false,"_monsterinsights_sitenote_note":"","_monsterinsights_sitenote_category":0},"categories":[9,21],"tags":[],"aioseo_notices":[],"_links":{"self":[{"href":"http:\/\/cafebarbantia.barbantia.es\/index.php?rest_route=\/wp\/v2\/posts\/4397"}],"collection":[{"href":"http:\/\/cafebarbantia.barbantia.es\/index.php?rest_route=\/wp\/v2\/posts"}],"about":[{"href":"http:\/\/cafebarbantia.barbantia.es\/index.php?rest_route=\/wp\/v2\/types\/post"}],"author":[{"embeddable":true,"href":"http:\/\/cafebarbantia.barbantia.es\/index.php?rest_route=\/wp\/v2\/users\/1"}],"replies":[{"embeddable":true,"href":"http:\/\/cafebarbantia.barbantia.es\/index.php?rest_route=%2Fwp%2Fv2%2Fcomments&post=4397"}],"version-history":[{"count":1,"href":"http:\/\/cafebarbantia.barbantia.es\/index.php?rest_route=\/wp\/v2\/posts\/4397\/revisions"}],"predecessor-version":[{"id":4400,"href":"http:\/\/cafebarbantia.barbantia.es\/index.php?rest_route=\/wp\/v2\/posts\/4397\/revisions\/4400"}],"wp:attachment":[{"href":"http:\/\/cafebarbantia.barbantia.es\/index.php?rest_route=%2Fwp%2Fv2%2Fmedia&parent=4397"}],"wp:term":[{"taxonomy":"category","embeddable":true,"href":"http:\/\/cafebarbantia.barbantia.es\/index.php?rest_route=%2Fwp%2Fv2%2Fcategories&post=4397"},{"taxonomy":"post_tag","embeddable":true,"href":"http:\/\/cafebarbantia.barbantia.es\/index.php?rest_route=%2Fwp%2Fv2%2Ftags&post=4397"}],"curies":[{"name":"wp","href":"https:\/\/api.w.org\/{rel}","templated":true}]}}