{"id":4401,"date":"2015-12-27T06:00:56","date_gmt":"2015-12-27T06:00:56","guid":{"rendered":"http:\/\/cafebarbantia.barbantia.es\/?p=4401"},"modified":"2015-12-21T19:51:46","modified_gmt":"2015-12-21T19:51:46","slug":"a-luz-que-non-podes-ver-de-antonhy-doerr","status":"publish","type":"post","link":"http:\/\/cafebarbantia.barbantia.es\/?p=4401","title":{"rendered":"A luz que non podes ver, de Antonhy Doerr"},"content":{"rendered":"<p style=\"text-align: justify;\"><a href=\"http:\/\/cafebarbantia.barbantia.es\/wp-content\/uploads\/2015\/10\/la-luz.jpg\"><img decoding=\"async\" loading=\"lazy\" class=\"size-medium wp-image-4402 alignleft\" alt=\"la luz\" src=\"http:\/\/cafebarbantia.barbantia.es\/wp-content\/uploads\/2015\/10\/la-luz-195x300.jpg\" width=\"195\" height=\"300\" srcset=\"http:\/\/cafebarbantia.barbantia.es\/wp-content\/uploads\/2015\/10\/la-luz-195x300.jpg 195w, http:\/\/cafebarbantia.barbantia.es\/wp-content\/uploads\/2015\/10\/la-luz-665x1024.jpg 665w, http:\/\/cafebarbantia.barbantia.es\/wp-content\/uploads\/2015\/10\/la-luz-900x1384.jpg 900w, http:\/\/cafebarbantia.barbantia.es\/wp-content\/uploads\/2015\/10\/la-luz.jpg 1000w\" sizes=\"(max-width: 195px) 100vw, 195px\" \/><\/a><em><strong>In\u00e9s Otero.\u00a0<\/strong><\/em>Marie-Laure, unha nena cega, filla dun cerralleiro do Museo de Historia Natural de Par\u00eds, at\u00f3pase na cidade de Saint-Malo, onde convive co seu t\u00edo Etienne e Madame Manec, a s\u00faa particular ama de chaves, cando se produce en agosto de 1944 o desembarco aliado en Normand\u00eda. Nesta mesma \u00e9poca, Werner Pfenning, un neno que vive coa s\u00faa irm\u00e1 nun orfanato de Alema\u00f1a, sofre as consecuencias do adoutrinamento nazi, entra nas Xuventudes Hitlerianas e participa na Segunda Guerra Mundial. Pola s\u00faa habelencia para detectar as retransmisi\u00f3ns da resistencia francesa, recalar\u00e1 nun peirao bret\u00f3n, onde, tal como se di nalgunha cr\u00edtica, \u201csair\u00e1 a luz que os dous precisan para fuxir da escuridade\u201d e se \u201cdescubrir\u00e1 canto valor hai nos seus coraz\u00f3ns\u201d.<!--more--><\/p>\n<p style=\"text-align: justify;\">Baixo este pano de fondo desenv\u00f3lvese <i>A luz que non podes ver (2015), <\/i>que foi finalista do <i>National Book Award<\/i> e ga\u00f1adora do <i>Premio Pulitzer de Ficci\u00f3n<\/i>. <a href=\"http:\/\/cafebarbantia.barbantia.es\/wp-content\/uploads\/2015\/10\/Anthony_Doerr_by_Isabelle_Selby.jpg\"><img decoding=\"async\" loading=\"lazy\" class=\"size-medium wp-image-4403 alignright\" alt=\"Anthony_Doerr_by_Isabelle_Selby\" src=\"http:\/\/cafebarbantia.barbantia.es\/wp-content\/uploads\/2015\/10\/Anthony_Doerr_by_Isabelle_Selby-200x300.jpg\" width=\"200\" height=\"300\" srcset=\"http:\/\/cafebarbantia.barbantia.es\/wp-content\/uploads\/2015\/10\/Anthony_Doerr_by_Isabelle_Selby-200x300.jpg 200w, http:\/\/cafebarbantia.barbantia.es\/wp-content\/uploads\/2015\/10\/Anthony_Doerr_by_Isabelle_Selby-682x1024.jpg 682w, http:\/\/cafebarbantia.barbantia.es\/wp-content\/uploads\/2015\/10\/Anthony_Doerr_by_Isabelle_Selby.jpg 800w\" sizes=\"(max-width: 200px) 100vw, 200px\" \/><\/a>Unha novela considerada como unha das mellores do ano polo mesmo <i>The New York Times<\/i> e que se desenvolve nunha das \u00e9pocas m\u00e1is recorridas polos narradores, pero sen que nela aparezan os temas de sempre, coma o Holocausto ou os Campos de Concentraci\u00f3n. Antonhy Doerr (Cleveland, 1973) emprega un estilo ateigado de recursos convencionais: poucas descrici\u00f3ns, moitos di\u00e1logos, cap\u00edtulos breves, personaxes esquem\u00e1ticos e desenlace previsible. E como <i>macguffin<\/i> tres elementos: a maqueta dunha casa, unha valiosa xoia e unha radio convertida aqu\u00ed no s\u00edmbolo dos novos cambios que se operaban\u00a0 nos medios de comunicaci\u00f3n.<\/p>\n","protected":false},"excerpt":{"rendered":"<p>In\u00e9s Otero.\u00a0Marie-Laure, unha nena cega, filla dun cerralleiro do Museo de Historia Natural de Par\u00eds, at\u00f3pase na cidade de Saint-Malo, onde convive co seu t\u00edo Etienne e Madame Manec, a s\u00faa particular ama de chaves, cando se produce en agosto de 1944 o desembarco aliado en Normand\u00eda. Nesta mesma \u00e9poca, Werner Pfenning, un neno que &hellip; <a href=\"http:\/\/cafebarbantia.barbantia.es\/?p=4401\" class=\"more-link\">Seguir lendo <span class=\"screen-reader-text\">A luz que non podes ver, de Antonhy Doerr<\/span> <span class=\"meta-nav\">&rarr;<\/span><\/a><\/p>\n","protected":false},"author":1,"featured_media":0,"comment_status":"open","ping_status":"closed","sticky":false,"template":"","format":"standard","meta":{"_bbp_topic_count":0,"_bbp_reply_count":0,"_bbp_total_topic_count":0,"_bbp_total_reply_count":0,"_bbp_voice_count":0,"_bbp_anonymous_reply_count":0,"_bbp_topic_count_hidden":0,"_bbp_reply_count_hidden":0,"_bbp_forum_subforum_count":0,"_exactmetrics_skip_tracking":false,"_exactmetrics_sitenote_active":false,"_exactmetrics_sitenote_note":"","_exactmetrics_sitenote_category":0,"_monsterinsights_skip_tracking":false,"_monsterinsights_sitenote_active":false,"_monsterinsights_sitenote_note":"","_monsterinsights_sitenote_category":0},"categories":[45,9],"tags":[],"aioseo_notices":[],"_links":{"self":[{"href":"http:\/\/cafebarbantia.barbantia.es\/index.php?rest_route=\/wp\/v2\/posts\/4401"}],"collection":[{"href":"http:\/\/cafebarbantia.barbantia.es\/index.php?rest_route=\/wp\/v2\/posts"}],"about":[{"href":"http:\/\/cafebarbantia.barbantia.es\/index.php?rest_route=\/wp\/v2\/types\/post"}],"author":[{"embeddable":true,"href":"http:\/\/cafebarbantia.barbantia.es\/index.php?rest_route=\/wp\/v2\/users\/1"}],"replies":[{"embeddable":true,"href":"http:\/\/cafebarbantia.barbantia.es\/index.php?rest_route=%2Fwp%2Fv2%2Fcomments&post=4401"}],"version-history":[{"count":2,"href":"http:\/\/cafebarbantia.barbantia.es\/index.php?rest_route=\/wp\/v2\/posts\/4401\/revisions"}],"predecessor-version":[{"id":4811,"href":"http:\/\/cafebarbantia.barbantia.es\/index.php?rest_route=\/wp\/v2\/posts\/4401\/revisions\/4811"}],"wp:attachment":[{"href":"http:\/\/cafebarbantia.barbantia.es\/index.php?rest_route=%2Fwp%2Fv2%2Fmedia&parent=4401"}],"wp:term":[{"taxonomy":"category","embeddable":true,"href":"http:\/\/cafebarbantia.barbantia.es\/index.php?rest_route=%2Fwp%2Fv2%2Fcategories&post=4401"},{"taxonomy":"post_tag","embeddable":true,"href":"http:\/\/cafebarbantia.barbantia.es\/index.php?rest_route=%2Fwp%2Fv2%2Ftags&post=4401"}],"curies":[{"name":"wp","href":"https:\/\/api.w.org\/{rel}","templated":true}]}}