{"id":4421,"date":"2016-01-08T06:00:53","date_gmt":"2016-01-08T06:00:53","guid":{"rendered":"http:\/\/cafebarbantia.barbantia.es\/?p=4421"},"modified":"2015-12-31T12:12:34","modified_gmt":"2015-12-31T12:12:34","slug":"el-rey-de-la-habana-de-pedro-juan-gutierrez","status":"publish","type":"post","link":"http:\/\/cafebarbantia.barbantia.es\/?p=4421","title":{"rendered":"El Rey de La Habana, de Pedro Juan Guti\u00e9rrez"},"content":{"rendered":"<p style=\"text-align: justify;\"><a href=\"http:\/\/cafebarbantia.barbantia.es\/wp-content\/uploads\/2015\/10\/el-rey.jpg\"><img decoding=\"async\" loading=\"lazy\" class=\"size-medium wp-image-4422 alignleft\" alt=\"el rey\" src=\"http:\/\/cafebarbantia.barbantia.es\/wp-content\/uploads\/2015\/10\/el-rey-198x300.jpg\" width=\"198\" height=\"300\" srcset=\"http:\/\/cafebarbantia.barbantia.es\/wp-content\/uploads\/2015\/10\/el-rey-198x300.jpg 198w, http:\/\/cafebarbantia.barbantia.es\/wp-content\/uploads\/2015\/10\/el-rey-676x1024.jpg 676w, http:\/\/cafebarbantia.barbantia.es\/wp-content\/uploads\/2015\/10\/el-rey-900x1361.jpg 900w, http:\/\/cafebarbantia.barbantia.es\/wp-content\/uploads\/2015\/10\/el-rey.jpg 1599w\" sizes=\"(max-width: 198px) 100vw, 198px\" \/><\/a><em><strong>Xerardo AgraFoxo.\u00a0<\/strong><\/em>Reynaldo, un mozo de Centro Habana, contempla un d\u00eda dende a s\u00faa azotea unha escena que lle marcar\u00e1 o seu destino: a morte accidental de s\u00faa nai e o suicidio de seu irm\u00e1n Nelson, que se lanza contra a r\u00faa e rebenta o cranio catro andares abaixo. Con trece anos, quedou sen fala. E, sen saber reaccionar, a polic\u00eda levouno nun furg\u00f3n, meteuno nunha cela, interrogouno durante tres d\u00edas \u2013\u201c\u00bfPor que los mataste?\u201d\u2013 e reclu\u00edrono nun correccional, de onde conseguir\u00e1 fuxir, \u00a0amargado e receoso, tres anos m\u00e1is tarde.\u00a0Ent\u00f3n comeza a s\u00faa vida polos labirintos da capital, onde ofrece como tarxeta de visita a s\u00faa pinga de vinte e tres cent\u00edmetros. Ser\u00e1 un p\u00edcaro \u00a0\u2013<i>Rey<\/i>\u2013 acosado pola fame e a polic\u00eda. <!--more-->Na s\u00faa andaina a trav\u00e9s dos lugares m\u00e1is s\u00f3rdidos, atoparase con varias persoas que, coma el, \u00a0viven \u00e1 marxe da sociedade: a \u201cjinetera\u201d Magda, a xitana Daisy, a negra Katia e a travest\u00ed Sandra. Unha fauna que retrata un mundo \u2013 case apocal\u00edptico\u2013 que non garda relaci\u00f3n cos principios da Revoluci\u00f3n. <i>EL Rey de la Habana<\/i> conv\u00e9rtese as\u00ed nunha obra cunha profunda carga sociol\u00f3xica.<a href=\"http:\/\/cafebarbantia.barbantia.es\/wp-content\/uploads\/2015\/10\/el-rey2.jpg\"><img decoding=\"async\" loading=\"lazy\" class=\"size-medium wp-image-4423 alignright\" alt=\"el rey2\" src=\"http:\/\/cafebarbantia.barbantia.es\/wp-content\/uploads\/2015\/10\/el-rey2-300x201.jpg\" width=\"300\" height=\"201\" srcset=\"http:\/\/cafebarbantia.barbantia.es\/wp-content\/uploads\/2015\/10\/el-rey2-300x201.jpg 300w, http:\/\/cafebarbantia.barbantia.es\/wp-content\/uploads\/2015\/10\/el-rey2.jpg 500w\" sizes=\"(max-width: 300px) 100vw, 300px\" \/><\/a> Talvez a circunstancia que levou a Agust\u00ed Villaronga (<i>Pa negre<\/i>, 2010) a realizar a pel\u00edcula que acaba de presentar no \u00faltimo Festival de San Sebasti\u00e1n, onde a actriz\u00a0 Yordanka Ariosa ga\u00f1ou a Concha de Prata.<\/p>\n<p style=\"text-align: justify;\">Mentres Laurent Cantet rodara <i>Regreso a Itaca (2014), <\/i>baseada nun relato de Leonardo Padura, nunha azotea do Malec\u00f3n, Villaronga tivo que desprazar as s\u00faas c\u00e1maras ata Santo Domingo.\u00a0 Pero, curiosamente, malia os permisos conseguidos, a pel\u00edcula do realizador franc\u00e9s prohibiuse despois no \u00faltimo Festival de Cine Latinoamericano celebrado na Habana.<\/p>\n","protected":false},"excerpt":{"rendered":"<p>Xerardo AgraFoxo.\u00a0Reynaldo, un mozo de Centro Habana, contempla un d\u00eda dende a s\u00faa azotea unha escena que lle marcar\u00e1 o seu destino: a morte accidental de s\u00faa nai e o suicidio de seu irm\u00e1n Nelson, que se lanza contra a r\u00faa e rebenta o cranio catro andares abaixo. Con trece anos, quedou sen fala. E, &hellip; <a href=\"http:\/\/cafebarbantia.barbantia.es\/?p=4421\" class=\"more-link\">Seguir lendo <span class=\"screen-reader-text\">El Rey de La Habana, de Pedro Juan Guti\u00e9rrez<\/span> <span class=\"meta-nav\">&rarr;<\/span><\/a><\/p>\n","protected":false},"author":1,"featured_media":0,"comment_status":"open","ping_status":"closed","sticky":false,"template":"","format":"standard","meta":{"_bbp_topic_count":0,"_bbp_reply_count":0,"_bbp_total_topic_count":0,"_bbp_total_reply_count":0,"_bbp_voice_count":0,"_bbp_anonymous_reply_count":0,"_bbp_topic_count_hidden":0,"_bbp_reply_count_hidden":0,"_bbp_forum_subforum_count":0,"_exactmetrics_skip_tracking":false,"_exactmetrics_sitenote_active":false,"_exactmetrics_sitenote_note":"","_exactmetrics_sitenote_category":0,"_monsterinsights_skip_tracking":false,"_monsterinsights_sitenote_active":false,"_monsterinsights_sitenote_note":"","_monsterinsights_sitenote_category":0},"categories":[6,9,21],"tags":[],"aioseo_notices":[],"_links":{"self":[{"href":"http:\/\/cafebarbantia.barbantia.es\/index.php?rest_route=\/wp\/v2\/posts\/4421"}],"collection":[{"href":"http:\/\/cafebarbantia.barbantia.es\/index.php?rest_route=\/wp\/v2\/posts"}],"about":[{"href":"http:\/\/cafebarbantia.barbantia.es\/index.php?rest_route=\/wp\/v2\/types\/post"}],"author":[{"embeddable":true,"href":"http:\/\/cafebarbantia.barbantia.es\/index.php?rest_route=\/wp\/v2\/users\/1"}],"replies":[{"embeddable":true,"href":"http:\/\/cafebarbantia.barbantia.es\/index.php?rest_route=%2Fwp%2Fv2%2Fcomments&post=4421"}],"version-history":[{"count":3,"href":"http:\/\/cafebarbantia.barbantia.es\/index.php?rest_route=\/wp\/v2\/posts\/4421\/revisions"}],"predecessor-version":[{"id":4853,"href":"http:\/\/cafebarbantia.barbantia.es\/index.php?rest_route=\/wp\/v2\/posts\/4421\/revisions\/4853"}],"wp:attachment":[{"href":"http:\/\/cafebarbantia.barbantia.es\/index.php?rest_route=%2Fwp%2Fv2%2Fmedia&parent=4421"}],"wp:term":[{"taxonomy":"category","embeddable":true,"href":"http:\/\/cafebarbantia.barbantia.es\/index.php?rest_route=%2Fwp%2Fv2%2Fcategories&post=4421"},{"taxonomy":"post_tag","embeddable":true,"href":"http:\/\/cafebarbantia.barbantia.es\/index.php?rest_route=%2Fwp%2Fv2%2Ftags&post=4421"}],"curies":[{"name":"wp","href":"https:\/\/api.w.org\/{rel}","templated":true}]}}