{"id":4531,"date":"2015-11-16T06:00:18","date_gmt":"2015-11-16T06:00:18","guid":{"rendered":"http:\/\/cafebarbantia.barbantia.es\/?p=4531"},"modified":"2015-11-12T19:50:03","modified_gmt":"2015-11-12T19:50:03","slug":"os-elefantes-de-sokurov-de-anton-riveiro-coello","status":"publish","type":"post","link":"http:\/\/cafebarbantia.barbantia.es\/?p=4531","title":{"rendered":"Os elefantes de Sok\u00farov, de Ant\u00f3n Riveiro Coello"},"content":{"rendered":"<p style=\"text-align: justify;\"><em><strong> <a href=\"http:\/\/cafebarbantia.barbantia.es\/wp-content\/uploads\/2015\/11\/Portada-elefantes-3.jpg\"><img decoding=\"async\" loading=\"lazy\" class=\" wp-image-4535 alignright\" alt=\"Portada elefantes 3\" src=\"http:\/\/cafebarbantia.barbantia.es\/wp-content\/uploads\/2015\/11\/Portada-elefantes-3.jpg\" width=\"196\" height=\"300\" \/><\/a>In\u00e9s Otero.\u00a0<\/strong><\/em>Janis, unha moza cunha vida complexa, s\u00e9ntese cativada por un home que \u00a0atopa nunha cafetar\u00eda, <i>absorto na intriga das s\u00faas lecturas<\/i>, pero que un d\u00eda desaparece misteriosamente. Tam\u00e9n sente a ausencia da s\u00faa nai \u2013a arrepiante \u00a0<i>orfandade materna<\/i> por unha <i>morte estra\u00f1a<\/i>\u2013 que trata de superar mentres mant\u00e9n unha relaci\u00f3n distante co pai. A vida mon\u00f3tona de Janis verase interrompida cando \u2013<i>un<\/i> <i>arrep\u00edo de pracer perc\u00f3rreme o corpo<\/i>\u2013 descobre un <i>individuo con engado<\/i>. El, un escritor cunha vida marcada pola <i>fuxida convertida nunha rutina<\/i>, tam\u00e9n busca <i>respostas \u00e1s preguntas<\/i> que o atormentan.<!--more--><\/p>\n<p style=\"text-align: justify;\">Mentres nos mergullamos nesta historia, diversos temas aparecen reflectidos na novela: as escouras da nosa historia recente (<i>un golpe que feriu varias xeraci\u00f3ns<\/i>), a problem\u00e1tica que sofre a lingua galega (<i>hai algo tr\u00e1xico ao redor do noso idioma que escapa \u00e1 mi\u00f1a imaxinaci\u00f3n<\/i>), o amor por Compostela (<i>os edificios son p\u00e1xinas, apuntamentos da nosa memoria<\/i>), a corrupci\u00f3n pol\u00edtica (<i>son criminais, a econom\u00eda leva moito tempo sendo un casino<\/i>), o traballo no ensino medio (<i>o xiz borra a mi\u00f1a inspiraci\u00f3n<\/i>), a crise econ\u00f3mica (<i>o rastro dos recortes na sanidade p\u00fablica<\/i>) ou as <i>consecuencias dram\u00e1ticas <\/i>dos desafiuzamentos. O autor, \u00e1 parte do seu amor polos libros e por algunhas cidades (Amsterdam, Praga ou Roma), confesa a s\u00faa paix\u00f3n polo cine ruso, en concreto, polo reco\u00f1ecido director Alexander Sok\u00farov, convertido nestas p\u00e1xinas, coma os elefantes do curioso e enigm\u00e1tico t\u00edtulo que ilumina a fermosa portada, nun pertinente <i>mcguffin.<\/i><\/p>\n<p style=\"text-align: justify;\"><a href=\"http:\/\/cafebarbantia.barbantia.es\/wp-content\/uploads\/2015\/11\/foto-Lorena-pequena.jpg\"><img decoding=\"async\" loading=\"lazy\" class=\"size-medium wp-image-4538 alignleft\" alt=\"foto Lorena pequena\" src=\"http:\/\/cafebarbantia.barbantia.es\/wp-content\/uploads\/2015\/11\/foto-Lorena-pequena-231x300.jpg\" width=\"231\" height=\"300\" srcset=\"http:\/\/cafebarbantia.barbantia.es\/wp-content\/uploads\/2015\/11\/foto-Lorena-pequena-231x300.jpg 231w, http:\/\/cafebarbantia.barbantia.es\/wp-content\/uploads\/2015\/11\/foto-Lorena-pequena-789x1024.jpg 789w, http:\/\/cafebarbantia.barbantia.es\/wp-content\/uploads\/2015\/11\/foto-Lorena-pequena-900x1167.jpg 900w, http:\/\/cafebarbantia.barbantia.es\/wp-content\/uploads\/2015\/11\/foto-Lorena-pequena.jpg 1632w\" sizes=\"(max-width: 231px) 100vw, 231px\" \/><\/a>Ademais da sensibilidade que amosa Riveiro Coello, para falar dos asuntos da vida coti\u00e1 que nos espreitan, <i>Os elefantes de Sok\u00farov<\/i> (2015), contada coa alternancia de ata oito voces narrativas, recrea, a partir dunha linguaxe expresiva e un emocionante nobelo argumental, unha historia que medra en intensidade e interese mentres avanzamos paseni\u00f1o na s\u00faa lectura. E semella que os dous personaxes principais da obra, que atravesan Compostela invadidos polos seus conflitos e emoci\u00f3ns, os seus odios e afectos, son tan reais coma outros que divisamos cando percorremos a Cidade Vella: terceiro v\u00e9rtice do tri\u00e1ngulo narrativo e oportuno pano de fondo desta excelente, ambiciosa e comprometida obra literaria.<\/p>\n<p style=\"text-align: justify;\">\n","protected":false},"excerpt":{"rendered":"<p>In\u00e9s Otero.\u00a0Janis, unha moza cunha vida complexa, s\u00e9ntese cativada por un home que \u00a0atopa nunha cafetar\u00eda, absorto na intriga das s\u00faas lecturas, pero que un d\u00eda desaparece misteriosamente. Tam\u00e9n sente a ausencia da s\u00faa nai \u2013a arrepiante \u00a0orfandade materna por unha morte estra\u00f1a\u2013 que trata de superar mentres mant\u00e9n unha relaci\u00f3n distante co pai. A &hellip; <a href=\"http:\/\/cafebarbantia.barbantia.es\/?p=4531\" class=\"more-link\">Seguir lendo <span class=\"screen-reader-text\">Os elefantes de Sok\u00farov, de Ant\u00f3n Riveiro Coello<\/span> <span class=\"meta-nav\">&rarr;<\/span><\/a><\/p>\n","protected":false},"author":1,"featured_media":0,"comment_status":"open","ping_status":"closed","sticky":false,"template":"","format":"standard","meta":{"_bbp_topic_count":0,"_bbp_reply_count":0,"_bbp_total_topic_count":0,"_bbp_total_reply_count":0,"_bbp_voice_count":0,"_bbp_anonymous_reply_count":0,"_bbp_topic_count_hidden":0,"_bbp_reply_count_hidden":0,"_bbp_forum_subforum_count":0,"_exactmetrics_skip_tracking":false,"_exactmetrics_sitenote_active":false,"_exactmetrics_sitenote_note":"","_exactmetrics_sitenote_category":0,"_monsterinsights_skip_tracking":false,"_monsterinsights_sitenote_active":false,"_monsterinsights_sitenote_note":"","_monsterinsights_sitenote_category":0},"categories":[45,9],"tags":[],"aioseo_notices":[],"_links":{"self":[{"href":"http:\/\/cafebarbantia.barbantia.es\/index.php?rest_route=\/wp\/v2\/posts\/4531"}],"collection":[{"href":"http:\/\/cafebarbantia.barbantia.es\/index.php?rest_route=\/wp\/v2\/posts"}],"about":[{"href":"http:\/\/cafebarbantia.barbantia.es\/index.php?rest_route=\/wp\/v2\/types\/post"}],"author":[{"embeddable":true,"href":"http:\/\/cafebarbantia.barbantia.es\/index.php?rest_route=\/wp\/v2\/users\/1"}],"replies":[{"embeddable":true,"href":"http:\/\/cafebarbantia.barbantia.es\/index.php?rest_route=%2Fwp%2Fv2%2Fcomments&post=4531"}],"version-history":[{"count":8,"href":"http:\/\/cafebarbantia.barbantia.es\/index.php?rest_route=\/wp\/v2\/posts\/4531\/revisions"}],"predecessor-version":[{"id":4567,"href":"http:\/\/cafebarbantia.barbantia.es\/index.php?rest_route=\/wp\/v2\/posts\/4531\/revisions\/4567"}],"wp:attachment":[{"href":"http:\/\/cafebarbantia.barbantia.es\/index.php?rest_route=%2Fwp%2Fv2%2Fmedia&parent=4531"}],"wp:term":[{"taxonomy":"category","embeddable":true,"href":"http:\/\/cafebarbantia.barbantia.es\/index.php?rest_route=%2Fwp%2Fv2%2Fcategories&post=4531"},{"taxonomy":"post_tag","embeddable":true,"href":"http:\/\/cafebarbantia.barbantia.es\/index.php?rest_route=%2Fwp%2Fv2%2Ftags&post=4531"}],"curies":[{"name":"wp","href":"https:\/\/api.w.org\/{rel}","templated":true}]}}