{"id":4591,"date":"2015-11-21T06:00:10","date_gmt":"2015-11-21T06:00:10","guid":{"rendered":"http:\/\/cafebarbantia.barbantia.es\/?p=4591"},"modified":"2015-11-18T08:03:59","modified_gmt":"2015-11-18T08:03:59","slug":"o-alcume-que-ascendeu-a-heteronimo","status":"publish","type":"post","link":"http:\/\/cafebarbantia.barbantia.es\/?p=4591","title":{"rendered":"O alcume que ascendeu a heter\u00f3nimo"},"content":{"rendered":"<p style=\"text-align: justify;\"><em><strong><a href=\"http:\/\/cafebarbantia.barbantia.es\/wp-content\/uploads\/2015\/11\/pessoa0.jpg\"><img decoding=\"async\" loading=\"lazy\" class=\"alignleft size-medium wp-image-4593\" alt=\"pessoa0\" src=\"http:\/\/cafebarbantia.barbantia.es\/wp-content\/uploads\/2015\/11\/pessoa0-245x300.jpg\" width=\"245\" height=\"300\" srcset=\"http:\/\/cafebarbantia.barbantia.es\/wp-content\/uploads\/2015\/11\/pessoa0-245x300.jpg 245w, http:\/\/cafebarbantia.barbantia.es\/wp-content\/uploads\/2015\/11\/pessoa0.jpg 388w\" sizes=\"(max-width: 245px) 100vw, 245px\" \/><\/a>X. Ricardo Losada.\u00a0<\/strong><\/em>Chamoume hai uns meses Chalo Carolo, un amigo de Padr\u00f3n, para preguntarme se me apetec\u00eda asistir a unha cea do equipo xuvenil de f\u00fatbol do Arousa, do que os dous form\u00e1ramos parte. Recordei alg\u00fans nomes (Marcelino, Moncho, Pepucho, Rafa S\u00e1ez, Casal, Fari\u00f1a, Rodrigo, o entra\u00f1able directivo Celso\u2026) e dixen inmediatamente que si, consciente de que hab\u00eda 37 anos que non os v\u00eda. A cea cumpriu as expectativas, e foi un reencontro moi agradable. Pero houbo un detalle que me emocionou especialmente. Nada m\u00e1is verme, Rafa S\u00e1ez d\u00edxome: Jandarolas! Quedei sorprendid\u00edsimo.<!--more--> Jandarolas era un dos nomes que utilizaba nunha adolescencia na que l\u00eda con admiraci\u00f3n ao anarquista Bakunin, ata o punto de firmar os libros de texto con ese nome. Cham\u00e1banmo os amigos m\u00e1is pr\u00f3ximos, e desde aquela non volvera o\u00edlo.<\/p>\n<p style=\"text-align: justify;\">\u00a0<a href=\"http:\/\/cafebarbantia.barbantia.es\/wp-content\/uploads\/2015\/11\/Bakunin6.png\"><img decoding=\"async\" loading=\"lazy\" class=\"alignright size-medium wp-image-4595\" alt=\"Bakunin6\" src=\"http:\/\/cafebarbantia.barbantia.es\/wp-content\/uploads\/2015\/11\/Bakunin6-256x300.png\" width=\"256\" height=\"300\" srcset=\"http:\/\/cafebarbantia.barbantia.es\/wp-content\/uploads\/2015\/11\/Bakunin6-256x300.png 256w, http:\/\/cafebarbantia.barbantia.es\/wp-content\/uploads\/2015\/11\/Bakunin6.png 711w\" sizes=\"(max-width: 256px) 100vw, 256px\" \/><\/a>\u00a0\u00a0\u00a0 Debo aclarar que o meu nome de bautizo, Jos\u00e9 Ricardo, nunca me gustou. Pero tiven sorte. Por ser un nome composto, a xente cambi\u00e1bamo. Jos, Ricardo, Joseri, Jos\u00e9, Jose, J.R., Jo, e, sobre todo, Josito, que \u00e9 como me chamaron sempre, de forma espont\u00e1nea, meus sobri\u00f1os, un nome que valoro moito porque confirma unha das mi\u00f1as convicci\u00f3ns m\u00e1is profundas: o neno que fomos segue vivo dentro de n\u00f3s toda a vida. De feito, estou seguro que \u00e9 ese neno o que disfruta tanto cos moitos alcumes que me te\u00f1en posto. De pequeno un t\u00edo meu cham\u00e1bame Al Capone porque era moi traste, e ao pouco xa me chamaba Cap\u00f3n moita xente. Hoxe \u00e9 un dos meus nomes preferidos pois \u00e9 como unha antig\u00fcidade ou, mellor a\u00ednda, como unha m\u00e1quina do tempo. Cando mo chaman dous ou tres amigos da nenez cos que apenas mante\u00f1o unha relaci\u00f3n de sa\u00fado, prox\u00e9ctanme instantaneamente a aqueles remotos anos. P\u00e1same o mesmo con outros nomes, como Moses, da mi\u00f1a \u00e9poca de afeccionado ao atletismo, Ringlietti, da mi\u00f1a \u00e9poca de estudante, ou Champi, de cando era monitor deportivo. E danme pena moitos outros que quedaron polo cami\u00f1o e que nunca m\u00e1is o\u00edn, como aquel Heidi que me puxeron os meus primeiros alumnos de instituto porque a calefacci\u00f3n e os nervios p\u00fa\u00f1anme dous simp\u00e1ticos coloretes nas meixelas.<\/p>\n<p style=\"text-align: justify;\"><a href=\"http:\/\/cafebarbantia.barbantia.es\/wp-content\/uploads\/2015\/11\/pessoa.jpeg\"><img decoding=\"async\" loading=\"lazy\" class=\"alignleft size-medium wp-image-4596\" alt=\"pessoa\" src=\"http:\/\/cafebarbantia.barbantia.es\/wp-content\/uploads\/2015\/11\/pessoa-272x300.jpeg\" width=\"272\" height=\"300\" srcset=\"http:\/\/cafebarbantia.barbantia.es\/wp-content\/uploads\/2015\/11\/pessoa-272x300.jpeg 272w, http:\/\/cafebarbantia.barbantia.es\/wp-content\/uploads\/2015\/11\/pessoa.jpeg 291w\" sizes=\"(max-width: 272px) 100vw, 272px\" \/><\/a>\u00a0\u00a0\u00a0\u00a0 Enc\u00e1ntame esa variedade de nomes, entre outras raz\u00f3ns, porque \u00e9 moi pr\u00e1ctico. Se me chaman por tel\u00e9fono e preguntan <i>Est\u00e1 Ricardo?, <\/i>sei que \u00e9 algu\u00e9n do instituto. Se preguntan <i>Est\u00e1 Jos?, <\/i>un familiar ou un amigo \u00edntimo. Se preguntan <i>Est\u00e1 Xos\u00e9 Ricardo?, <\/i>un escritor ou algu\u00e9n relacionado coa cultura. Se preguntan <i>Est\u00e1 Jos\u00e9 Ricardo?<\/i>, algu\u00e9n relacionado co f\u00fatbol\u2026 Pero a verdadeira raz\u00f3n de que me gusten eses nomes e alcumes \u00e9 que me dan a sensaci\u00f3n de que te\u00f1o m\u00faltiples personalidades e, para unha persoa coma min, amante da inercia e a discreci\u00f3n, \u00e9 moi grato e enriquecedor. \u00c9 algo que aprend\u00edn do escritor portugu\u00e9s Fernando Pessoa: de vida aparente moi mon\u00f3tona, levaba unha vida interior riqu\u00edsima, ata o punto de convivir con m\u00e1is de cincuenta heter\u00f3nimos, con personalidade e obra propias, que mesmo escrib\u00edan cr\u00edticas na prensa dos seus libros. Algo parecido me pasou a min cando Rafa S\u00e1ez me chamou Jandarolas. Sent\u00edn que ese vello alcume se convert\u00eda nun heter\u00f3nimo, e que aquel mozo anarquista me criticaba con dureza por converterme no burgu\u00e9s que tanto odiaba de adolescente. Eu, por suposto, defendinme cham\u00e1ndolle inxenuo e, desde aquela, mantemos unha tensa e frut\u00edfera conversa.<\/p>\n","protected":false},"excerpt":{"rendered":"<p>X. Ricardo Losada.\u00a0Chamoume hai uns meses Chalo Carolo, un amigo de Padr\u00f3n, para preguntarme se me apetec\u00eda asistir a unha cea do equipo xuvenil de f\u00fatbol do Arousa, do que os dous form\u00e1ramos parte. Recordei alg\u00fans nomes (Marcelino, Moncho, Pepucho, Rafa S\u00e1ez, Casal, Fari\u00f1a, Rodrigo, o entra\u00f1able directivo Celso\u2026) e dixen inmediatamente que si, consciente &hellip; <a href=\"http:\/\/cafebarbantia.barbantia.es\/?p=4591\" class=\"more-link\">Seguir lendo <span class=\"screen-reader-text\">O alcume que ascendeu a heter\u00f3nimo<\/span> <span class=\"meta-nav\">&rarr;<\/span><\/a><\/p>\n","protected":false},"author":1,"featured_media":0,"comment_status":"open","ping_status":"closed","sticky":false,"template":"","format":"standard","meta":{"_bbp_topic_count":0,"_bbp_reply_count":0,"_bbp_total_topic_count":0,"_bbp_total_reply_count":0,"_bbp_voice_count":0,"_bbp_anonymous_reply_count":0,"_bbp_topic_count_hidden":0,"_bbp_reply_count_hidden":0,"_bbp_forum_subforum_count":0,"_exactmetrics_skip_tracking":false,"_exactmetrics_sitenote_active":false,"_exactmetrics_sitenote_note":"","_exactmetrics_sitenote_category":0,"_monsterinsights_skip_tracking":false,"_monsterinsights_sitenote_active":false,"_monsterinsights_sitenote_note":"","_monsterinsights_sitenote_category":0},"categories":[9,26],"tags":[],"aioseo_notices":[],"_links":{"self":[{"href":"http:\/\/cafebarbantia.barbantia.es\/index.php?rest_route=\/wp\/v2\/posts\/4591"}],"collection":[{"href":"http:\/\/cafebarbantia.barbantia.es\/index.php?rest_route=\/wp\/v2\/posts"}],"about":[{"href":"http:\/\/cafebarbantia.barbantia.es\/index.php?rest_route=\/wp\/v2\/types\/post"}],"author":[{"embeddable":true,"href":"http:\/\/cafebarbantia.barbantia.es\/index.php?rest_route=\/wp\/v2\/users\/1"}],"replies":[{"embeddable":true,"href":"http:\/\/cafebarbantia.barbantia.es\/index.php?rest_route=%2Fwp%2Fv2%2Fcomments&post=4591"}],"version-history":[{"count":3,"href":"http:\/\/cafebarbantia.barbantia.es\/index.php?rest_route=\/wp\/v2\/posts\/4591\/revisions"}],"predecessor-version":[{"id":4597,"href":"http:\/\/cafebarbantia.barbantia.es\/index.php?rest_route=\/wp\/v2\/posts\/4591\/revisions\/4597"}],"wp:attachment":[{"href":"http:\/\/cafebarbantia.barbantia.es\/index.php?rest_route=%2Fwp%2Fv2%2Fmedia&parent=4591"}],"wp:term":[{"taxonomy":"category","embeddable":true,"href":"http:\/\/cafebarbantia.barbantia.es\/index.php?rest_route=%2Fwp%2Fv2%2Fcategories&post=4591"},{"taxonomy":"post_tag","embeddable":true,"href":"http:\/\/cafebarbantia.barbantia.es\/index.php?rest_route=%2Fwp%2Fv2%2Ftags&post=4591"}],"curies":[{"name":"wp","href":"https:\/\/api.w.org\/{rel}","templated":true}]}}