{"id":474,"date":"2014-02-06T21:05:47","date_gmt":"2014-02-06T21:05:47","guid":{"rendered":"http:\/\/cafebarbantia.barbantia.es\/?p=474"},"modified":"2014-02-06T22:30:04","modified_gmt":"2014-02-06T22:30:04","slug":"a-frecha-no-aire-de-ismael-grasa","status":"publish","type":"post","link":"http:\/\/cafebarbantia.barbantia.es\/?p=474","title":{"rendered":"A frecha no aire, de Ismael Grasa"},"content":{"rendered":"<p style=\"text-align: justify;\"><b><i><a href=\"http:\/\/cafebarbantia.barbantia.es\/wp-content\/uploads\/2014\/02\/a-frecha-1.jpg\"><img decoding=\"async\" loading=\"lazy\" class=\"wp-image-476 alignleft\" style=\"border: 1px solid black;\" alt=\"a frecha 1\" src=\"http:\/\/cafebarbantia.barbantia.es\/wp-content\/uploads\/2014\/02\/a-frecha-1-195x300.jpg\" width=\"195\" height=\"300\" srcset=\"http:\/\/cafebarbantia.barbantia.es\/wp-content\/uploads\/2014\/02\/a-frecha-1-195x300.jpg 195w, http:\/\/cafebarbantia.barbantia.es\/wp-content\/uploads\/2014\/02\/a-frecha-1.jpg 400w\" sizes=\"(max-width: 195px) 100vw, 195px\" \/><\/a>X. Ricardo Losada<\/i><\/b><b>. <\/b>O subt\u00edtulo deste libro, escrito por I. Grasa seis anos despois de comezar a traballar nun colexio privado, indica o tema: <i>Diario da clase de filosof\u00eda. <\/i>Pero o que o fai atraente \u00e9 o curr\u00edculo do autor: \u201cHace seis a\u00f1os le\u00ed en un peri\u00f3dico que se necesitaba <i>un fil\u00f3sofo<\/i>\u2026 pero\u00a0 nunca hab\u00eda pensado en dedicarme a la ense\u00f1anza, y menos de adolescentes\u201d. Quizais por iso, o libro cont\u00e9n, a xu\u00edzo do autor, erros, reiteraci\u00f3ns e contradici\u00f3ns, e non aporta unha soa idea orixinal. A\u00ednda as\u00ed, conv\u00e9n lelo (esteas ou non de acordo con el) porque o autor argumenta como o defensor da liberdade radical que di ser. E porque, noutro trazo decisivo do seu curr\u00edculo, non era pai e exerc\u00eda a autoridade por primeira vez.<!--more--> De a\u00ed ve\u00f1en os momentos m\u00e1is divertidos do libro. Como ese no que est\u00e1 dando unha clase sobre normas de vestiario e lle pide a unha alumna que saque de enriba da mesa a mochila. A moza s\u00e1caa e deixa ver unha camiseta excesivamente escotada. O lector, eu neste caso, tiven que levantar a vista do libro e facerme preguntas de gran calado filos\u00f3fico. Tapaba aquela mochila os peitos da moza para evitar que non fose amoestada (como dir\u00eda Hobbes) ou trataba de impedir que o profesor perdese a concentraci\u00f3n (como dir\u00eda Rousseau)? Era un atenuante ou un agravante, por aquilo da identificaci\u00f3n da \u00c9tica coa Est\u00e9tica, que a cor da mochila fose a xogo co sost\u00e9n da adolescente?<\/p>\n<p style=\"text-align: justify;\">\u00a0\u00a0\u00a0\u00a0 Hai algo sobre moitos presuntos fil\u00f3sofos que sempre me chamou a atenci\u00f3n. Cando falan en abstracto, parecen dominar con profundidade calquera tema. \u201cO car\u00e1cter fundamental da cousa, \u00e9 dicir, a determinaci\u00f3n esencial da cousidade da cousa de ser un isto concreto f\u00fandase na esencia do espazo e do tempo\u201d, e cousas as\u00ed. Pero cando un fillo lles fai unha pregunta concreta, \u00c9 importante a virxindade?, Como levarme ben con mam\u00e1?, Debo tomar marihuana?, pasan del, ou resp\u00f3ndenlle con t\u00f3picos e intereses mesqui\u00f1os, e non superan en perspicacia a un iletrado.<\/p>\n<p style=\"text-align: justify;\">\u00a0\u00a0\u00a0 \u00a0Ismael non \u00e9 desas persoas que leu moito pero non pensou nada: un escravo dos datos, as citas e a intertextualidade. Non sei canto leu, pero si que pensou moito, e que pensou andando, como ped\u00eda Arist\u00f3teles.<\/p>\n<figure id=\"attachment_477\" aria-describedby=\"caption-attachment-477\" style=\"width: 300px\" class=\"wp-caption alignright\"><a href=\"http:\/\/cafebarbantia.barbantia.es\/wp-content\/uploads\/2014\/02\/a-frecha-Ismael-Grasa.-Foto-Juan-Carlos-Arcos.jpg\"><img decoding=\"async\" loading=\"lazy\" class=\" wp-image-477 \" alt=\"Ismael Grasa. Foto, Juan Carlos Arcos\" src=\"http:\/\/cafebarbantia.barbantia.es\/wp-content\/uploads\/2014\/02\/a-frecha-Ismael-Grasa.-Foto-Juan-Carlos-Arcos-300x187.jpg\" width=\"300\" height=\"187\" srcset=\"http:\/\/cafebarbantia.barbantia.es\/wp-content\/uploads\/2014\/02\/a-frecha-Ismael-Grasa.-Foto-Juan-Carlos-Arcos-300x187.jpg 300w, http:\/\/cafebarbantia.barbantia.es\/wp-content\/uploads\/2014\/02\/a-frecha-Ismael-Grasa.-Foto-Juan-Carlos-Arcos.jpg 800w\" sizes=\"(max-width: 300px) 100vw, 300px\" \/><\/a><figcaption id=\"caption-attachment-477\" class=\"wp-caption-text\">Ismael Grasa. Foto, Juan Carlos Arcos<\/figcaption><\/figure>\n<p style=\"text-align: justify;\">Primeiro s\u00edntoma: escribe claro. Segundo: pensa tendo en conta como act\u00faa (sen cinismo, pero con iron\u00eda), a\u00ednda que non act\u00fae como pensa. Terceiro: ducias de frases como esta: \u201cUno de los alumnos me dice al salir: <i>De estas clases uno no saca nada en claro. <\/i>Yo le digo que conocer los l\u00edmites de nuestro saber es tambi\u00e9n un modo de saber\u201d.<\/p>\n<p style=\"text-align: justify;\">\u00a0\u00a0 \u00a0\u00a0Lendo este libro non aprend\u00edn nada, pero fixen un amigo.<\/p>\n","protected":false},"excerpt":{"rendered":"<p>X. Ricardo Losada. O subt\u00edtulo deste libro, escrito por I. Grasa seis anos despois de comezar a traballar nun colexio privado, indica o tema: Diario da clase de filosof\u00eda. Pero o que o fai atraente \u00e9 o curr\u00edculo do autor: \u201cHace seis a\u00f1os le\u00ed en un peri\u00f3dico que se necesitaba un fil\u00f3sofo\u2026 pero\u00a0 nunca hab\u00eda &hellip; <a href=\"http:\/\/cafebarbantia.barbantia.es\/?p=474\" class=\"more-link\">Seguir lendo <span class=\"screen-reader-text\">A frecha no aire, de Ismael Grasa<\/span> <span class=\"meta-nav\">&rarr;<\/span><\/a><\/p>\n","protected":false},"author":1,"featured_media":0,"comment_status":"open","ping_status":"closed","sticky":false,"template":"","format":"standard","meta":{"_bbp_topic_count":0,"_bbp_reply_count":0,"_bbp_total_topic_count":0,"_bbp_total_reply_count":0,"_bbp_voice_count":0,"_bbp_anonymous_reply_count":0,"_bbp_topic_count_hidden":0,"_bbp_reply_count_hidden":0,"_bbp_forum_subforum_count":0,"_exactmetrics_skip_tracking":false,"_exactmetrics_sitenote_active":false,"_exactmetrics_sitenote_note":"","_exactmetrics_sitenote_category":0,"_monsterinsights_skip_tracking":false,"_monsterinsights_sitenote_active":false,"_monsterinsights_sitenote_note":"","_monsterinsights_sitenote_category":0},"categories":[7,26],"tags":[],"aioseo_notices":[],"_links":{"self":[{"href":"http:\/\/cafebarbantia.barbantia.es\/index.php?rest_route=\/wp\/v2\/posts\/474"}],"collection":[{"href":"http:\/\/cafebarbantia.barbantia.es\/index.php?rest_route=\/wp\/v2\/posts"}],"about":[{"href":"http:\/\/cafebarbantia.barbantia.es\/index.php?rest_route=\/wp\/v2\/types\/post"}],"author":[{"embeddable":true,"href":"http:\/\/cafebarbantia.barbantia.es\/index.php?rest_route=\/wp\/v2\/users\/1"}],"replies":[{"embeddable":true,"href":"http:\/\/cafebarbantia.barbantia.es\/index.php?rest_route=%2Fwp%2Fv2%2Fcomments&post=474"}],"version-history":[{"count":7,"href":"http:\/\/cafebarbantia.barbantia.es\/index.php?rest_route=\/wp\/v2\/posts\/474\/revisions"}],"predecessor-version":[{"id":537,"href":"http:\/\/cafebarbantia.barbantia.es\/index.php?rest_route=\/wp\/v2\/posts\/474\/revisions\/537"}],"wp:attachment":[{"href":"http:\/\/cafebarbantia.barbantia.es\/index.php?rest_route=%2Fwp%2Fv2%2Fmedia&parent=474"}],"wp:term":[{"taxonomy":"category","embeddable":true,"href":"http:\/\/cafebarbantia.barbantia.es\/index.php?rest_route=%2Fwp%2Fv2%2Fcategories&post=474"},{"taxonomy":"post_tag","embeddable":true,"href":"http:\/\/cafebarbantia.barbantia.es\/index.php?rest_route=%2Fwp%2Fv2%2Ftags&post=474"}],"curies":[{"name":"wp","href":"https:\/\/api.w.org\/{rel}","templated":true}]}}