{"id":4760,"date":"2015-12-28T06:00:41","date_gmt":"2015-12-28T06:00:41","guid":{"rendered":"http:\/\/cafebarbantia.barbantia.es\/?p=4760"},"modified":"2015-12-21T19:53:14","modified_gmt":"2015-12-21T19:53:14","slug":"o-coitelo-de-pedra-fundida-un-relato-prehistorico","status":"publish","type":"post","link":"http:\/\/cafebarbantia.barbantia.es\/?p=4760","title":{"rendered":"O coitelo de pedra fundida, un relato prehist\u00f3rico"},"content":{"rendered":"<p itemprop=\"text\" style=\"text-align: justify;\"><em><strong><a href=\"http:\/\/cafebarbantia.barbantia.es\/wp-content\/uploads\/2015\/12\/coitelo.jpg\"><img decoding=\"async\" loading=\"lazy\" class=\"alignright size-medium wp-image-4761\" alt=\"coitelo\" src=\"http:\/\/cafebarbantia.barbantia.es\/wp-content\/uploads\/2015\/12\/coitelo-194x300.jpg\" width=\"194\" height=\"300\" srcset=\"http:\/\/cafebarbantia.barbantia.es\/wp-content\/uploads\/2015\/12\/coitelo-194x300.jpg 194w, http:\/\/cafebarbantia.barbantia.es\/wp-content\/uploads\/2015\/12\/coitelo.jpg 292w\" sizes=\"(max-width: 194px) 100vw, 194px\" \/><\/a>Rom\u00e1n Ar\u00e9n.\u00a0<\/strong><\/em>Francisco A. Vidal \u00e9 autor dunha ampla obra narrativa varias veces premiada e que agora nos ofrece unha novela curta ambientada na prehistoria galega, nin de todo relato \u00abhist\u00f3rico\u00bb nin costumista. Unha viaxe en tempos remotos, real e metaf\u00f3rica, na procura da verdade, que xa se int\u00fae dende os paratextos (citas de Unamuno e Mahgug), o que nos leva dalg\u00fan xeito a unha novela de tese, que trata de relixi\u00f3n, de fe&#8230; Unha novela anticlerical? En certa medida si, porque a conclusi\u00f3n que se tira \u00e9 que son os mediadores coa divindade os culpables dos males do protagonista, da s\u00faa aldea e, por extensi\u00f3n, da humanidade; aqueles que manipulan os medos, as arelas e a vida dos que din protexer, os que queren dominalos e non axudalos.<!--more--><\/p>\n<p itemprop=\"text\" style=\"text-align: justify;\">Otiza perde o seu fillo, asasinado cando tentaba librar a s\u00faa aldea do ser, desco\u00f1ecido (humano?, fera?) que os roubaba e, desacougado e doente, quere viaxar ao monte no que reside o deus para que lle dea resposta \u00e1 s\u00faa anguria. E nesa viaxe sente que o perseguen, unha sombra, o medo que o non deixa rubir \u00e1 monta\u00f1a con paz. E \u00e9 nese medo onde se fai preguntas no que reside, para min o m\u00e1is logrado da novela.<\/p>\n<p itemprop=\"text\" style=\"text-align: justify;\">Ambientada no abrente da Idade de Ferro, a relixi\u00f3n como poder, a rebeli\u00f3n como co\u00f1ecemento. A necesidade de saber fronte ao terror.<\/p>\n","protected":false},"excerpt":{"rendered":"<p>Rom\u00e1n Ar\u00e9n.\u00a0Francisco A. Vidal \u00e9 autor dunha ampla obra narrativa varias veces premiada e que agora nos ofrece unha novela curta ambientada na prehistoria galega, nin de todo relato \u00abhist\u00f3rico\u00bb nin costumista. Unha viaxe en tempos remotos, real e metaf\u00f3rica, na procura da verdade, que xa se int\u00fae dende os paratextos (citas de Unamuno e &hellip; <a href=\"http:\/\/cafebarbantia.barbantia.es\/?p=4760\" class=\"more-link\">Seguir lendo <span class=\"screen-reader-text\">O coitelo de pedra fundida, un relato prehist\u00f3rico<\/span> <span class=\"meta-nav\">&rarr;<\/span><\/a><\/p>\n","protected":false},"author":1,"featured_media":0,"comment_status":"open","ping_status":"closed","sticky":false,"template":"","format":"standard","meta":{"_bbp_topic_count":0,"_bbp_reply_count":0,"_bbp_total_topic_count":0,"_bbp_total_reply_count":0,"_bbp_voice_count":0,"_bbp_anonymous_reply_count":0,"_bbp_topic_count_hidden":0,"_bbp_reply_count_hidden":0,"_bbp_forum_subforum_count":0,"_exactmetrics_skip_tracking":false,"_exactmetrics_sitenote_active":false,"_exactmetrics_sitenote_note":"","_exactmetrics_sitenote_category":0,"_monsterinsights_skip_tracking":false,"_monsterinsights_sitenote_active":false,"_monsterinsights_sitenote_note":"","_monsterinsights_sitenote_category":0},"categories":[9,28],"tags":[],"aioseo_notices":[],"_links":{"self":[{"href":"http:\/\/cafebarbantia.barbantia.es\/index.php?rest_route=\/wp\/v2\/posts\/4760"}],"collection":[{"href":"http:\/\/cafebarbantia.barbantia.es\/index.php?rest_route=\/wp\/v2\/posts"}],"about":[{"href":"http:\/\/cafebarbantia.barbantia.es\/index.php?rest_route=\/wp\/v2\/types\/post"}],"author":[{"embeddable":true,"href":"http:\/\/cafebarbantia.barbantia.es\/index.php?rest_route=\/wp\/v2\/users\/1"}],"replies":[{"embeddable":true,"href":"http:\/\/cafebarbantia.barbantia.es\/index.php?rest_route=%2Fwp%2Fv2%2Fcomments&post=4760"}],"version-history":[{"count":1,"href":"http:\/\/cafebarbantia.barbantia.es\/index.php?rest_route=\/wp\/v2\/posts\/4760\/revisions"}],"predecessor-version":[{"id":4762,"href":"http:\/\/cafebarbantia.barbantia.es\/index.php?rest_route=\/wp\/v2\/posts\/4760\/revisions\/4762"}],"wp:attachment":[{"href":"http:\/\/cafebarbantia.barbantia.es\/index.php?rest_route=%2Fwp%2Fv2%2Fmedia&parent=4760"}],"wp:term":[{"taxonomy":"category","embeddable":true,"href":"http:\/\/cafebarbantia.barbantia.es\/index.php?rest_route=%2Fwp%2Fv2%2Fcategories&post=4760"},{"taxonomy":"post_tag","embeddable":true,"href":"http:\/\/cafebarbantia.barbantia.es\/index.php?rest_route=%2Fwp%2Fv2%2Ftags&post=4760"}],"curies":[{"name":"wp","href":"https:\/\/api.w.org\/{rel}","templated":true}]}}