{"id":4767,"date":"2016-01-19T06:00:53","date_gmt":"2016-01-19T06:00:53","guid":{"rendered":"http:\/\/cafebarbantia.barbantia.es\/?p=4767"},"modified":"2016-01-12T20:31:37","modified_gmt":"2016-01-12T20:31:37","slug":"o-realismo-de-xoan-fernandez","status":"publish","type":"post","link":"http:\/\/cafebarbantia.barbantia.es\/?p=4767","title":{"rendered":"O realismo de Xo\u00e1n Fern\u00e1ndez"},"content":{"rendered":"<figure id=\"attachment_4768\" aria-describedby=\"caption-attachment-4768\" style=\"width: 300px\" class=\"wp-caption alignright\"><a href=\"http:\/\/cafebarbantia.barbantia.es\/wp-content\/uploads\/2015\/12\/xoan.jpg\"><img decoding=\"async\" loading=\"lazy\" class=\"size-medium wp-image-4768 \" alt=\"\u00abCouso II\u00bb est\u00e1 exposto no Liceo Mar\u00edtimo de Ribeira Foto C. QUEIJEIRO\" src=\"http:\/\/cafebarbantia.barbantia.es\/wp-content\/uploads\/2015\/12\/xoan-300x191.jpg\" width=\"300\" height=\"191\" srcset=\"http:\/\/cafebarbantia.barbantia.es\/wp-content\/uploads\/2015\/12\/xoan-300x191.jpg 300w, http:\/\/cafebarbantia.barbantia.es\/wp-content\/uploads\/2015\/12\/xoan-900x573.jpg 900w, http:\/\/cafebarbantia.barbantia.es\/wp-content\/uploads\/2015\/12\/xoan.jpg 980w\" sizes=\"(max-width: 300px) 100vw, 300px\" \/><\/a><figcaption id=\"caption-attachment-4768\" class=\"wp-caption-text\">\u00abCouso II\u00bb est\u00e1 exposto no Liceo Mar\u00edtimo de Ribeira Foto C. QUEIJEIRO<\/figcaption><\/figure>\n<p itemprop=\"text\" style=\"text-align: justify;\"><em><strong>Antonio Pi\u00f1eiro.\u00a0<\/strong><\/em>Calquera que te\u00f1a algunha vez probado as dificultades t\u00e9cnicas de se achegar ao realismo de Xo\u00e1n Fern\u00e1ndez poder\u00e1 dicir que nalg\u00fan intre do proceso foi consciente de que a meirande dificultade non \u00e9 a do manexo dos medios, nin dos enfoques, nin dos materiais, nin das mesturas, sen\u00f3n que \u00e9 unha cuesti\u00f3n de vista. De vista de ollada, non de visi\u00f3n.<!--more--> Vela\u00ed un dos eidos nos que se poder\u00eda falar dunha predisposici\u00f3n, dun talento (na s\u00faa forma natural) ao que a certos artistas lles \u00e9 m\u00e1is doado chegar. Vela\u00ed tam\u00e9n un factor da escolla da linguaxe persoal, da tem\u00e1tica, do ton. Iso, que na pintura xa \u00e9 complicado, multiplica a dificultade se se trata de debuxo.<\/p>\n<p itemprop=\"text\" style=\"text-align: justify;\">Xo\u00e1n Fern\u00e1ndez exp\u00f3n nestes d\u00edas unha colecci\u00f3n dos seus no Liceo Mar\u00edtimo de Ribeira. Unha exposici\u00f3n, m\u00e1is al\u00f3 desa habelencia t\u00e9cnica, chea de significados. Inabarcable neste pouco espazo. Por iso coll\u00edn coma referencia este\u00a0<i>Couso II<\/i>, un conxunto de miolos de pedra que Xo\u00e1n debuxou quizais coma abraio ou arrep\u00edo diante do insondable (as formas caprichosas do cantil galego te\u00f1en vida, nome, lenda, son, corpo e \u00e1nima), quizais coma reflexi\u00f3n sobre o tempo, quizais coma textura do desconcerto, ou quizais coma idea (misterio) do caos.<\/p>\n<p itemprop=\"text\" style=\"text-align: justify;\">Insisto en que tampouco podo, a partir desta primeira an\u00e1lise, abarcar toda a forza aleg\u00f3rica que Xo\u00e1n nos d\u00e1. Quedo con outros tres, agardando que vostedes pasen e vexan o resto. Un, o\u00a0<i>Retrato de Manuel<\/i>, eses ollos planetarios nos que o l\u00edmite cara a f\u00f3ra sent\u00edmolo en n\u00f3s, pero cara a dentro sent\u00edmolo no infinito. Xo\u00e1n liga iso \u00e1 imaxe dun raparigo, dun ser que, precisamente sobre ese infinito, medra e dinos que nada remata.<\/p>\n<p itemprop=\"text\" style=\"text-align: justify;\">Ou outro retrato: o\u00a0<i>Autorretrato en Rotterdam<\/i>, con esa sorte de ollo de vidro castelao e saudoso, con eses brazos cruzados intu\u00edbles (aleg\u00f3rica imaxe da espera), ese taz\u00f3n de caf\u00e9 e esa froita partida pola metade. Todo un conxunto de simbolismos polo que sentimos e reco\u00f1ecemos esa intelixent\u00edsima ollada.<\/p>\n<p itemprop=\"text\" style=\"text-align: justify;\">Qu\u00e9rome deter, por \u00faltimo, na percepci\u00f3n do intre, o instante da paisaxe detida e borbori\u00f1adora que hai no\u00a0<i>Arousa<\/i>. Calquera ribeir\u00e1n poder\u00eda describir o momento preciso, o que latexa nesa paisaxe do mar contra o medio d\u00eda ou a primeira tarde, a paisaxe que cala, que tam\u00e9n semella agardar, no mar chairego, coma cami\u00f1able, do que abrollan, mansos paquidermos, a Insua ou R\u00faa, os co\u00eddos cos que comezabamos.<\/p>\n<p itemprop=\"text\" style=\"text-align: justify;\">Precisamente, nesta sala escollida para a mostra (seguro que instintiva ou inconscientemente adrede), no Liceo Mar\u00edtimo de Ribeira, temos a atalaia privilexiada da visi\u00f3n: a dos ventanais ao peirao e ao mar da Arousa. Pasen, disfruten al\u00ed este\u00a0<i>Couso\u00a0<\/i>de Xo\u00e1n Fern\u00e1ndez, e tomen un caf\u00e9 nunha das mesas que miran o mar, enriba da Arousa. Os significados e as sensaci\u00f3ns chegar\u00e1n doadamente.<\/p>\n","protected":false},"excerpt":{"rendered":"<p>Antonio Pi\u00f1eiro.\u00a0Calquera que te\u00f1a algunha vez probado as dificultades t\u00e9cnicas de se achegar ao realismo de Xo\u00e1n Fern\u00e1ndez poder\u00e1 dicir que nalg\u00fan intre do proceso foi consciente de que a meirande dificultade non \u00e9 a do manexo dos medios, nin dos enfoques, nin dos materiais, nin das mesturas, sen\u00f3n que \u00e9 unha cuesti\u00f3n de vista. &hellip; <a href=\"http:\/\/cafebarbantia.barbantia.es\/?p=4767\" class=\"more-link\">Seguir lendo <span class=\"screen-reader-text\">O realismo de Xo\u00e1n Fern\u00e1ndez<\/span> <span class=\"meta-nav\">&rarr;<\/span><\/a><\/p>\n","protected":false},"author":1,"featured_media":0,"comment_status":"open","ping_status":"closed","sticky":false,"template":"","format":"standard","meta":{"_bbp_topic_count":0,"_bbp_reply_count":0,"_bbp_total_topic_count":0,"_bbp_total_reply_count":0,"_bbp_voice_count":0,"_bbp_anonymous_reply_count":0,"_bbp_topic_count_hidden":0,"_bbp_reply_count_hidden":0,"_bbp_forum_subforum_count":0,"_exactmetrics_skip_tracking":false,"_exactmetrics_sitenote_active":false,"_exactmetrics_sitenote_note":"","_exactmetrics_sitenote_category":0,"_monsterinsights_skip_tracking":false,"_monsterinsights_sitenote_active":false,"_monsterinsights_sitenote_note":"","_monsterinsights_sitenote_category":0},"categories":[35,4],"tags":[],"aioseo_notices":[],"_links":{"self":[{"href":"http:\/\/cafebarbantia.barbantia.es\/index.php?rest_route=\/wp\/v2\/posts\/4767"}],"collection":[{"href":"http:\/\/cafebarbantia.barbantia.es\/index.php?rest_route=\/wp\/v2\/posts"}],"about":[{"href":"http:\/\/cafebarbantia.barbantia.es\/index.php?rest_route=\/wp\/v2\/types\/post"}],"author":[{"embeddable":true,"href":"http:\/\/cafebarbantia.barbantia.es\/index.php?rest_route=\/wp\/v2\/users\/1"}],"replies":[{"embeddable":true,"href":"http:\/\/cafebarbantia.barbantia.es\/index.php?rest_route=%2Fwp%2Fv2%2Fcomments&post=4767"}],"version-history":[{"count":3,"href":"http:\/\/cafebarbantia.barbantia.es\/index.php?rest_route=\/wp\/v2\/posts\/4767\/revisions"}],"predecessor-version":[{"id":4972,"href":"http:\/\/cafebarbantia.barbantia.es\/index.php?rest_route=\/wp\/v2\/posts\/4767\/revisions\/4972"}],"wp:attachment":[{"href":"http:\/\/cafebarbantia.barbantia.es\/index.php?rest_route=%2Fwp%2Fv2%2Fmedia&parent=4767"}],"wp:term":[{"taxonomy":"category","embeddable":true,"href":"http:\/\/cafebarbantia.barbantia.es\/index.php?rest_route=%2Fwp%2Fv2%2Fcategories&post=4767"},{"taxonomy":"post_tag","embeddable":true,"href":"http:\/\/cafebarbantia.barbantia.es\/index.php?rest_route=%2Fwp%2Fv2%2Ftags&post=4767"}],"curies":[{"name":"wp","href":"https:\/\/api.w.org\/{rel}","templated":true}]}}