{"id":4817,"date":"2015-12-30T06:00:28","date_gmt":"2015-12-30T06:00:28","guid":{"rendered":"http:\/\/cafebarbantia.barbantia.es\/?p=4817"},"modified":"2015-12-23T11:33:26","modified_gmt":"2015-12-23T11:33:26","slug":"epicuro-non-matara-a-meu-irman","status":"publish","type":"post","link":"http:\/\/cafebarbantia.barbantia.es\/?p=4817","title":{"rendered":"Epicuro non matar\u00e1 a meu irm\u00e1n"},"content":{"rendered":"<p style=\"text-align: justify;\"><em><strong><a href=\"http:\/\/cafebarbantia.barbantia.es\/wp-content\/uploads\/2015\/12\/ni\u00f1o.jpg\"><img decoding=\"async\" loading=\"lazy\" class=\"alignright size-medium wp-image-4819\" alt=\"ni\u00f1o\" src=\"http:\/\/cafebarbantia.barbantia.es\/wp-content\/uploads\/2015\/12\/ni\u00f1o-300x168.jpg\" width=\"300\" height=\"168\" srcset=\"http:\/\/cafebarbantia.barbantia.es\/wp-content\/uploads\/2015\/12\/ni\u00f1o-300x168.jpg 300w, http:\/\/cafebarbantia.barbantia.es\/wp-content\/uploads\/2015\/12\/ni\u00f1o.jpg 630w\" sizes=\"(max-width: 300px) 100vw, 300px\" \/><\/a>X. Ricardo Losada. <\/strong>(<\/em><i>Rezar quenta o coraz\u00f3n<\/i>.\u00a0\u00c1lvaro Cunqueiro).\u00a0Meu irm\u00e1n morreu con 57 anos por un cancro fulminante. O venres pasado celebramos o cabo de ano. Cando \u00eda para a igrexa o\u00edn ao lonxe as camp\u00e1s e recordei algo que dic\u00eda Nietzsche e que acababa de ler no libro de Emmanuel Carr\u00e8re <i>O reino: <\/i>\u201cCando unha ma\u00f1\u00e1 de domingo o\u00edmos repicar as vellas camp\u00e1s, pregunt\u00e1monos: \u00e9 posible?<!--more--> Isto faise por un xudeu crucificado hai dous mil anos, que dic\u00eda que era Fillo de Deus, sen que se puidese comprobar semellante afirmaci\u00f3n\u201d. Nietzsche estra\u00f1\u00e1base de que a\u00ednda na s\u00faa \u00e9poca se crese nun Deus que xerara un fillo cunha muller mortal, que invitaba os disc\u00edpulos a beber sangue, que fac\u00eda milagres, que resucitara e resucitaba os mortos, que perdoaba pecados cometidos contra el, que mandaba p\u00f3r a outra meixela se nos pegaban, que lles prohib\u00eda entrar no ceo aos ricos. <a href=\"http:\/\/cafebarbantia.barbantia.es\/wp-content\/uploads\/2015\/12\/el-reino.jpg\"><img decoding=\"async\" loading=\"lazy\" class=\"alignleft  wp-image-4820\" alt=\"El_reino_CobA.indd\" src=\"http:\/\/cafebarbantia.barbantia.es\/wp-content\/uploads\/2015\/12\/el-reino.jpg\" width=\"200\" height=\"312\" \/><\/a>Eu sempre aceptara (e sigo aceptando) esas palabras de Nietzsche como mostras da mi\u00f1a propia estra\u00f1eza, pero cando as lin no libro de Carr\u00e9re aquela tarde, molest\u00e1ronme, e pechei o libro.<\/p>\n<p style=\"text-align: justify;\">\u00a0\u00a0\u00a0\u00a0 Foi ao entrar na igrexa cando comprend\u00edn por que me molestaran. Parec\u00edanme unha falta de respecto a aqueles familiares, amigos e veci\u00f1os que se reun\u00edan comigo na igrexa de Rianxo para recordar a meu irm\u00e1n. A\u00ednda que non son unha persoa crente, emocion\u00e1bame estar con todos eles naquel momento e naquel lugar, por moito que soubese que hab\u00eda algo protocolario no ambiente. A\u00ednda as\u00ed mentir\u00eda se definise esa emoci\u00f3n como tristeza. O d\u00eda do enterro si estivera triste, pero ese d\u00eda do cabo de ano non pod\u00eda dicir o mesmo. Ou, cando menos, era outro tipo de tristeza. Non me preguntedes a diferenza, non saber\u00eda explicala. S\u00f3 podo dicir que cando o\u00eda a voz cansada e rutineira do crego, segu\u00eda con respecto pero sen vinculaci\u00f3n espiritual a misa. Por\u00e9n cando a solista tocaba e cantaba, aquela m\u00fasica sacra elev\u00e1bame espiritualmente no silencio da igrexa, na emoci\u00f3n contida e sincera de todos os presentes, e sent\u00eda que meu irm\u00e1n estaba nun lugar fermoso e puro, tan puro que incluso as impurezas e vicios e pecados que puidese cometer na vida eran virtuosos.<\/p>\n<p style=\"text-align: justify;\">\u00a0\u00a0\u00a0\u00a0 Ao chegar \u00e1 casa, e sentarme no meu estudio a ler, recordei o que dic\u00eda o fil\u00f3sofo grego e ateo Epicuro sobre a morte. \u00c9 absurdo que nos preocupe porque cando estamos n\u00f3s, non est\u00e1 ela, e cando est\u00e1 ela, non estamos n\u00f3s. N\u00f3s e a morte nunca coincidimos. \u00c9 un deses pensamentos que cando les de mozo parece sublime, pero que, de vello, ou cando perdes un ser querido, rev\u00e9lase como un xogo de palabras baleiro e truculento, mesmo inhumano. Que \u00e9 iso de que nunca coincidimos coa morte? Nunca esquecerei a mirada de meu irm\u00e1n aqueles \u00faltimos quince d\u00edas. <a href=\"http:\/\/cafebarbantia.barbantia.es\/wp-content\/uploads\/2015\/12\/cantando.jpg\"><img decoding=\"async\" loading=\"lazy\" class=\"alignright size-medium wp-image-4821\" alt=\"Annie Packard\" src=\"http:\/\/cafebarbantia.barbantia.es\/wp-content\/uploads\/2015\/12\/cantando-300x193.jpg\" width=\"300\" height=\"193\" srcset=\"http:\/\/cafebarbantia.barbantia.es\/wp-content\/uploads\/2015\/12\/cantando-300x193.jpg 300w, http:\/\/cafebarbantia.barbantia.es\/wp-content\/uploads\/2015\/12\/cantando-1024x658.jpg 1024w, http:\/\/cafebarbantia.barbantia.es\/wp-content\/uploads\/2015\/12\/cantando-900x579.jpg 900w, http:\/\/cafebarbantia.barbantia.es\/wp-content\/uploads\/2015\/12\/cantando.jpg 1200w\" sizes=\"(max-width: 300px) 100vw, 300px\" \/><\/a>Unha mirada triste pero m\u00e1is familiar que nunca, e digna, moi digna, porque, ao contrario do que pensaba Epicuro, el conviviu coa morte, e soubo facerlle fronte para que n\u00f3s, os familiares, tam\u00e9n soub\u00e9semos, pois toda a familia conviviu, a trav\u00e9s del, coa morte. Direi m\u00e1is. Un ano despois seguimos t\u00e9ndoa presente. \u00c9 unha brisa fr\u00eda, como un aura espectral, que nos rodea imperceptiblemente e que temos que superar a cot\u00edo para seguir adiante. Unha brisa fr\u00eda que ideas como as de Epicuro e Nietzsche nunca conseguir\u00e1n quentar, pero si a voz daquela solista que cantaba no cabo de ano de meu irm\u00e1n e que me fixo recordar que, naquela mesma igrexa, durante os remotos anos da mi\u00f1a nenez, cando ti\u00f1a a inocencia dun querub\u00edn e a ignorancia dun bruto, falei con Deus.<\/p>\n","protected":false},"excerpt":{"rendered":"<p>X. Ricardo Losada. (Rezar quenta o coraz\u00f3n.\u00a0\u00c1lvaro Cunqueiro).\u00a0Meu irm\u00e1n morreu con 57 anos por un cancro fulminante. O venres pasado celebramos o cabo de ano. Cando \u00eda para a igrexa o\u00edn ao lonxe as camp\u00e1s e recordei algo que dic\u00eda Nietzsche e que acababa de ler no libro de Emmanuel Carr\u00e8re O reino: \u201cCando unha &hellip; <a href=\"http:\/\/cafebarbantia.barbantia.es\/?p=4817\" class=\"more-link\">Seguir lendo <span class=\"screen-reader-text\">Epicuro non matar\u00e1 a meu irm\u00e1n<\/span> <span class=\"meta-nav\">&rarr;<\/span><\/a><\/p>\n","protected":false},"author":1,"featured_media":0,"comment_status":"open","ping_status":"closed","sticky":false,"template":"","format":"standard","meta":{"_bbp_topic_count":0,"_bbp_reply_count":0,"_bbp_total_topic_count":0,"_bbp_total_reply_count":0,"_bbp_voice_count":0,"_bbp_anonymous_reply_count":0,"_bbp_topic_count_hidden":0,"_bbp_reply_count_hidden":0,"_bbp_forum_subforum_count":0,"_exactmetrics_skip_tracking":false,"_exactmetrics_sitenote_active":false,"_exactmetrics_sitenote_note":"","_exactmetrics_sitenote_category":0,"_monsterinsights_skip_tracking":false,"_monsterinsights_sitenote_active":false,"_monsterinsights_sitenote_note":"","_monsterinsights_sitenote_category":0},"categories":[7,9,26],"tags":[],"aioseo_notices":[],"_links":{"self":[{"href":"http:\/\/cafebarbantia.barbantia.es\/index.php?rest_route=\/wp\/v2\/posts\/4817"}],"collection":[{"href":"http:\/\/cafebarbantia.barbantia.es\/index.php?rest_route=\/wp\/v2\/posts"}],"about":[{"href":"http:\/\/cafebarbantia.barbantia.es\/index.php?rest_route=\/wp\/v2\/types\/post"}],"author":[{"embeddable":true,"href":"http:\/\/cafebarbantia.barbantia.es\/index.php?rest_route=\/wp\/v2\/users\/1"}],"replies":[{"embeddable":true,"href":"http:\/\/cafebarbantia.barbantia.es\/index.php?rest_route=%2Fwp%2Fv2%2Fcomments&post=4817"}],"version-history":[{"count":2,"href":"http:\/\/cafebarbantia.barbantia.es\/index.php?rest_route=\/wp\/v2\/posts\/4817\/revisions"}],"predecessor-version":[{"id":4822,"href":"http:\/\/cafebarbantia.barbantia.es\/index.php?rest_route=\/wp\/v2\/posts\/4817\/revisions\/4822"}],"wp:attachment":[{"href":"http:\/\/cafebarbantia.barbantia.es\/index.php?rest_route=%2Fwp%2Fv2%2Fmedia&parent=4817"}],"wp:term":[{"taxonomy":"category","embeddable":true,"href":"http:\/\/cafebarbantia.barbantia.es\/index.php?rest_route=%2Fwp%2Fv2%2Fcategories&post=4817"},{"taxonomy":"post_tag","embeddable":true,"href":"http:\/\/cafebarbantia.barbantia.es\/index.php?rest_route=%2Fwp%2Fv2%2Ftags&post=4817"}],"curies":[{"name":"wp","href":"https:\/\/api.w.org\/{rel}","templated":true}]}}