{"id":4829,"date":"2016-01-11T06:00:35","date_gmt":"2016-01-11T06:00:35","guid":{"rendered":"http:\/\/cafebarbantia.barbantia.es\/?p=4829"},"modified":"2016-01-07T11:49:22","modified_gmt":"2016-01-07T11:49:22","slug":"galicia-e-os-galegos-na-poesia-castela-xxxi-jose-bergamin","status":"publish","type":"post","link":"http:\/\/cafebarbantia.barbantia.es\/?p=4829","title":{"rendered":"Galicia e os galegos na poes\u00eda castel\u00e1 XXXII. Jos\u00e9 Bergam\u00edn"},"content":{"rendered":"<p style=\"text-align: justify;\"><b><i><a href=\"http:\/\/cafebarbantia.barbantia.es\/wp-content\/uploads\/2015\/12\/bergamin.jpg\"><img decoding=\"async\" loading=\"lazy\" class=\"alignright size-medium wp-image-4831\" style=\"border: 1px solid black;\" alt=\"bergamin\" src=\"http:\/\/cafebarbantia.barbantia.es\/wp-content\/uploads\/2015\/12\/bergamin-198x300.jpg\" width=\"198\" height=\"300\" srcset=\"http:\/\/cafebarbantia.barbantia.es\/wp-content\/uploads\/2015\/12\/bergamin-198x300.jpg 198w, http:\/\/cafebarbantia.barbantia.es\/wp-content\/uploads\/2015\/12\/bergamin.jpg 308w\" sizes=\"(max-width: 198px) 100vw, 198px\" \/><\/a>Rom\u00e1n Ar\u00e9n. <\/i><\/b>Que ser tan extraordinario e contraditorio foi Bergam\u00edn (1895-1983)! Cat\u00f3lico fervente, aliando dos comunistas na guerra civil, atrib\u00faeselle a famosa frase \u201ccos comunistas ata a morte; nin un paso m\u00e1is\u201d. Ao final da s\u00faa vida, morreu en Donosti, foi partidario de Herri Batasuna. \u00c9, probablemente, o autor dos mellores aforismos do castel\u00e1n, que logo foi moi imitado, a partir de <i>El cohete y la estrella <\/i>(1923), a\u00ednda lembro abraiado o primeiro libro seu que lin, <i>El clavo ardiendo<\/i>; creo que, con Juan Larrea, ese gran poeta espa\u00f1ol en franc\u00e9s, foi o membro m\u00e1is orixinal da Xeraci\u00f3n do 27. A s\u00faa revista &lt;Cruz y Raya&gt; (1933-1936), fundamental na cultura republicana, logrou unir comunistas e falanxistas.<!--more--> Foi tam\u00e9n interesante dramaturgo (<i>Enemigo que huye, <\/i>1927), creador da editorial S\u00e9neca no exilio e moi bo poeta, a s\u00faa actividade menos co\u00f1ecida, que cultivou, sobre todo, nos anos finais.<\/p>\n<p style=\"text-align: justify;\">Era fillo dun ministro de Afonso XIII, irm\u00e1n dun gran arquitecto, Rafael, e cu\u00f1ado de outro, Carlos Arniches, pois casara coa filla do famoso sainetista. Amigo de Falla, autor de libretos de ballet (<i>Don Sindo de Almer\u00eda<\/i>), de Alberti, foi coa Rep\u00fablica Director Xeral de Acci\u00f3n Social Agraria e o principal impulsor da Alianza de Intelectuais Antifascistas para a Defensa da Cultura. A s\u00faa vinculaci\u00f3n con Galicia veulle por publicar na revista &lt;Alfar&gt; e pola amizade con Lorenzo Varela, a quen dedicou o soneto \u201cA Lorenzo Varela, poeta galaico, inolvidable amigo\u201d:<\/p>\n<p style=\"text-align: justify;\">\u00a1Qu\u00e9 in\u00fatil esperar desesperante!\/\u00bfEsperar qu\u00e9? Si la esperanza es vana.\/Hoy es ayer y ayer ser\u00e1 ma\u00f1ana.\/Volver atr\u00e1s es ir hacia delante.\/Todo pende y depende del instante:\/del momento fugaz en que se gana\/y se pierde, sin fin, la vida humana\/por ser esa huida temporal constante.\/Lo que dej\u00f3 de ser sin haber sido\/volver\u00e1 a ser como si no lo fuera\/d\u00e1ndose en lo ganado por perdido.\/Y en tan veloz como mortal carrera\/morir es desvivir lo no vivido:\/vivir desesperar lo que se espera.<\/p>\n<p style=\"text-align: justify;\">O poema figura no volume <i>Poes\u00eda <\/i>de Lorenzo Varela, publicado \u00e1 morte do autor.<\/p>\n","protected":false},"excerpt":{"rendered":"<p>Rom\u00e1n Ar\u00e9n. Que ser tan extraordinario e contraditorio foi Bergam\u00edn (1895-1983)! Cat\u00f3lico fervente, aliando dos comunistas na guerra civil, atrib\u00faeselle a famosa frase \u201ccos comunistas ata a morte; nin un paso m\u00e1is\u201d. Ao final da s\u00faa vida, morreu en Donosti, foi partidario de Herri Batasuna. \u00c9, probablemente, o autor dos mellores aforismos do castel\u00e1n, que &hellip; <a href=\"http:\/\/cafebarbantia.barbantia.es\/?p=4829\" class=\"more-link\">Seguir lendo <span class=\"screen-reader-text\">Galicia e os galegos na poes\u00eda castel\u00e1 XXXII. Jos\u00e9 Bergam\u00edn<\/span> <span class=\"meta-nav\">&rarr;<\/span><\/a><\/p>\n","protected":false},"author":1,"featured_media":0,"comment_status":"open","ping_status":"closed","sticky":false,"template":"","format":"standard","meta":{"_bbp_topic_count":0,"_bbp_reply_count":0,"_bbp_total_topic_count":0,"_bbp_total_reply_count":0,"_bbp_voice_count":0,"_bbp_anonymous_reply_count":0,"_bbp_topic_count_hidden":0,"_bbp_reply_count_hidden":0,"_bbp_forum_subforum_count":0,"_exactmetrics_skip_tracking":false,"_exactmetrics_sitenote_active":false,"_exactmetrics_sitenote_note":"","_exactmetrics_sitenote_category":0,"_monsterinsights_skip_tracking":false,"_monsterinsights_sitenote_active":false,"_monsterinsights_sitenote_note":"","_monsterinsights_sitenote_category":0},"categories":[7,10,28],"tags":[],"aioseo_notices":[],"_links":{"self":[{"href":"http:\/\/cafebarbantia.barbantia.es\/index.php?rest_route=\/wp\/v2\/posts\/4829"}],"collection":[{"href":"http:\/\/cafebarbantia.barbantia.es\/index.php?rest_route=\/wp\/v2\/posts"}],"about":[{"href":"http:\/\/cafebarbantia.barbantia.es\/index.php?rest_route=\/wp\/v2\/types\/post"}],"author":[{"embeddable":true,"href":"http:\/\/cafebarbantia.barbantia.es\/index.php?rest_route=\/wp\/v2\/users\/1"}],"replies":[{"embeddable":true,"href":"http:\/\/cafebarbantia.barbantia.es\/index.php?rest_route=%2Fwp%2Fv2%2Fcomments&post=4829"}],"version-history":[{"count":3,"href":"http:\/\/cafebarbantia.barbantia.es\/index.php?rest_route=\/wp\/v2\/posts\/4829\/revisions"}],"predecessor-version":[{"id":4874,"href":"http:\/\/cafebarbantia.barbantia.es\/index.php?rest_route=\/wp\/v2\/posts\/4829\/revisions\/4874"}],"wp:attachment":[{"href":"http:\/\/cafebarbantia.barbantia.es\/index.php?rest_route=%2Fwp%2Fv2%2Fmedia&parent=4829"}],"wp:term":[{"taxonomy":"category","embeddable":true,"href":"http:\/\/cafebarbantia.barbantia.es\/index.php?rest_route=%2Fwp%2Fv2%2Fcategories&post=4829"},{"taxonomy":"post_tag","embeddable":true,"href":"http:\/\/cafebarbantia.barbantia.es\/index.php?rest_route=%2Fwp%2Fv2%2Ftags&post=4829"}],"curies":[{"name":"wp","href":"https:\/\/api.w.org\/{rel}","templated":true}]}}