{"id":4889,"date":"2016-01-22T06:00:19","date_gmt":"2016-01-22T06:00:19","guid":{"rendered":"http:\/\/cafebarbantia.barbantia.es\/?p=4889"},"modified":"2016-01-21T10:11:39","modified_gmt":"2016-01-21T10:11:39","slug":"un-cesto-de-mazas-de-montse-fajardo","status":"publish","type":"post","link":"http:\/\/cafebarbantia.barbantia.es\/?p=4889","title":{"rendered":"Un cesto de maz\u00e1s, de Montse Fajardo"},"content":{"rendered":"<p style=\"text-align: justify;\"><a href=\"http:\/\/cafebarbantia.barbantia.es\/wp-content\/uploads\/2016\/01\/cesto.jpg\"><img decoding=\"async\" loading=\"lazy\" class=\"alignleft size-medium wp-image-4890\" alt=\"cesto\" src=\"http:\/\/cafebarbantia.barbantia.es\/wp-content\/uploads\/2016\/01\/cesto-194x300.jpg\" width=\"194\" height=\"300\" srcset=\"http:\/\/cafebarbantia.barbantia.es\/wp-content\/uploads\/2016\/01\/cesto-194x300.jpg 194w, http:\/\/cafebarbantia.barbantia.es\/wp-content\/uploads\/2016\/01\/cesto-663x1024.jpg 663w, http:\/\/cafebarbantia.barbantia.es\/wp-content\/uploads\/2016\/01\/cesto-900x1388.jpg 900w, http:\/\/cafebarbantia.barbantia.es\/wp-content\/uploads\/2016\/01\/cesto.jpg 1200w\" sizes=\"(max-width: 194px) 100vw, 194px\" \/><\/a><em><strong>Xerardo AgraFoxo.\u00a0<\/strong><\/em>Hai uns anos un amigo pediume axuda porque quer\u00eda escribir un libro onde se palpara o horror. Nese intre vi\u00f1\u00e9ronme \u00e1 cabeza alg\u00fans dos autores cl\u00e1sicos do x\u00e9nero, como Allan Poe, Lovecraft, Thomas Harris ou Ray Bradbury. Seguro que nalg\u00fans contos destes escritores atopar\u00eda algo interesante. Pero desbotei a idea porque me lembrei dunha obra que lera por ent\u00f3n: <i>GULAG,<\/i>\u00a0 de Anne Applebaum. Nela c\u00f3ntase polo mi\u00fado como o Partido Comunista da Uni\u00f3n Sovi\u00e9tica creou os campos de traballos forzados para illar os elementos disidentes e conseguir, asemade, unha masa de homes e mulleres que foron reclu\u00eddos como escravos para levar adiante proxectos de envergadura como a canle do Mar Branco ou a explotaci\u00f3n das minas de Kolim\u00e1.<!--more--><\/p>\n<p style=\"text-align: justify;\">Se este amigo ou calquera outro, me solicitase axuda agora polo mesmo tema, non ter\u00eda a necesidade de recorrer a historias desenvolvidas a milleiros de quil\u00f3metros. \u00a0Non ter\u00eda que \u201cviaxar a Siberia nin \u00e1s terras do \u00c1rtico\u201d. Neste intre recomendar\u00edalle o libro de Montse Fajardo titulado <i>Un cesto de maz\u00e1s (2015)<\/i>. <a href=\"http:\/\/cafebarbantia.barbantia.es\/wp-content\/uploads\/2016\/01\/cesto2.jpg\"><img decoding=\"async\" loading=\"lazy\" class=\"alignright size-medium wp-image-4891\" alt=\"cesto2\" src=\"http:\/\/cafebarbantia.barbantia.es\/wp-content\/uploads\/2016\/01\/cesto2-300x177.jpg\" width=\"300\" height=\"177\" srcset=\"http:\/\/cafebarbantia.barbantia.es\/wp-content\/uploads\/2016\/01\/cesto2-300x177.jpg 300w, http:\/\/cafebarbantia.barbantia.es\/wp-content\/uploads\/2016\/01\/cesto2.jpg 450w\" sizes=\"(max-width: 300px) 100vw, 300px\" \/><\/a>Hai tantas historias abraiantes nesta excepcional obra que a mesma autora, nalg\u00fan dos 16 cap\u00edtulos cos que conta os asasinatos cometidos pola represi\u00f3n franquista, ten a necesidade de explicar que \u201c\u00e1s veces non podo crer as historias que me contan e p\u00f3\u00f1ome a escribilas temendo que pensedes que non son verdade\u201d.<\/p>\n<p style=\"text-align: justify;\">Pero todos sabemos que son ver\u00eddicas. E tam\u00e9n \u00a0necesarias, dada a desidia da administraci\u00f3n na recuperaci\u00f3n da memoria hist\u00f3rica, para homenaxear as v\u00edtimas silenciadas. Repito, unha obra tan excepcional coma arrepiante e imprescindible. Parab\u00e9ns \u00e1 autora pola s\u00faa coherencia e valent\u00eda!<\/p>\n","protected":false},"excerpt":{"rendered":"<p>Xerardo AgraFoxo.\u00a0Hai uns anos un amigo pediume axuda porque quer\u00eda escribir un libro onde se palpara o horror. Nese intre vi\u00f1\u00e9ronme \u00e1 cabeza alg\u00fans dos autores cl\u00e1sicos do x\u00e9nero, como Allan Poe, Lovecraft, Thomas Harris ou Ray Bradbury. Seguro que nalg\u00fans contos destes escritores atopar\u00eda algo interesante. Pero desbotei a idea porque me lembrei dunha &hellip; <a href=\"http:\/\/cafebarbantia.barbantia.es\/?p=4889\" class=\"more-link\">Seguir lendo <span class=\"screen-reader-text\">Un cesto de maz\u00e1s, de Montse Fajardo<\/span> <span class=\"meta-nav\">&rarr;<\/span><\/a><\/p>\n","protected":false},"author":1,"featured_media":0,"comment_status":"open","ping_status":"closed","sticky":false,"template":"","format":"standard","meta":{"_bbp_topic_count":0,"_bbp_reply_count":0,"_bbp_total_topic_count":0,"_bbp_total_reply_count":0,"_bbp_voice_count":0,"_bbp_anonymous_reply_count":0,"_bbp_topic_count_hidden":0,"_bbp_reply_count_hidden":0,"_bbp_forum_subforum_count":0,"_exactmetrics_skip_tracking":false,"_exactmetrics_sitenote_active":false,"_exactmetrics_sitenote_note":"","_exactmetrics_sitenote_category":0,"_monsterinsights_skip_tracking":false,"_monsterinsights_sitenote_active":false,"_monsterinsights_sitenote_note":"","_monsterinsights_sitenote_category":0},"categories":[7,9,21],"tags":[],"aioseo_notices":[],"_links":{"self":[{"href":"http:\/\/cafebarbantia.barbantia.es\/index.php?rest_route=\/wp\/v2\/posts\/4889"}],"collection":[{"href":"http:\/\/cafebarbantia.barbantia.es\/index.php?rest_route=\/wp\/v2\/posts"}],"about":[{"href":"http:\/\/cafebarbantia.barbantia.es\/index.php?rest_route=\/wp\/v2\/types\/post"}],"author":[{"embeddable":true,"href":"http:\/\/cafebarbantia.barbantia.es\/index.php?rest_route=\/wp\/v2\/users\/1"}],"replies":[{"embeddable":true,"href":"http:\/\/cafebarbantia.barbantia.es\/index.php?rest_route=%2Fwp%2Fv2%2Fcomments&post=4889"}],"version-history":[{"count":2,"href":"http:\/\/cafebarbantia.barbantia.es\/index.php?rest_route=\/wp\/v2\/posts\/4889\/revisions"}],"predecessor-version":[{"id":5033,"href":"http:\/\/cafebarbantia.barbantia.es\/index.php?rest_route=\/wp\/v2\/posts\/4889\/revisions\/5033"}],"wp:attachment":[{"href":"http:\/\/cafebarbantia.barbantia.es\/index.php?rest_route=%2Fwp%2Fv2%2Fmedia&parent=4889"}],"wp:term":[{"taxonomy":"category","embeddable":true,"href":"http:\/\/cafebarbantia.barbantia.es\/index.php?rest_route=%2Fwp%2Fv2%2Fcategories&post=4889"},{"taxonomy":"post_tag","embeddable":true,"href":"http:\/\/cafebarbantia.barbantia.es\/index.php?rest_route=%2Fwp%2Fv2%2Ftags&post=4889"}],"curies":[{"name":"wp","href":"https:\/\/api.w.org\/{rel}","templated":true}]}}