{"id":4897,"date":"2016-01-31T06:00:58","date_gmt":"2016-01-31T06:00:58","guid":{"rendered":"http:\/\/cafebarbantia.barbantia.es\/?p=4897"},"modified":"2016-01-31T10:09:11","modified_gmt":"2016-01-31T10:09:11","slug":"seique-de-susana-sanchez-arins","status":"publish","type":"post","link":"http:\/\/cafebarbantia.barbantia.es\/?p=4897","title":{"rendered":"Seique, de Susana S\u00e1nchez Ar\u00edns"},"content":{"rendered":"<p style=\"text-align: justify;\"><a href=\"http:\/\/cafebarbantia.barbantia.es\/wp-content\/uploads\/2016\/01\/seique.jpg\"><img decoding=\"async\" loading=\"lazy\" class=\"size-medium wp-image-4898 alignright\" alt=\"capa seique\" src=\"http:\/\/cafebarbantia.barbantia.es\/wp-content\/uploads\/2016\/01\/seique-205x300.jpg\" width=\"205\" height=\"300\" srcset=\"http:\/\/cafebarbantia.barbantia.es\/wp-content\/uploads\/2016\/01\/seique-205x300.jpg 205w, http:\/\/cafebarbantia.barbantia.es\/wp-content\/uploads\/2016\/01\/seique-700x1024.jpg 700w, http:\/\/cafebarbantia.barbantia.es\/wp-content\/uploads\/2016\/01\/seique-900x1315.jpg 900w, http:\/\/cafebarbantia.barbantia.es\/wp-content\/uploads\/2016\/01\/seique.jpg 1535w\" sizes=\"(max-width: 205px) 100vw, 205px\" \/><\/a><em><strong>Xerardo AgraFoxo.\u00a0<\/strong><\/em>Esta singular obra comeza cunha efem\u00e9rides (\u201ca guerra aparecia-se remota, mas estaba a\u00ed\u201d), segue coa presentaci\u00f3n de d\u00faas mulleres: a av\u00f3 gl\u00f3ria (\u201csempre a falar de quando a casa grande de portar\u00eds\u201d), a tia ubaldina (\u201cera boazinha como manta de l\u00e1\u201d). E contin\u00faa cunha inesperada descuberta (\u201cquando morreu o tio manuel, lendo o seu necrol\u00f3gico no farodevigo, demos en descubrir&#8230; que fora alcalde de riba-\u00famia no ano 40, quatro despois do ano triunfal\u201d). Despois co\u00f1ecemos a historia do av\u00f4 ramiro (que sofreu c\u00e1rcere por ladrao) e outras historias dunha familia das terras do Saln\u00e9s \u201conde era obrigado votar na direita\u201d.<!--more--><\/p>\n<p style=\"text-align: justify;\">Con estes alicerces, Susana S\u00e1chez Ar\u00edns (1974) constr\u00fae unha peza onde se mesturan diferentes recursos literarios: a poes\u00eda co ensaio, a \u201cestoria\u201d coas reflexi\u00f3ns persoais, coplas con refr\u00e1ns, relatos curtos con sentenzas e as noticias dos xornais coas pescudas da autora. E todo coa finalidade de acender unha candea sobre uns acontecementos que nos arrep\u00edan porque o pano de fondo destas p\u00e1xinas \u2013medidas, sinceras e abraiantes\u2013 \u00e9 o propio berce da escritora. <a href=\"http:\/\/cafebarbantia.barbantia.es\/wp-content\/uploads\/2016\/01\/seique2.png\"><img decoding=\"async\" loading=\"lazy\" class=\"wp-image-4899 alignleft\" alt=\"seique2\" src=\"http:\/\/cafebarbantia.barbantia.es\/wp-content\/uploads\/2016\/01\/seique2-190x300.png\" width=\"133\" height=\"210\" srcset=\"http:\/\/cafebarbantia.barbantia.es\/wp-content\/uploads\/2016\/01\/seique2-190x300.png 190w, http:\/\/cafebarbantia.barbantia.es\/wp-content\/uploads\/2016\/01\/seique2.png 509w\" sizes=\"(max-width: 133px) 100vw, 133px\" \/><\/a>E aproveita \u201cestas maldades familiares\u201d para ofrecer un retrato \u201cterrivel\u201d dunha \u00e9poca marcada pola represi\u00f3n franquista.<\/p>\n<p style=\"text-align: justify;\">Deste xeito, <i>Seique (2015)<\/i> \u00e9 unha aposta pola memoria como forma de darlles dignidade \u00e1s v\u00edtimas desco\u00f1ecidas daquel trauma que seguir\u00e1 a pendurar sobre as nosas cabezas mentres non se rescate o \u00faltimo cad\u00e1ver das cunetas. <i>Seique<\/i> \u00e9, neste senso, unha obra de lectura imprescindible e unha loita sen cuartel contra o esquecemento.<\/p>\n<p>&nbsp;<\/p>\n","protected":false},"excerpt":{"rendered":"<p>Xerardo AgraFoxo.\u00a0Esta singular obra comeza cunha efem\u00e9rides (\u201ca guerra aparecia-se remota, mas estaba a\u00ed\u201d), segue coa presentaci\u00f3n de d\u00faas mulleres: a av\u00f3 gl\u00f3ria (\u201csempre a falar de quando a casa grande de portar\u00eds\u201d), a tia ubaldina (\u201cera boazinha como manta de l\u00e1\u201d). E contin\u00faa cunha inesperada descuberta (\u201cquando morreu o tio manuel, lendo o seu &hellip; <a href=\"http:\/\/cafebarbantia.barbantia.es\/?p=4897\" class=\"more-link\">Seguir lendo <span class=\"screen-reader-text\">Seique, de Susana S\u00e1nchez Ar\u00edns<\/span> <span class=\"meta-nav\">&rarr;<\/span><\/a><\/p>\n","protected":false},"author":1,"featured_media":0,"comment_status":"open","ping_status":"closed","sticky":false,"template":"","format":"standard","meta":{"_bbp_topic_count":0,"_bbp_reply_count":0,"_bbp_total_topic_count":0,"_bbp_total_reply_count":0,"_bbp_voice_count":0,"_bbp_anonymous_reply_count":0,"_bbp_topic_count_hidden":0,"_bbp_reply_count_hidden":0,"_bbp_forum_subforum_count":0,"_exactmetrics_skip_tracking":false,"_exactmetrics_sitenote_active":false,"_exactmetrics_sitenote_note":"","_exactmetrics_sitenote_category":0,"_monsterinsights_skip_tracking":false,"_monsterinsights_sitenote_active":false,"_monsterinsights_sitenote_note":"","_monsterinsights_sitenote_category":0},"categories":[9,21],"tags":[],"aioseo_notices":[],"_links":{"self":[{"href":"http:\/\/cafebarbantia.barbantia.es\/index.php?rest_route=\/wp\/v2\/posts\/4897"}],"collection":[{"href":"http:\/\/cafebarbantia.barbantia.es\/index.php?rest_route=\/wp\/v2\/posts"}],"about":[{"href":"http:\/\/cafebarbantia.barbantia.es\/index.php?rest_route=\/wp\/v2\/types\/post"}],"author":[{"embeddable":true,"href":"http:\/\/cafebarbantia.barbantia.es\/index.php?rest_route=\/wp\/v2\/users\/1"}],"replies":[{"embeddable":true,"href":"http:\/\/cafebarbantia.barbantia.es\/index.php?rest_route=%2Fwp%2Fv2%2Fcomments&post=4897"}],"version-history":[{"count":4,"href":"http:\/\/cafebarbantia.barbantia.es\/index.php?rest_route=\/wp\/v2\/posts\/4897\/revisions"}],"predecessor-version":[{"id":5116,"href":"http:\/\/cafebarbantia.barbantia.es\/index.php?rest_route=\/wp\/v2\/posts\/4897\/revisions\/5116"}],"wp:attachment":[{"href":"http:\/\/cafebarbantia.barbantia.es\/index.php?rest_route=%2Fwp%2Fv2%2Fmedia&parent=4897"}],"wp:term":[{"taxonomy":"category","embeddable":true,"href":"http:\/\/cafebarbantia.barbantia.es\/index.php?rest_route=%2Fwp%2Fv2%2Fcategories&post=4897"},{"taxonomy":"post_tag","embeddable":true,"href":"http:\/\/cafebarbantia.barbantia.es\/index.php?rest_route=%2Fwp%2Fv2%2Ftags&post=4897"}],"curies":[{"name":"wp","href":"https:\/\/api.w.org\/{rel}","templated":true}]}}