{"id":4953,"date":"2016-01-18T06:00:58","date_gmt":"2016-01-18T06:00:58","guid":{"rendered":"http:\/\/cafebarbantia.barbantia.es\/?p=4953"},"modified":"2016-01-17T17:23:11","modified_gmt":"2016-01-17T17:23:11","slug":"un-barbances-na-gran-sabana-i","status":"publish","type":"post","link":"http:\/\/cafebarbantia.barbantia.es\/?p=4953","title":{"rendered":"Un barbanc\u00e9s na Gran Sabana (I)"},"content":{"rendered":"<p style=\"text-align: justify;\"><em><strong><a href=\"http:\/\/cafebarbantia.barbantia.es\/wp-content\/uploads\/2016\/01\/cap-1a.jpg\"><img decoding=\"async\" loading=\"lazy\" class=\"alignleft size-medium wp-image-4992\" alt=\"cap 1a\" src=\"http:\/\/cafebarbantia.barbantia.es\/wp-content\/uploads\/2016\/01\/cap-1a-300x225.jpg\" width=\"300\" height=\"225\" srcset=\"http:\/\/cafebarbantia.barbantia.es\/wp-content\/uploads\/2016\/01\/cap-1a-300x225.jpg 300w, http:\/\/cafebarbantia.barbantia.es\/wp-content\/uploads\/2016\/01\/cap-1a.jpg 640w\" sizes=\"(max-width: 300px) 100vw, 300px\" \/><\/a>Alberto Pi\u00f1eiro. <\/strong><\/em>De non ser pola altitude, superior aos 1.400 metros, a presenza de tribos ind\u00edxenas, a ausencia de m\u00e1moas e a s\u00faa inmensidade, mesmo dir\u00eda que a Gran Sabana ten unha certa semellanza coas Chans do Barbanza, inclu\u00edda unha li\u00f1a de alta tensi\u00f3n que atravesa o territorio ao longo da estrada que percorre a meseta dos pem\u00f3ns ata Santa Elena de Uair\u00e9n, cidade pr\u00f3xima \u00e1 fronteira co Brasil. <!--more-->Foi a\u00ed que chegamos tras dous d\u00edas de aventura por unha terra inh\u00f3spita, \u00e1 que arribamos procedentes de Car\u00fapano, no estado Sucre, logo de partir nos idus de marzo v\u00eda Puerto Ordaz, para proseguir pola troncal 10 pasando sucesivamente Upata, Guasipati, El Callao, Tumeremo e Las Claritas, pequena poboaci\u00f3n escura, ruidosa e sen lei, cuxa fealdade resalta a\u00ednda m\u00e1is ao ser a porta que antecede \u00e1 paisaxe selv\u00e1tica, monta\u00f1osa, brumosa e luminosa que anuncia a Pedra da Virxe, penedo xeneroso en mananciais, no comezo do Bosque Nublado, entrada norte do Parque Nacional Canaima.<\/p>\n<p style=\"text-align: justify;\">Acompa\u00f1\u00e1banme na viaxe Luis e Teodoro, meu sogro e un sobri\u00f1o seu, grazas aos que co\u00f1ec\u00edn, entre outras moitas cousas, que El Dorado existe, en concreto a non moitos kil\u00f3metros de Las Claritas, e que \u00e9 rico, certamente, en xacementos de ouro e diamantes. Mais como o tempo corr\u00eda na nosa contra, e posto que para adentr\u00e1rmonos en El Dorado ti\u00f1\u00e1monos que desviar un chisco da troncal 10, preferimos facer parada a car\u00f3n da estrada, sobre a ponte vella ou ponte Eiffel que cruza o r\u00edo Cuyun\u00ed, tributario do Esequibo, para estirar as pernas e beber uns grolos de papel\u00f3n.<a href=\"http:\/\/cafebarbantia.barbantia.es\/wp-content\/uploads\/2016\/01\/sabana2.jpg\"><img decoding=\"async\" loading=\"lazy\" class=\"size-medium wp-image-4955 alignright\" alt=\"sabana2\" src=\"http:\/\/cafebarbantia.barbantia.es\/wp-content\/uploads\/2016\/01\/sabana2-225x300.jpg\" width=\"225\" height=\"300\" srcset=\"http:\/\/cafebarbantia.barbantia.es\/wp-content\/uploads\/2016\/01\/sabana2-225x300.jpg 225w, http:\/\/cafebarbantia.barbantia.es\/wp-content\/uploads\/2016\/01\/sabana2.jpg 720w\" sizes=\"(max-width: 225px) 100vw, 225px\" \/><\/a> A maxestuosidade daquela estrutura, concibida segundo as narraci\u00f3ns locais polo arquitecto da famosa torre parisina do mesmo nome, motivou que preguntase aos meus acompa\u00f1antes como unha ponte da maneira, tan magn\u00edfica, fora erixida xustamente al\u00ed, no medio da selva, na segunda metade do s\u00e9culo XIX, sen ningunha cidade de mediana importancia a menos de cinco horas en autom\u00f3bil.<\/p>\n<p style=\"text-align: justify;\">-Conta unha lenda que o barco que a transportaba ti\u00f1a como destino Per\u00fa, pa\u00eds no que a \u00edan erguer \u2013contestou meu sogro-, pero unha avar\u00eda provocou que a traves\u00eda non se puidese finalizar, e decidiron constru\u00edla no lugar do contratempo.<\/p>\n<p style=\"text-align: justify;\">Malia que a lenda deixaba algunhas d\u00fabidas ao respecto da traves\u00eda (o Cuyun\u00ed morre no Esequibo e este no Oc\u00e9ano Atl\u00e1ntico, e non resulta sinxelo imaxinar como un barco poder\u00eda chegar a Per\u00fa remontando o afluente, tendo este as fontes na Gran Sabana, ben lonxe do pa\u00eds andino), resultoume o suficientemente atractiva como para consultar despois documentaci\u00f3n referente \u00e1 s\u00faa verosimilitude, nunha investigaci\u00f3n que acabar\u00eda certificando que, en efecto, se trata dunha lenda veros\u00edmil\u2026 ou dunha verosimilitude lendaria.<\/p>\n<p style=\"text-align: justify;\"><a href=\"http:\/\/cafebarbantia.barbantia.es\/wp-content\/uploads\/2016\/01\/sabana3.jpg\"><img decoding=\"async\" loading=\"lazy\" class=\"size-medium wp-image-4956 alignleft\" alt=\"sabana3\" src=\"http:\/\/cafebarbantia.barbantia.es\/wp-content\/uploads\/2016\/01\/sabana3-300x225.jpg\" width=\"300\" height=\"225\" srcset=\"http:\/\/cafebarbantia.barbantia.es\/wp-content\/uploads\/2016\/01\/sabana3-300x225.jpg 300w, http:\/\/cafebarbantia.barbantia.es\/wp-content\/uploads\/2016\/01\/sabana3-1024x768.jpg 1024w, http:\/\/cafebarbantia.barbantia.es\/wp-content\/uploads\/2016\/01\/sabana3-900x675.jpg 900w, http:\/\/cafebarbantia.barbantia.es\/wp-content\/uploads\/2016\/01\/sabana3.jpg 2048w\" sizes=\"(max-width: 300px) 100vw, 300px\" \/><\/a>Mentres fotografaba a ponte e o r\u00edo dourado, que acadara esa cor m\u00e1is polos sedimentos que polo ouro que suca as s\u00faas augas, fun quen de albiscar unha manada de b\u00fafalos que se acaroaban a uns centos de metros. Achegueime paseni\u00f1o, sen facer barullo, para lograr tres imaxes da manada: na primeira pastaban mansos, tal como os cabalos ou as vacas nas Chans do Barbanza, herba seca nun claro da selva; na segunda xa fixaran en min, de xeito un\u00edsono, a s\u00faa atenci\u00f3n; na terceira, que non ficou gravada sen\u00f3n nas retinas dos meus compa\u00f1eiros, corr\u00edan tralas mi\u00f1as pegadas, esporeados pola furtiva incursi\u00f3n daquel estranxeiro de aspecto gringo no seu territorio. Sub\u00edn ao Chevrolet dun chimpo e arrancamos a camioneta a fume de carozo, antes de que a furiosa cornamenta en tropel nos embestise.<\/p>\n","protected":false},"excerpt":{"rendered":"<p>Alberto Pi\u00f1eiro. De non ser pola altitude, superior aos 1.400 metros, a presenza de tribos ind\u00edxenas, a ausencia de m\u00e1moas e a s\u00faa inmensidade, mesmo dir\u00eda que a Gran Sabana ten unha certa semellanza coas Chans do Barbanza, inclu\u00edda unha li\u00f1a de alta tensi\u00f3n que atravesa o territorio ao longo da estrada que percorre a &hellip; <a href=\"http:\/\/cafebarbantia.barbantia.es\/?p=4953\" class=\"more-link\">Seguir lendo <span class=\"screen-reader-text\">Un barbanc\u00e9s na Gran Sabana (I)<\/span> <span class=\"meta-nav\">&rarr;<\/span><\/a><\/p>\n","protected":false},"author":1,"featured_media":0,"comment_status":"open","ping_status":"closed","sticky":false,"template":"","format":"standard","meta":{"_bbp_topic_count":0,"_bbp_reply_count":0,"_bbp_total_topic_count":0,"_bbp_total_reply_count":0,"_bbp_voice_count":0,"_bbp_anonymous_reply_count":0,"_bbp_topic_count_hidden":0,"_bbp_reply_count_hidden":0,"_bbp_forum_subforum_count":0,"_exactmetrics_skip_tracking":false,"_exactmetrics_sitenote_active":false,"_exactmetrics_sitenote_note":"","_exactmetrics_sitenote_category":0,"_monsterinsights_skip_tracking":false,"_monsterinsights_sitenote_active":false,"_monsterinsights_sitenote_note":"","_monsterinsights_sitenote_category":0},"categories":[56,9,22],"tags":[],"aioseo_notices":[],"_links":{"self":[{"href":"http:\/\/cafebarbantia.barbantia.es\/index.php?rest_route=\/wp\/v2\/posts\/4953"}],"collection":[{"href":"http:\/\/cafebarbantia.barbantia.es\/index.php?rest_route=\/wp\/v2\/posts"}],"about":[{"href":"http:\/\/cafebarbantia.barbantia.es\/index.php?rest_route=\/wp\/v2\/types\/post"}],"author":[{"embeddable":true,"href":"http:\/\/cafebarbantia.barbantia.es\/index.php?rest_route=\/wp\/v2\/users\/1"}],"replies":[{"embeddable":true,"href":"http:\/\/cafebarbantia.barbantia.es\/index.php?rest_route=%2Fwp%2Fv2%2Fcomments&post=4953"}],"version-history":[{"count":4,"href":"http:\/\/cafebarbantia.barbantia.es\/index.php?rest_route=\/wp\/v2\/posts\/4953\/revisions"}],"predecessor-version":[{"id":4994,"href":"http:\/\/cafebarbantia.barbantia.es\/index.php?rest_route=\/wp\/v2\/posts\/4953\/revisions\/4994"}],"wp:attachment":[{"href":"http:\/\/cafebarbantia.barbantia.es\/index.php?rest_route=%2Fwp%2Fv2%2Fmedia&parent=4953"}],"wp:term":[{"taxonomy":"category","embeddable":true,"href":"http:\/\/cafebarbantia.barbantia.es\/index.php?rest_route=%2Fwp%2Fv2%2Fcategories&post=4953"},{"taxonomy":"post_tag","embeddable":true,"href":"http:\/\/cafebarbantia.barbantia.es\/index.php?rest_route=%2Fwp%2Fv2%2Ftags&post=4953"}],"curies":[{"name":"wp","href":"https:\/\/api.w.org\/{rel}","templated":true}]}}