{"id":5271,"date":"2016-04-18T06:00:03","date_gmt":"2016-04-18T06:00:03","guid":{"rendered":"http:\/\/cafebarbantia.barbantia.es\/?p=5271"},"modified":"2016-04-18T06:43:44","modified_gmt":"2016-04-18T06:43:44","slug":"tralos-pasos-de-alexander-von-humboldt-vi","status":"publish","type":"post","link":"http:\/\/cafebarbantia.barbantia.es\/?p=5271","title":{"rendered":"Tralos pasos de Alexander Von Humboldt (VI)"},"content":{"rendered":"<p style=\"text-align: justify;\"><em><strong><a href=\"http:\/\/cafebarbantia.barbantia.es\/wp-content\/uploads\/2016\/02\/Humboldt-6a.jpg\"><img decoding=\"async\" loading=\"lazy\" class=\"size-medium wp-image-5272 alignright\" alt=\"Humboldt 6a\" src=\"http:\/\/cafebarbantia.barbantia.es\/wp-content\/uploads\/2016\/02\/Humboldt-6a-224x300.jpg\" width=\"224\" height=\"300\" srcset=\"http:\/\/cafebarbantia.barbantia.es\/wp-content\/uploads\/2016\/02\/Humboldt-6a-224x300.jpg 224w, http:\/\/cafebarbantia.barbantia.es\/wp-content\/uploads\/2016\/02\/Humboldt-6a-768x1024.jpg 768w, http:\/\/cafebarbantia.barbantia.es\/wp-content\/uploads\/2016\/02\/Humboldt-6a-900x1200.jpg 900w, http:\/\/cafebarbantia.barbantia.es\/wp-content\/uploads\/2016\/02\/Humboldt-6a.jpg 1704w\" sizes=\"(max-width: 224px) 100vw, 224px\" \/><\/a>Alberto Pi\u00f1eiro.\u00a0<\/strong><\/em>Nada mellor que reemprender unha viaxe fac\u00e9ndoo despois de bicar \u00e1 muller \u00e1 que amas. Dentro do autom\u00f3bil, os seus ollos esmeralda fund\u00edanse coa paisaxe tralo cristal das fiestras no tramo que faltaba ata Cumanacoa, e o seu cabelo dourado alumaba no atardecer como as flores do araguaney no mes de marzo. Unhas nubes mi\u00fadas pero cargadas sa\u00edan ao paso por Los Dos R\u00edos, permitindo o endez dun arco da vella sobre as monta\u00f1as desbordardas de verde, algunha delas tan xeom\u00e9trica que levaba a so\u00f1ar coa descuberta dunha pir\u00e1mide baixo a capa vexetal. <!--more-->Deixamos pouco despois San Salvador \u00e1 marxe dereita e a entrada ao casar\u00edo de San Lorenzo \u00e1 esquerda. Cruzamos outra vez o Manzanares, o r\u00edo que morrer\u00e1 en Cuman\u00e1, e arribamos a Cumanacoa.<\/p>\n<p style=\"text-align: justify;\">A pequena cidade era un fervello de animaci\u00f3n. Quizais se celebraba algunha festividade local, quizais os seus habitantes aproveitaban o remate da xornada laboral para encher de ledicia, m\u00fasica, <i>Polar light<\/i> e motorizados as r\u00faas, ou quizais simplemente os cumanacoenses son as\u00ed. De tratarse do primeiro suposto, ser\u00edan numerosas as posibles efem\u00e9rides, pois a longa historia da cidade \u00e9 rica en acontecementos, alg\u00fans deles de certo convulsos, como os enfrontamentos entre o clero, as tribos ind\u00edxenas, os encomendeiros e as autoridades no mesmo xerme da s\u00faa fundaci\u00f3n, na segunda metade do s\u00e9culo XVI. Cando Humboldt a visitou, en setembro de 1799, Cumanacoa superara xa o seu bicentenario, o que a converte nunha das poboaci\u00f3ns m\u00e1is vetustas de Venezuela.<\/p>\n<p style=\"text-align: justify;\">Tan axitado foi o pasado de Cumanacoa, que a\u00ednda no s\u00e9culo XVIII, concretamente en 1717, a <i>Historia de la Nueva Andaluc\u00eda<\/i> de Fray Antonio Caul\u00edn reflicte unha nova refundaci\u00f3n da cidade:<\/p>\n<p style=\"text-align: justify;\">\u201c(\u2026) Pusieron su primer asiento en el valle de Turimiquire, donde hoy est\u00e1 el pueblo de San Lorenzo, y hechas sus buenas haciendas de cacao con el auxilio y ayuda que les daban los encomenderos, provey\u00e9ndoles de indios para la labor de sus tierras, fabricaron sus casas a orillas del r\u00edo Cumanacoa, poco distante de la orqueta que forma el r\u00edo de Cuman\u00e1 con el de Aricagua, diez leguas al sur-sureste de aquella capital. Fabricado el competente n\u00famero de casas para el t\u00edtulo de ciudad, se le impuso el de San Baltasar de los Arias por su primer fundador, Benito Arias Montano, y hoy es conocida por el nombre de Cumanacoa, que tiene el valle en que est\u00e1 fundada.\u201d<\/p>\n<p style=\"text-align: justify;\">Atravesamos a cidade sen ver moito m\u00e1is que a Igrexa de San Baltasar de los Arias, de estilo colonial s\u00f3 no primeiro corpo das torres e na fachada, remat\u00e1ndose o resto do edificio na segunda metade do s\u00e9culo XIX, e restaur\u00e1ndose integramente no ano 1966. F\u00f3ra da nosa axenda ficaron a Casa Guipuzcoana, sede do poder municipal, o Museo Pietrini e a Biblioteca P\u00fablica \u201cJos\u00e9 Gibbs Ca\u00f1as\u201d. Tampouco achamos tempo de pescudar vestixios da produci\u00f3n de papel\u00f3n, ron e tabaco, industrias hoxe en d\u00eda substitu\u00eddas pola da cana de azucre, da que \u00e9 asento a \u201cSultana del Valle Dulce de Oriente\u201d, como \u00e9 alcumada Cumanacoa, que, <i>mutatis mutandis<\/i>, de xeito an\u00e1logo ao que ocorre con Sarreaus, que semella alude a unha emigraci\u00f3n dende Sarria, significa en lingua cumanagota \u201cxente de Cuman\u00e1\u201d, malia que en uainimanense e chaima se traduza por &#8220;terra onde nacen os feix\u00f3ns&#8221;.<\/p>\n<p style=\"text-align: justify;\"><a href=\"http:\/\/cafebarbantia.barbantia.es\/wp-content\/uploads\/2016\/02\/Humboldt-6b.jpg\"><img decoding=\"async\" loading=\"lazy\" class=\"size-medium wp-image-5273 alignleft\" alt=\"Humboldt 6b\" src=\"http:\/\/cafebarbantia.barbantia.es\/wp-content\/uploads\/2016\/02\/Humboldt-6b-300x201.jpg\" width=\"300\" height=\"201\" srcset=\"http:\/\/cafebarbantia.barbantia.es\/wp-content\/uploads\/2016\/02\/Humboldt-6b-300x201.jpg 300w, http:\/\/cafebarbantia.barbantia.es\/wp-content\/uploads\/2016\/02\/Humboldt-6b.jpg 900w\" sizes=\"(max-width: 300px) 100vw, 300px\" \/><\/a>A partir de Cumanacoa, o r\u00edo Manzanares acompa\u00f1ounos ao longo dos m\u00e1is de cincuenta kil\u00f3metros que nos separaban de Cuman\u00e1, a onde chegamos de noite. Sen marxe a det\u00e9rmonos esta vez na \u201cAtenas venezolana\u201d, puxemos rumbo a Anzo\u00e1tegui pola autoestrada Antonio Jos\u00e9 de Sucre, regresando por Barbacoas, Yaguaracual, Santa F\u00e9, Playa Colorada, Playa Arapito, Cumbres de Guatamare, Conoma, Barranqu\u00edn e Guanta, que se conecta con Puerto La Cruz mediante a urbanizaci\u00f3n Guaraguao, onde se acha a segunda refinar\u00eda m\u00e1is importante da mancomunidade de municipios Guanta-Puerto La Cruz-Lecher\u00eda-Barcelona, sendo a primeira a Jos\u00e9 Antonio Anzo\u00e1tegui, nos arrabaldes da capital.<\/p>\n<p style=\"text-align: justify;\">Cansos pero con c\u00f3xegas no est\u00f3mago, conclu\u00edmos que o mellor era non perder tempo en coci\u00f1ar e cear pizza dunha vez nun dos locais pertencentes a unha das empresas do holding no que eu traballaba. Fix\u00e9ramos s\u00f3 unha parte mi\u00fada da expedici\u00f3n do bar\u00f3n alem\u00e1n, pero ti\u00f1amos ben preto un destino tam\u00e9n gozado por el, as\u00ed que, sen baixar sequera a equipaxe no apartamento, tan pronto rematamos as <i>veggies<\/i> e as <i>margaritas<\/i>, conducimos o autom\u00f3bil ata o cumio do cerro El Morro, nomeado Humboldt na honra do sabio explorador, e dende al\u00ed, coas luces iluminando a ba\u00eda de Pozuelos, contenplamos exhaustos a mesma panor\u00e1mica que na s\u00faa aventura observou a finais do s\u00e9culo XVIII Alexander von Humboldt. Pechei os ollos, respirei profundo e al\u00ed estaban diante de min Boiro, Cabo da Cruz, Escarabote, A Pobra do Carami\u00f1al, Palmeira, Ribeira, Corrubedo, a Illa da Arousa, a Illa de R\u00faa, Rianxo, Vilanova, Vilagarc\u00eda, O Grove, a Illa de S\u00e1lvora,\u2026 dende o mirador da Curota.<\/p>\n","protected":false},"excerpt":{"rendered":"<p>Alberto Pi\u00f1eiro.\u00a0Nada mellor que reemprender unha viaxe fac\u00e9ndoo despois de bicar \u00e1 muller \u00e1 que amas. Dentro do autom\u00f3bil, os seus ollos esmeralda fund\u00edanse coa paisaxe tralo cristal das fiestras no tramo que faltaba ata Cumanacoa, e o seu cabelo dourado alumaba no atardecer como as flores do araguaney no mes de marzo. Unhas nubes &hellip; <a href=\"http:\/\/cafebarbantia.barbantia.es\/?p=5271\" class=\"more-link\">Seguir lendo <span class=\"screen-reader-text\">Tralos pasos de Alexander Von Humboldt (VI)<\/span> <span class=\"meta-nav\">&rarr;<\/span><\/a><\/p>\n","protected":false},"author":1,"featured_media":0,"comment_status":"open","ping_status":"closed","sticky":false,"template":"","format":"standard","meta":{"_bbp_topic_count":0,"_bbp_reply_count":0,"_bbp_total_topic_count":0,"_bbp_total_reply_count":0,"_bbp_voice_count":0,"_bbp_anonymous_reply_count":0,"_bbp_topic_count_hidden":0,"_bbp_reply_count_hidden":0,"_bbp_forum_subforum_count":0,"_exactmetrics_skip_tracking":false,"_exactmetrics_sitenote_active":false,"_exactmetrics_sitenote_note":"","_exactmetrics_sitenote_category":0,"_monsterinsights_skip_tracking":false,"_monsterinsights_sitenote_active":false,"_monsterinsights_sitenote_note":"","_monsterinsights_sitenote_category":0},"categories":[56,9,22],"tags":[],"aioseo_notices":[],"_links":{"self":[{"href":"http:\/\/cafebarbantia.barbantia.es\/index.php?rest_route=\/wp\/v2\/posts\/5271"}],"collection":[{"href":"http:\/\/cafebarbantia.barbantia.es\/index.php?rest_route=\/wp\/v2\/posts"}],"about":[{"href":"http:\/\/cafebarbantia.barbantia.es\/index.php?rest_route=\/wp\/v2\/types\/post"}],"author":[{"embeddable":true,"href":"http:\/\/cafebarbantia.barbantia.es\/index.php?rest_route=\/wp\/v2\/users\/1"}],"replies":[{"embeddable":true,"href":"http:\/\/cafebarbantia.barbantia.es\/index.php?rest_route=%2Fwp%2Fv2%2Fcomments&post=5271"}],"version-history":[{"count":2,"href":"http:\/\/cafebarbantia.barbantia.es\/index.php?rest_route=\/wp\/v2\/posts\/5271\/revisions"}],"predecessor-version":[{"id":5500,"href":"http:\/\/cafebarbantia.barbantia.es\/index.php?rest_route=\/wp\/v2\/posts\/5271\/revisions\/5500"}],"wp:attachment":[{"href":"http:\/\/cafebarbantia.barbantia.es\/index.php?rest_route=%2Fwp%2Fv2%2Fmedia&parent=5271"}],"wp:term":[{"taxonomy":"category","embeddable":true,"href":"http:\/\/cafebarbantia.barbantia.es\/index.php?rest_route=%2Fwp%2Fv2%2Fcategories&post=5271"},{"taxonomy":"post_tag","embeddable":true,"href":"http:\/\/cafebarbantia.barbantia.es\/index.php?rest_route=%2Fwp%2Fv2%2Ftags&post=5271"}],"curies":[{"name":"wp","href":"https:\/\/api.w.org\/{rel}","templated":true}]}}