{"id":5324,"date":"2016-03-19T06:00:32","date_gmt":"2016-03-19T06:00:32","guid":{"rendered":"http:\/\/cafebarbantia.barbantia.es\/?p=5324"},"modified":"2016-03-14T08:23:53","modified_gmt":"2016-03-14T08:23:53","slug":"o-caso-pessoa","status":"publish","type":"post","link":"http:\/\/cafebarbantia.barbantia.es\/?p=5324","title":{"rendered":"O &#8220;caso&#8221; Pessoa"},"content":{"rendered":"<p style=\"text-align: justify;\"><em><strong><a href=\"http:\/\/cafebarbantia.barbantia.es\/wp-content\/uploads\/2016\/03\/fernando-pessoa1.jpg\"><img decoding=\"async\" loading=\"lazy\" class=\"alignright size-medium wp-image-5326\" alt=\"fernando pessoa1\" src=\"http:\/\/cafebarbantia.barbantia.es\/wp-content\/uploads\/2016\/03\/fernando-pessoa1-272x300.jpg\" width=\"272\" height=\"300\" srcset=\"http:\/\/cafebarbantia.barbantia.es\/wp-content\/uploads\/2016\/03\/fernando-pessoa1-272x300.jpg 272w, http:\/\/cafebarbantia.barbantia.es\/wp-content\/uploads\/2016\/03\/fernando-pessoa1.jpg 291w\" sizes=\"(max-width: 272px) 100vw, 272px\" \/><\/a>Fidel Vidal.\u00a0<\/strong><\/em>Fernando Pessoa \u00e9 un <i>caso<\/i> en calquera das acepci\u00f3ns da palabra (\u201cEste neno \u00e9 un caso!\u201d). Mesmo un caso cl\u00ednico. As\u00ed considerouno el mesmo co prop\u00f3sito de resolver o enigma dos seus heter\u00f3nimos. Mais, para sermos xustos, non hai caso cl\u00ednico que descubrir na heteronimia de Pessoa. Tr\u00e1tase dunha \u201csimple loucura\u201d como acontece quizais con toda a literatura, porque \u201ca literatura, como a arte en xeral, \u00e9 a demostraci\u00f3n de que s\u00f3 a vida non basta.\u201d<!--more--><\/p>\n<p style=\"text-align: justify;\">Ao preguntar sobre a x\u00e9nese dos heter\u00f3nimos, comezando &#8220;pela parte psiqui\u00e1trica&#8221;, o propio Pessoa, influ\u00eddo pola teor\u00eda da &#8220;d\u00e9g\u00e9n\u00e9rescence&#8221;, afirma: &#8220;A origem dos meus heter\u00f3nimos \u00e9 un profundo tra\u00e7o de histeria que existe en mim. N\u00e3o sei se sou simplesmente hist\u00e9rico, se sou, mais pr\u00f2priamente, um histero-neurast\u00e9nico. Tendo para esta segunda hip\u00f3tese, porque h\u00e1 en mim fen\u00f3menos de abulia, que a histeria, pr\u00f4piamente dita, n\u00e3o enquadra no registo dos seus sintomas. Seja como for, a origem mental dos meus heter\u00f3nimos est\u00e1 na minha tend\u00eancia org\u00e1nica e constante para a despersonaliza\u00e7ao e para a simula\u00e7\u00e3o. Estes fen\u00f3menos -felizmente para mim e para os outros- mentalizaram-se em mim; quero dizer, n\u00e3o se manifestam na minha vida pr\u00e1tica, exterior e de contacto com outros; fazem explos\u00e3o para dentro e vivo-os eu a s\u00f3s comigo. Se eu fosse mulher -na mulher os fen\u00f3menos hist\u00e9ricos rompem em ataques e cousas parecidas-, cada poema de \u00c1lvaro de Campos o mais hist\u00e8ricamente hist\u00e9rico de mim) seria um alarme para a vizinhan\u00e7a. Mas sou home -e nos homes a histeria assume principalmente aspectos mentais; asim tudo acaba en sil\u00eancio e poes\u00eda&#8230;&#8221;<\/p>\n<p style=\"text-align: justify;\"><a href=\"http:\/\/cafebarbantia.barbantia.es\/wp-content\/uploads\/2016\/03\/fernando-pessoa2.jpg\"><img decoding=\"async\" loading=\"lazy\" class=\"alignleft size-medium wp-image-5327\" alt=\"fernando pessoa2\" src=\"http:\/\/cafebarbantia.barbantia.es\/wp-content\/uploads\/2016\/03\/fernando-pessoa2-300x226.jpg\" width=\"300\" height=\"226\" srcset=\"http:\/\/cafebarbantia.barbantia.es\/wp-content\/uploads\/2016\/03\/fernando-pessoa2-300x226.jpg 300w, http:\/\/cafebarbantia.barbantia.es\/wp-content\/uploads\/2016\/03\/fernando-pessoa2.jpg 465w\" sizes=\"(max-width: 300px) 100vw, 300px\" \/><\/a>O eu, o Eu, \u00e9 o <i>s\u00edntoma<\/i> por excelencia. &#8220;Esta tendencia, que me v\u00e9n desde que me lembro de ser un eu, acompa\u00f1oume sempre&#8221;. &#8220;Un d\u00eda -8 marzal 1914- achegueime a unha c\u00f3moda alta e, tomando un papel, empecei a escribir, de p\u00e9, como escribo sempre que podo. E escrib\u00edn trinta e tantos poemas dun tir\u00f3n, unha especie de \u00e9xtase que non sei definir&#8221;. Nace <i>O guardador de rebanhos <\/i>de Alberto Caeiro, a quen Pessoa considera o seu mestre. Quen escribe? O Eu? O Iso? A poes\u00eda sempre \u00e9 unha pregunta polo eu.<\/p>\n<p style=\"text-align: justify;\">A s\u00faa biograf\u00eda terminar\u00e1 sendo unha invenci\u00f3n (inversi\u00f3n) ao se converter &#8220;nunha das obras da s\u00faa obra&#8221;, di Octavio Paz, para quen &#8220;toda obra de Pessoa \u00e9 unha busca da identidade perdida.&#8221; Perdeuse realmente unha identidade? O poeta non pode saber quen \u00e9, nada pide e s\u00f3 entrega: \u201co poeta \u00e9 todo concesi\u00f3n\u201d (Mar\u00eda Zambrano).<\/p>\n<p style=\"text-align: justify;\">A persoa m\u00e1is aut\u00e9ntica, ag\u00e1s a dos so\u00f1os e cando se disfraza, nace nas horas libres, nas ocasi\u00f3ns en que \u00e9 libre ou se sinte libre. Antonio Tabucchi teno ben claro: \u201cDatos biogr\u00e1ficos daquel que foi a ficci\u00f3n dun impostor id\u00e9ntico a el mesmo: \u00e9 dicir, Fernando Ant\u00f3nio Nogueira Pessoa, fillo de Joaquim e Madalena Pinheiro Nogueira, empregado a media xornada como tradutor de cartas comerciais en empresas lisboetas de importaci\u00f3n e exportaci\u00f3n. Nas horas libres, poeta.\u201d<\/p>\n","protected":false},"excerpt":{"rendered":"<p>Fidel Vidal.\u00a0Fernando Pessoa \u00e9 un caso en calquera das acepci\u00f3ns da palabra (\u201cEste neno \u00e9 un caso!\u201d). Mesmo un caso cl\u00ednico. As\u00ed considerouno el mesmo co prop\u00f3sito de resolver o enigma dos seus heter\u00f3nimos. Mais, para sermos xustos, non hai caso cl\u00ednico que descubrir na heteronimia de Pessoa. Tr\u00e1tase dunha \u201csimple loucura\u201d como acontece quizais &hellip; <a href=\"http:\/\/cafebarbantia.barbantia.es\/?p=5324\" class=\"more-link\">Seguir lendo <span class=\"screen-reader-text\">O &#8220;caso&#8221; Pessoa<\/span> <span class=\"meta-nav\">&rarr;<\/span><\/a><\/p>\n","protected":false},"author":1,"featured_media":0,"comment_status":"open","ping_status":"closed","sticky":false,"template":"","format":"standard","meta":{"_bbp_topic_count":0,"_bbp_reply_count":0,"_bbp_total_topic_count":0,"_bbp_total_reply_count":0,"_bbp_voice_count":0,"_bbp_anonymous_reply_count":0,"_bbp_topic_count_hidden":0,"_bbp_reply_count_hidden":0,"_bbp_forum_subforum_count":0,"_exactmetrics_skip_tracking":false,"_exactmetrics_sitenote_active":false,"_exactmetrics_sitenote_note":"","_exactmetrics_sitenote_category":0,"_monsterinsights_skip_tracking":false,"_monsterinsights_sitenote_active":false,"_monsterinsights_sitenote_note":"","_monsterinsights_sitenote_category":0},"categories":[7,65],"tags":[],"aioseo_notices":[],"_links":{"self":[{"href":"http:\/\/cafebarbantia.barbantia.es\/index.php?rest_route=\/wp\/v2\/posts\/5324"}],"collection":[{"href":"http:\/\/cafebarbantia.barbantia.es\/index.php?rest_route=\/wp\/v2\/posts"}],"about":[{"href":"http:\/\/cafebarbantia.barbantia.es\/index.php?rest_route=\/wp\/v2\/types\/post"}],"author":[{"embeddable":true,"href":"http:\/\/cafebarbantia.barbantia.es\/index.php?rest_route=\/wp\/v2\/users\/1"}],"replies":[{"embeddable":true,"href":"http:\/\/cafebarbantia.barbantia.es\/index.php?rest_route=%2Fwp%2Fv2%2Fcomments&post=5324"}],"version-history":[{"count":2,"href":"http:\/\/cafebarbantia.barbantia.es\/index.php?rest_route=\/wp\/v2\/posts\/5324\/revisions"}],"predecessor-version":[{"id":5328,"href":"http:\/\/cafebarbantia.barbantia.es\/index.php?rest_route=\/wp\/v2\/posts\/5324\/revisions\/5328"}],"wp:attachment":[{"href":"http:\/\/cafebarbantia.barbantia.es\/index.php?rest_route=%2Fwp%2Fv2%2Fmedia&parent=5324"}],"wp:term":[{"taxonomy":"category","embeddable":true,"href":"http:\/\/cafebarbantia.barbantia.es\/index.php?rest_route=%2Fwp%2Fv2%2Fcategories&post=5324"},{"taxonomy":"post_tag","embeddable":true,"href":"http:\/\/cafebarbantia.barbantia.es\/index.php?rest_route=%2Fwp%2Fv2%2Ftags&post=5324"}],"curies":[{"name":"wp","href":"https:\/\/api.w.org\/{rel}","templated":true}]}}