{"id":5468,"date":"2016-04-20T06:00:40","date_gmt":"2016-04-20T06:00:40","guid":{"rendered":"http:\/\/cafebarbantia.barbantia.es\/?p=5468"},"modified":"2016-04-17T18:32:57","modified_gmt":"2016-04-17T18:32:57","slug":"frankestein-04155-de-aitor-rei","status":"publish","type":"post","link":"http:\/\/cafebarbantia.barbantia.es\/?p=5468","title":{"rendered":"Frankestein 04155, de Aitor Rei"},"content":{"rendered":"<p style=\"text-align: justify;\"><a href=\"http:\/\/cafebarbantia.barbantia.es\/wp-content\/uploads\/2016\/04\/Frankenstein_04155-504742715-large.jpg\"><img decoding=\"async\" loading=\"lazy\" class=\"alignright size-medium wp-image-5469\" alt=\"Frankenstein_04155-504742715-large\" src=\"http:\/\/cafebarbantia.barbantia.es\/wp-content\/uploads\/2016\/04\/Frankenstein_04155-504742715-large-210x300.jpg\" width=\"210\" height=\"300\" srcset=\"http:\/\/cafebarbantia.barbantia.es\/wp-content\/uploads\/2016\/04\/Frankenstein_04155-504742715-large-210x300.jpg 210w, http:\/\/cafebarbantia.barbantia.es\/wp-content\/uploads\/2016\/04\/Frankenstein_04155-504742715-large-716x1024.jpg 716w, http:\/\/cafebarbantia.barbantia.es\/wp-content\/uploads\/2016\/04\/Frankenstein_04155-504742715-large.jpg 840w\" sizes=\"(max-width: 210px) 100vw, 210px\" \/><\/a><em><strong>Agust\u00edn Agra.\u00a0<\/strong><\/em>Que necesario \u00e9 o cinema!, exclamaba o director de cine Lu\u00eds Avil\u00e9s, responsable asemade do Cineclube Liceo de Noia, ap\u00f3s o visionado de <i>FRANKENSTEIN 04155<\/i>, unha pel\u00edcula documental na que o protagonista \u00e9 o accidente do tren Alvia 04155 en Angrois o 24 de xullo de 2013.<\/p>\n<p style=\"text-align: justify;\">81 mortos e m\u00e1is de 140 feridos. Unha curva, A grandeira, \u00e1 entrada de Compostela. Un tren de alta velocidade que non era tal. Unhas especificaci\u00f3ns t\u00e9cnicas que non se cumpr\u00edan. Un sistema de seguridade que no estaba operativo. Frankenstein, o nome que lle deu ao tren o persoal de Renfe por estar fabricado con partes doutros trens.<!--more--> A presunta culpabilidade de altos cargos de Adif e Renfe no accidente; a de membros dun goberno por acelerar o proxecto cara a inauguraci\u00f3n nas datas previstas; a de membros do goberno seguinte por non tomar cartas no asunto e emendar a desfeita&#8230;<\/p>\n<p style=\"text-align: justify;\"><a href=\"http:\/\/cafebarbantia.barbantia.es\/wp-content\/uploads\/2016\/04\/Aitor-Rei.jpg\"><img decoding=\"async\" loading=\"lazy\" class=\"alignleft size-medium wp-image-5470\" alt=\"Aitor-Rei\" src=\"http:\/\/cafebarbantia.barbantia.es\/wp-content\/uploads\/2016\/04\/Aitor-Rei-300x233.jpg\" width=\"300\" height=\"233\" srcset=\"http:\/\/cafebarbantia.barbantia.es\/wp-content\/uploads\/2016\/04\/Aitor-Rei-300x233.jpg 300w, http:\/\/cafebarbantia.barbantia.es\/wp-content\/uploads\/2016\/04\/Aitor-Rei-1024x796.jpg 1024w, http:\/\/cafebarbantia.barbantia.es\/wp-content\/uploads\/2016\/04\/Aitor-Rei-900x700.jpg 900w, http:\/\/cafebarbantia.barbantia.es\/wp-content\/uploads\/2016\/04\/Aitor-Rei.jpg 1100w\" sizes=\"(max-width: 300px) 100vw, 300px\" \/><\/a>Fuxindo do amarelismo e o sentimentalismo. Apelando non as v\u00edsceras sen\u00f3n ao cerebro do espectador, \u00e1 s\u00faa intelixencia: con datos, con documentos, con obxectividade. Argumentado, contrastado, veraz. Reclamando para o caso unha comisi\u00f3n de investigaci\u00f3n. Reclamando xustiza para as v\u00edtimas, tam\u00e9n para os responsables. Reclamando a verdade, tantas veces negada, tantas veces silenciada: metro de Valencia, avi\u00f3n de Spanair, Yak 42&#8230; O poder: autoritario, desapiadado, humillante coas v\u00edtimas.<\/p>\n<p style=\"text-align: justify;\"><i><a href=\"http:\/\/cafebarbantia.barbantia.es\/wp-content\/uploads\/2016\/04\/frankenstein-04155.jpg\"><img decoding=\"async\" loading=\"lazy\" class=\"alignright size-medium wp-image-5471\" alt=\"frankenstein-04155\" src=\"http:\/\/cafebarbantia.barbantia.es\/wp-content\/uploads\/2016\/04\/frankenstein-04155-300x233.jpg\" width=\"300\" height=\"233\" srcset=\"http:\/\/cafebarbantia.barbantia.es\/wp-content\/uploads\/2016\/04\/frankenstein-04155-300x233.jpg 300w, http:\/\/cafebarbantia.barbantia.es\/wp-content\/uploads\/2016\/04\/frankenstein-04155-1024x796.jpg 1024w, http:\/\/cafebarbantia.barbantia.es\/wp-content\/uploads\/2016\/04\/frankenstein-04155-900x700.jpg 900w, http:\/\/cafebarbantia.barbantia.es\/wp-content\/uploads\/2016\/04\/frankenstein-04155.jpg 1100w\" sizes=\"(max-width: 300px) 100vw, 300px\" \/><\/a>Por veces emotivo, por veces duro. FRANKENSTEIN 04155 non deixou indiferente a ningu\u00e9n<\/i>, afirmaba Lu\u00eds Avil\u00e9s antes de dar as grazas a Aitor Rei por <i>un traballo tan valente e necesario. <\/i>Si, Lu\u00eds, grande a valent\u00eda de Aitor Rei, director do documental, no seu pulso co poder, co silencio dos medios, coa censura; grazas polo documental e polo esclarecedor coloquio que mantivo co seu p\u00fablico unha vez rematada a proxecci\u00f3n. Que necesario \u00e9 o cinema!<\/p>\n","protected":false},"excerpt":{"rendered":"<p>Agust\u00edn Agra.\u00a0Que necesario \u00e9 o cinema!, exclamaba o director de cine Lu\u00eds Avil\u00e9s, responsable asemade do Cineclube Liceo de Noia, ap\u00f3s o visionado de FRANKENSTEIN 04155, unha pel\u00edcula documental na que o protagonista \u00e9 o accidente do tren Alvia 04155 en Angrois o 24 de xullo de 2013. 81 mortos e m\u00e1is de 140 feridos. &hellip; <a href=\"http:\/\/cafebarbantia.barbantia.es\/?p=5468\" class=\"more-link\">Seguir lendo <span class=\"screen-reader-text\">Frankestein 04155, de Aitor Rei<\/span> <span class=\"meta-nav\">&rarr;<\/span><\/a><\/p>\n","protected":false},"author":1,"featured_media":0,"comment_status":"open","ping_status":"closed","sticky":false,"template":"","format":"standard","meta":{"_bbp_topic_count":0,"_bbp_reply_count":0,"_bbp_total_topic_count":0,"_bbp_total_reply_count":0,"_bbp_voice_count":0,"_bbp_anonymous_reply_count":0,"_bbp_topic_count_hidden":0,"_bbp_reply_count_hidden":0,"_bbp_forum_subforum_count":0,"_exactmetrics_skip_tracking":false,"_exactmetrics_sitenote_active":false,"_exactmetrics_sitenote_note":"","_exactmetrics_sitenote_category":0,"_monsterinsights_skip_tracking":false,"_monsterinsights_sitenote_active":false,"_monsterinsights_sitenote_note":"","_monsterinsights_sitenote_category":0},"categories":[23,6],"tags":[],"aioseo_notices":[],"_links":{"self":[{"href":"http:\/\/cafebarbantia.barbantia.es\/index.php?rest_route=\/wp\/v2\/posts\/5468"}],"collection":[{"href":"http:\/\/cafebarbantia.barbantia.es\/index.php?rest_route=\/wp\/v2\/posts"}],"about":[{"href":"http:\/\/cafebarbantia.barbantia.es\/index.php?rest_route=\/wp\/v2\/types\/post"}],"author":[{"embeddable":true,"href":"http:\/\/cafebarbantia.barbantia.es\/index.php?rest_route=\/wp\/v2\/users\/1"}],"replies":[{"embeddable":true,"href":"http:\/\/cafebarbantia.barbantia.es\/index.php?rest_route=%2Fwp%2Fv2%2Fcomments&post=5468"}],"version-history":[{"count":1,"href":"http:\/\/cafebarbantia.barbantia.es\/index.php?rest_route=\/wp\/v2\/posts\/5468\/revisions"}],"predecessor-version":[{"id":5472,"href":"http:\/\/cafebarbantia.barbantia.es\/index.php?rest_route=\/wp\/v2\/posts\/5468\/revisions\/5472"}],"wp:attachment":[{"href":"http:\/\/cafebarbantia.barbantia.es\/index.php?rest_route=%2Fwp%2Fv2%2Fmedia&parent=5468"}],"wp:term":[{"taxonomy":"category","embeddable":true,"href":"http:\/\/cafebarbantia.barbantia.es\/index.php?rest_route=%2Fwp%2Fv2%2Fcategories&post=5468"},{"taxonomy":"post_tag","embeddable":true,"href":"http:\/\/cafebarbantia.barbantia.es\/index.php?rest_route=%2Fwp%2Fv2%2Ftags&post=5468"}],"curies":[{"name":"wp","href":"https:\/\/api.w.org\/{rel}","templated":true}]}}