{"id":5490,"date":"2016-04-21T06:00:32","date_gmt":"2016-04-21T06:00:32","guid":{"rendered":"http:\/\/cafebarbantia.barbantia.es\/?p=5490"},"modified":"2016-04-17T18:33:45","modified_gmt":"2016-04-17T18:33:45","slug":"eu-alvaro-de-campos","status":"publish","type":"post","link":"http:\/\/cafebarbantia.barbantia.es\/?p=5490","title":{"rendered":"Eu, \u00c1lvaro de Campos"},"content":{"rendered":"<p style=\"text-align: justify;\"><em><strong><a href=\"http:\/\/cafebarbantia.barbantia.es\/wp-content\/uploads\/2016\/04\/alvaro1.png\"><img decoding=\"async\" loading=\"lazy\" class=\"alignleft size-medium wp-image-5492\" alt=\"alvaro1\" src=\"http:\/\/cafebarbantia.barbantia.es\/wp-content\/uploads\/2016\/04\/alvaro1-186x300.png\" width=\"186\" height=\"300\" srcset=\"http:\/\/cafebarbantia.barbantia.es\/wp-content\/uploads\/2016\/04\/alvaro1-186x300.png 186w, http:\/\/cafebarbantia.barbantia.es\/wp-content\/uploads\/2016\/04\/alvaro1.png 298w\" sizes=\"(max-width: 186px) 100vw, 186px\" \/><\/a>Fidel Vidal.\u00a0<\/strong><\/em>En \u00c1lvaro de Campos (\u201co mais hist\u00e8ricamente hist\u00e9rico de mim\u201d, di Pessoa) latexa constantemente o anhelo por ser <i>un<\/i>, un <i>eu<\/i>:<\/p>\n<p style=\"text-align: justify;\"><i>Eu, eu mesmo&#8230;\/<\/i><i>Eu, cheio de todos os cansa\u00e7os\/<\/i>(&#8230;)\/<i>Eu son eu\/<\/i><i>Eu fico eu\/<\/i><i>Eu&#8230;<\/i><\/p>\n<p style=\"text-align: justify;\">A orixe de toda identidade, polo menos na nosa sociedade, nace en primeiro lugar da figura do pai. O acceso \u00e1 realidade (simb\u00f3lica) verif\u00edcase a trav\u00e9s del (Bauer), pois este transmite a li\u00f1axe, o saber, a palabra. Sabemos dos pais, das nais e dos av\u00f3s de Pessoa (particular importancia ten a s\u00faa avoa D\u00aa Dion\u00edsia Estrela). <!--more-->Mais \u00e9 rid\u00edculo sentirse orgulloso dos nosos antepasados. Freud prop\u00f3n e prefire ser el mesmo un antepasado, un pai, un av\u00f3. &#8220;Eu son o meu pai, a mi\u00f1a nai, o meu fillo e eu mesmo&#8221;, confirmaba Artaud. Isto sup\u00f3n unha maneira de acheg\u00e1rmonos ao concepto do home como ser ensimesmado (reflexivo, metido en si mesmo) no sentido orteguiano, en contra do resto dos animais, sempre alterados (alter, outros) pendentes dos demais e da contorna, \u00e9 dicir, en constante alerta. Mais \u00e9 polos outros que n\u00f3s somos quen somos. O home ser\u00e1 si mesmo na medida en que \u00e9 xuntamente <i>ensimesmidade<\/i> e <i>outredade<\/i>.<\/p>\n<p style=\"text-align: justify;\">A \u00c1lvaro de Campos, segundo considera Octavio Paz, gustar\u00edalle ser o autor do seu libro. Previo afastamento da casa como un apestado, cando morre o seu pai Pessoa conta cinco anos de idade. Non obstante el lembra ese tempo como unha primeira infancia impregnada de <i>harmon\u00edas<\/i> <i>deliciosas. <\/i>As\u00ed en \u201cChuva Obl\u00edqua\u201d:<\/p>\n<p style=\"text-align: justify;\"><i>\u00a0<\/i><\/p>\n<p style=\"text-align: justify;\"><i>\u00a0\u00a0\u00a0\u00a0\u00a0\u00a0\u00a0\u00a0\u00a0\u00a0\u00a0 Prossegue a m\u00fasica, e eis a minha inf\u00e2ncia <\/i><\/p>\n<p style=\"text-align: justify;\"><i>\u00a0\u00a0\u00a0\u00a0\u00a0\u00a0\u00a0\u00a0\u00a0\u00a0\u00a0\u00a0\u00a0\u00a0\u00a0\u00a0\u00a0\u00a0\u00a0\u00a0\u00a0\u00a0\u00a0\u00a0\u00a0\u00a0\u00a0\u00a0\u00a0\u00a0\u00a0\u00a0\u00a0\u00a0 <\/i>(&#8230;)<\/p>\n<p style=\"text-align: justify;\"><i>\u00a0\u00a0\u00a0\u00a0\u00a0\u00a0\u00a0\u00a0\u00a0\u00a0\u00a0 Pobre velha casa da minha inf\u00e2ncia perdida! <\/i><\/p>\n<p style=\"text-align: justify;\"><a href=\"http:\/\/cafebarbantia.barbantia.es\/wp-content\/uploads\/2016\/04\/alvaro2.jpg\"><img decoding=\"async\" loading=\"lazy\" class=\"alignright size-medium wp-image-5493\" alt=\"alvaro2\" src=\"http:\/\/cafebarbantia.barbantia.es\/wp-content\/uploads\/2016\/04\/alvaro2-300x168.jpg\" width=\"300\" height=\"168\" srcset=\"http:\/\/cafebarbantia.barbantia.es\/wp-content\/uploads\/2016\/04\/alvaro2-300x168.jpg 300w, http:\/\/cafebarbantia.barbantia.es\/wp-content\/uploads\/2016\/04\/alvaro2.jpg 400w\" sizes=\"(max-width: 300px) 100vw, 300px\" \/><\/a>\u201cEstou n\u00e3o s\u00f3 cansado, mas amargurado, e a amargura \u00e9 inc\u00f3gnita tambem. Estou, de angustiado, \u00e0 beira de lagrimas -n\u00e3o de lagrimas que se choram, mas que se reprimem, lagrimas de uma doen\u00e7a da alma, que n\u00e3o de uma d\u00f4r sensibel.\u201d (Bernardo Soares, <i>Livro do desassossego<\/i>). A marxinalidade e a soidade forman parte da vida tanto de Pessoa como dos seus heter\u00f3nimos principais. Esta loucura ficticia, como a define Tabucchi, \u00e9 unha terapia da soidade. Nas partidas de nacemento de Alberto Caeiro, \u00c1lvaro de Campos e Ricardo Reis, redactadas con moita minuciosidade, b\u00f3tase en falta calquera tipo de compa\u00f1\u00eda, familiar ou sentimental. A falta, sempre a falta. Pessoa:<\/p>\n<p style=\"text-align: justify;\"><i>\u00a0\u00a0\u00a0\u00a0\u00a0\u00a0\u00a0\u00a0\u00a0\u00a0\u00a0\u00a0\u00a0\u00a0\u00a0\u00a0\u00a0\u00a0\u00a0\u00a0\u00a0\u00a0\u00a0 Falta sempre uma cousa, un copo, uma brisa, uma frase,<\/i><\/p>\n<p style=\"text-align: justify;\"><i>\u00a0\u00a0\u00a0\u00a0\u00a0\u00a0\u00a0\u00a0\u00a0\u00a0\u00a0 \u00a0\u00a0\u00a0\u00a0\u00a0\u00a0\u00a0\u00a0\u00a0\u00a0 \u00a0e a vida d\u00f3i quanto mais se goza e quanto mais se inventa<\/i><\/p>\n<p style=\"text-align: justify;\">Non s\u00f3 iso: tam\u00e9n eles, coma o seu propio pai, son <i>desprazados<\/i>: \u201cReis vive nun exilio voluntario en Brasil; Campos, enxe\u00f1eiro por Glasgow, vive sen traballo en Lisboa; Caeiro, que ten xa na s\u00faa partida de nacemento o certificado de defunci\u00f3n, viviu sempre no campo cunha t\u00eda vella\u201d.<\/p>\n","protected":false},"excerpt":{"rendered":"<p>Fidel Vidal.\u00a0En \u00c1lvaro de Campos (\u201co mais hist\u00e8ricamente hist\u00e9rico de mim\u201d, di Pessoa) latexa constantemente o anhelo por ser un, un eu: Eu, eu mesmo&#8230;\/Eu, cheio de todos os cansa\u00e7os\/(&#8230;)\/Eu son eu\/Eu fico eu\/Eu&#8230; A orixe de toda identidade, polo menos na nosa sociedade, nace en primeiro lugar da figura do pai. O acceso \u00e1 &hellip; <a href=\"http:\/\/cafebarbantia.barbantia.es\/?p=5490\" class=\"more-link\">Seguir lendo <span class=\"screen-reader-text\">Eu, \u00c1lvaro de Campos<\/span> <span class=\"meta-nav\">&rarr;<\/span><\/a><\/p>\n","protected":false},"author":1,"featured_media":0,"comment_status":"open","ping_status":"closed","sticky":false,"template":"","format":"standard","meta":{"_bbp_topic_count":0,"_bbp_reply_count":0,"_bbp_total_topic_count":0,"_bbp_total_reply_count":0,"_bbp_voice_count":0,"_bbp_anonymous_reply_count":0,"_bbp_topic_count_hidden":0,"_bbp_reply_count_hidden":0,"_bbp_forum_subforum_count":0,"_exactmetrics_skip_tracking":false,"_exactmetrics_sitenote_active":false,"_exactmetrics_sitenote_note":"","_exactmetrics_sitenote_category":0,"_monsterinsights_skip_tracking":false,"_monsterinsights_sitenote_active":false,"_monsterinsights_sitenote_note":"","_monsterinsights_sitenote_category":0},"categories":[7,65,10],"tags":[],"aioseo_notices":[],"_links":{"self":[{"href":"http:\/\/cafebarbantia.barbantia.es\/index.php?rest_route=\/wp\/v2\/posts\/5490"}],"collection":[{"href":"http:\/\/cafebarbantia.barbantia.es\/index.php?rest_route=\/wp\/v2\/posts"}],"about":[{"href":"http:\/\/cafebarbantia.barbantia.es\/index.php?rest_route=\/wp\/v2\/types\/post"}],"author":[{"embeddable":true,"href":"http:\/\/cafebarbantia.barbantia.es\/index.php?rest_route=\/wp\/v2\/users\/1"}],"replies":[{"embeddable":true,"href":"http:\/\/cafebarbantia.barbantia.es\/index.php?rest_route=%2Fwp%2Fv2%2Fcomments&post=5490"}],"version-history":[{"count":2,"href":"http:\/\/cafebarbantia.barbantia.es\/index.php?rest_route=\/wp\/v2\/posts\/5490\/revisions"}],"predecessor-version":[{"id":5494,"href":"http:\/\/cafebarbantia.barbantia.es\/index.php?rest_route=\/wp\/v2\/posts\/5490\/revisions\/5494"}],"wp:attachment":[{"href":"http:\/\/cafebarbantia.barbantia.es\/index.php?rest_route=%2Fwp%2Fv2%2Fmedia&parent=5490"}],"wp:term":[{"taxonomy":"category","embeddable":true,"href":"http:\/\/cafebarbantia.barbantia.es\/index.php?rest_route=%2Fwp%2Fv2%2Fcategories&post=5490"},{"taxonomy":"post_tag","embeddable":true,"href":"http:\/\/cafebarbantia.barbantia.es\/index.php?rest_route=%2Fwp%2Fv2%2Ftags&post=5490"}],"curies":[{"name":"wp","href":"https:\/\/api.w.org\/{rel}","templated":true}]}}