{"id":5518,"date":"2016-04-28T06:00:43","date_gmt":"2016-04-28T06:00:43","guid":{"rendered":"http:\/\/cafebarbantia.barbantia.es\/?p=5518"},"modified":"2016-04-25T10:18:18","modified_gmt":"2016-04-25T10:18:18","slug":"os-innumeros-de-ricardo-reis","status":"publish","type":"post","link":"http:\/\/cafebarbantia.barbantia.es\/?p=5518","title":{"rendered":"Os inn\u00fameros de Ricardo Reis"},"content":{"rendered":"<p style=\"text-align: justify;\"><em><strong><a href=\"http:\/\/cafebarbantia.barbantia.es\/wp-content\/uploads\/2016\/04\/nomes1.jpg\"><img decoding=\"async\" loading=\"lazy\" class=\"alignright size-medium wp-image-5520\" alt=\"nomes1\" src=\"http:\/\/cafebarbantia.barbantia.es\/wp-content\/uploads\/2016\/04\/nomes1-300x205.jpg\" width=\"300\" height=\"205\" srcset=\"http:\/\/cafebarbantia.barbantia.es\/wp-content\/uploads\/2016\/04\/nomes1-300x205.jpg 300w, http:\/\/cafebarbantia.barbantia.es\/wp-content\/uploads\/2016\/04\/nomes1.jpg 600w\" sizes=\"(max-width: 300px) 100vw, 300px\" \/><\/a>Fidel Vidal.\u00a0<\/strong><\/em>Ter <i>un<\/i> <i>nome<\/i> equivale, tal como sucede no noso pa\u00eds, a levar connosco un documento (nacional) de identidade que o diga (por non falar dunha <i>n\u00f3mina<\/i>), ou estar inscrito nun Libro de Familia. Un D.N.I. nunca constru\u00edu unha identidade. Os antrop\u00f3logos traen novas de culturas onde a heteronimia forma parte natural da conduta humana. <!--more-->Ocorre que un home pode cambiar de nome at\u00e9 vinte veces ou m\u00e1is, e \u00e9 por iso que custa seguilo, perseguilo, dada a facilidade con que se lle perde a pista. Hai outras onde cada quen leva consigo moitas almas, incluso unha alma en cada \u00f3rgano ou membro corporal, e sen estaren tolos. Nesta altura, non soar\u00e1n estra\u00f1as as verbas de Ricardo Reis ditadas desde o saber universal da poes\u00eda:<\/p>\n<p style=\"text-align: justify;\"><i>Se recordo quem fui, outrem me vejo,\/ e o passado \u00e9 presente na lembran\u00e7a. (\u2026) Que quem son e quem fui\/ s\u00e3o sonhos diferentes. (&#8230;) Vivem en n\u00f3s inn\u00fameros; (&#8230;) Tenho mais almas que uma.\/ H\u00e1 mais eus do que eu mesmo.\/ Existo todav\u00eda\/ indiferente a todos\/ Fa\u00e7o-os calar: eu escrevo.<\/i><\/p>\n<p style=\"text-align: justify;\"><i>Eu escrevo<\/i>. A arte po\u00e9tica \u00e9 unha m\u00e1xica forma de co\u00f1ecemento. E a escritura unha extraordinaria maneira de se constitu\u00edr en suxeito (Morey). Sigamos o propio Pessoa:<b> <\/b>\u201c<i>\u00bfQu\u00e9n que sexa portugu\u00e9s pode vivir na estreiteza dunha soa personalidade<\/i>?<b>\u201d<\/b> Ou a \u00c1lvaro de Campos cando quere <b>\u201c<\/b><i>ser todo e de todas as maneiras\u201d <\/i>para ser<i> un<\/i>.<\/p>\n<p style=\"text-align: justify;\"><a href=\"http:\/\/cafebarbantia.barbantia.es\/wp-content\/uploads\/2016\/04\/nomes2.jpg\"><img decoding=\"async\" loading=\"lazy\" class=\"alignleft size-medium wp-image-5521\" alt=\"nomes2\" src=\"http:\/\/cafebarbantia.barbantia.es\/wp-content\/uploads\/2016\/04\/nomes2-165x300.jpg\" width=\"165\" height=\"300\" \/><\/a>\u201cABOLICI\u00d3N DO DOGMA DA PERSONALIDADE\u201d, apunta Campos en <i>De Ultimatum<\/i>. Isto \u00e9, que posu\u00edmos unha Personalidade \u201cseparada\u201d da personalidade dos demais. Tr\u00e1tase dunha ficci\u00f3n teol\u00f3xica. A personalidade de cada un componse do entrecruzamento social coas \u201cpersonalidades\u201d dos outros, da inmersi\u00f3n en correntes ou tendencias sociais e da fixaci\u00f3n de trazos hereditarios ori\u00fandos, na s\u00faa meirande parte, de fen\u00f3menos de orde colectiva. Somos cos outros e os outros sono connosco. Para o sentimento cristi\u00e1n, o home m\u00e1is perfecto \u00e9 aquel que con maior verdade poida dicir: \u201cEu son eu\u201d. Para a Ciencia, o home m\u00e1is v\u00e1lido \u00e9 o que con maior xustiza poida declarar: \u201cEu son todos os outros\u201d.<\/p>\n<p style=\"text-align: justify;\">O medo \u00e1 desestruturaci\u00f3n, \u00e1 propia destruci\u00f3n, fai que o home intente manter, ou fabricar, unha suposta unidade monol\u00edtica que se traduce co nome de personalidade. Ante unha vivencia de ansiedade o home ten medo a morrer, latexa nel unha sorte de pos\u00edbel morte f\u00edsica (dun paro card\u00edaco, <i>angor<\/i>, angustia), ou perder a raz\u00f3n deixando de ser un mesmo a trav\u00e9s da loucura (outra sorte de morrer), quer dicir, unha morte psicol\u00f3xica. O temor \u00e1 loucura foi talvez un dos p\u00e1nicos subxacentes e constantes de Pessoa. (A presenza fantasmal da loucura da avoa Dion\u00edsia?)<\/p>\n<p style=\"text-align: justify;\">No entanto, Ricardo Reis, sendo <i>inn\u00fameros<\/i>, non soportaba os cambios nin as mudanzas:<\/p>\n<p style=\"text-align: justify;\"><i>Tudo quanto me ameace de mudar-me<\/i><\/p>\n<p style=\"text-align: justify;\"><i>Para melhor que seja, odeio e fujo.<\/i><\/p>\n<p style=\"text-align: justify;\"><i>Deixem-me os deuses minha vida sempre sem renovar.<\/i><\/p>\n","protected":false},"excerpt":{"rendered":"<p>Fidel Vidal.\u00a0Ter un nome equivale, tal como sucede no noso pa\u00eds, a levar connosco un documento (nacional) de identidade que o diga (por non falar dunha n\u00f3mina), ou estar inscrito nun Libro de Familia. Un D.N.I. nunca constru\u00edu unha identidade. Os antrop\u00f3logos traen novas de culturas onde a heteronimia forma parte natural da conduta humana.<\/p>\n","protected":false},"author":1,"featured_media":0,"comment_status":"open","ping_status":"closed","sticky":false,"template":"","format":"standard","meta":{"_bbp_topic_count":0,"_bbp_reply_count":0,"_bbp_total_topic_count":0,"_bbp_total_reply_count":0,"_bbp_voice_count":0,"_bbp_anonymous_reply_count":0,"_bbp_topic_count_hidden":0,"_bbp_reply_count_hidden":0,"_bbp_forum_subforum_count":0,"_exactmetrics_skip_tracking":false,"_exactmetrics_sitenote_active":false,"_exactmetrics_sitenote_note":"","_exactmetrics_sitenote_category":0,"_monsterinsights_skip_tracking":false,"_monsterinsights_sitenote_active":false,"_monsterinsights_sitenote_note":"","_monsterinsights_sitenote_category":0},"categories":[7,65,10],"tags":[],"aioseo_notices":[],"_links":{"self":[{"href":"http:\/\/cafebarbantia.barbantia.es\/index.php?rest_route=\/wp\/v2\/posts\/5518"}],"collection":[{"href":"http:\/\/cafebarbantia.barbantia.es\/index.php?rest_route=\/wp\/v2\/posts"}],"about":[{"href":"http:\/\/cafebarbantia.barbantia.es\/index.php?rest_route=\/wp\/v2\/types\/post"}],"author":[{"embeddable":true,"href":"http:\/\/cafebarbantia.barbantia.es\/index.php?rest_route=\/wp\/v2\/users\/1"}],"replies":[{"embeddable":true,"href":"http:\/\/cafebarbantia.barbantia.es\/index.php?rest_route=%2Fwp%2Fv2%2Fcomments&post=5518"}],"version-history":[{"count":2,"href":"http:\/\/cafebarbantia.barbantia.es\/index.php?rest_route=\/wp\/v2\/posts\/5518\/revisions"}],"predecessor-version":[{"id":5522,"href":"http:\/\/cafebarbantia.barbantia.es\/index.php?rest_route=\/wp\/v2\/posts\/5518\/revisions\/5522"}],"wp:attachment":[{"href":"http:\/\/cafebarbantia.barbantia.es\/index.php?rest_route=%2Fwp%2Fv2%2Fmedia&parent=5518"}],"wp:term":[{"taxonomy":"category","embeddable":true,"href":"http:\/\/cafebarbantia.barbantia.es\/index.php?rest_route=%2Fwp%2Fv2%2Fcategories&post=5518"},{"taxonomy":"post_tag","embeddable":true,"href":"http:\/\/cafebarbantia.barbantia.es\/index.php?rest_route=%2Fwp%2Fv2%2Ftags&post=5518"}],"curies":[{"name":"wp","href":"https:\/\/api.w.org\/{rel}","templated":true}]}}