{"id":5675,"date":"2016-08-14T06:00:01","date_gmt":"2016-08-14T06:00:01","guid":{"rendered":"http:\/\/cafebarbantia.barbantia.es\/?p=5675"},"modified":"2016-08-09T06:59:21","modified_gmt":"2016-08-09T06:59:21","slug":"o-carteiro-das-noites-brancas-de-andrei-konchalovsky","status":"publish","type":"post","link":"http:\/\/cafebarbantia.barbantia.es\/?p=5675","title":{"rendered":"O carteiro das noites brancas, de Andrei Konchalovsky"},"content":{"rendered":"<p style=\"text-align: justify;\"><a href=\"http:\/\/cafebarbantia.barbantia.es\/wp-content\/uploads\/2016\/05\/el-cartero.jpg\"><img decoding=\"async\" loading=\"lazy\" class=\"size-medium wp-image-5676 alignright\" alt=\"el cartero\" src=\"http:\/\/cafebarbantia.barbantia.es\/wp-content\/uploads\/2016\/05\/el-cartero-225x300.jpg\" width=\"225\" height=\"300\" srcset=\"http:\/\/cafebarbantia.barbantia.es\/wp-content\/uploads\/2016\/05\/el-cartero-225x300.jpg 225w, http:\/\/cafebarbantia.barbantia.es\/wp-content\/uploads\/2016\/05\/el-cartero.jpg 450w\" sizes=\"(max-width: 225px) 100vw, 225px\" \/><\/a><em><strong>Xerardo Agrafoxo.\u00a0<\/strong><\/em>Esta pel\u00edcula conta a vida dunha comunidade que vive a car\u00f3n dun lago situado nunha fronteira da xeograf\u00eda rusa. A s\u00faa vida semella que non mudou nos \u00faltimos decenios. Cada familia vive no territorio da supervivencia, sempre \u00e1 espreita de quen se achega \u00e1s s\u00faas casas. Todos est\u00e1n atentos a unha televisi\u00f3n decadente e, sobre todo, pendentes das \u201cnoticias\u201d que lles trae o carteiro coa s\u00faa barca motorizada. El \u00e9 f\u00edo condutor de cada unha das historias que se revelan ante os nosos ollos cun ritmo tan pausado que semella que estamos vendo un documental con intenci\u00f3ns antropol\u00f3xicas.<!--more--><\/p>\n<p style=\"text-align: justify;\">Deste xeito, <i>O carteiro das noites brancas<\/i> (2014) conv\u00e9rtese nunha pel\u00edcula que retrata de maneira sinxela a soidade do individuo, representada aqu\u00ed polo carteiro Lyoka, interpretado por Aleksey Tryapitsyn, que, no seu intento de seducir a Irina, unha muller m\u00e1is nova e compa\u00f1eira de escola (Irina Ermolova), atoparase diante dunhas situaci\u00f3ns insospeitadas. <a href=\"http:\/\/cafebarbantia.barbantia.es\/wp-content\/uploads\/2016\/05\/el-cartero2.jpg\"><img decoding=\"async\" loading=\"lazy\" class=\"size-medium wp-image-5677 alignleft\" alt=\"el cartero2\" src=\"http:\/\/cafebarbantia.barbantia.es\/wp-content\/uploads\/2016\/05\/el-cartero2-300x170.jpg\" width=\"300\" height=\"170\" srcset=\"http:\/\/cafebarbantia.barbantia.es\/wp-content\/uploads\/2016\/05\/el-cartero2-300x170.jpg 300w, http:\/\/cafebarbantia.barbantia.es\/wp-content\/uploads\/2016\/05\/el-cartero2.jpg 600w\" sizes=\"(max-width: 300px) 100vw, 300px\" \/><\/a>A pel\u00edcula tam\u00e9n retrata a indefensi\u00f3n do individuo fronte a engrenaxe burocr\u00e1tica e o illamento dunhas persoas que viven \u00e1 marxe das autoridades. \u00c9 dicir, unha pel\u00edcula rusa que tam\u00e9n se pod\u00eda rodar nalgunhas aldeas da Galicia profunda. A riqueza das imaxes e a firmeza das denuncias, converten esta pel\u00edcula nunha obra digna de verse. Se \u00e9 posible pola noite, e coa casa en \u201cmodo silencio\u201d.<\/p>\n<p style=\"text-align: justify;\">O realizador desta curiosa obra, que levou o Le\u00f3n de Prata \u00e1 Mellor Direcci\u00f3n no Festival de Venecia de 2014, \u00e9 Andrei Konchalovsky, autor de <i>Siberiada<\/i> (1979) e irm\u00e1n de Nikita Mijalkov, reco\u00f1ecido no cine occidental por <i>O barbeiro de Siberia<\/i> (1998).<\/p>\n","protected":false},"excerpt":{"rendered":"<p>Xerardo Agrafoxo.\u00a0Esta pel\u00edcula conta a vida dunha comunidade que vive a car\u00f3n dun lago situado nunha fronteira da xeograf\u00eda rusa. A s\u00faa vida semella que non mudou nos \u00faltimos decenios. Cada familia vive no territorio da supervivencia, sempre \u00e1 espreita de quen se achega \u00e1s s\u00faas casas. Todos est\u00e1n atentos a unha televisi\u00f3n decadente e, &hellip; <a href=\"http:\/\/cafebarbantia.barbantia.es\/?p=5675\" class=\"more-link\">Seguir lendo <span class=\"screen-reader-text\">O carteiro das noites brancas, de Andrei Konchalovsky<\/span> <span class=\"meta-nav\">&rarr;<\/span><\/a><\/p>\n","protected":false},"author":1,"featured_media":0,"comment_status":"open","ping_status":"closed","sticky":false,"template":"","format":"standard","meta":{"_bbp_topic_count":0,"_bbp_reply_count":0,"_bbp_total_topic_count":0,"_bbp_total_reply_count":0,"_bbp_voice_count":0,"_bbp_anonymous_reply_count":0,"_bbp_topic_count_hidden":0,"_bbp_reply_count_hidden":0,"_bbp_forum_subforum_count":0,"_exactmetrics_skip_tracking":false,"_exactmetrics_sitenote_active":false,"_exactmetrics_sitenote_note":"","_exactmetrics_sitenote_category":0,"_monsterinsights_skip_tracking":false,"_monsterinsights_sitenote_active":false,"_monsterinsights_sitenote_note":"","_monsterinsights_sitenote_category":0},"categories":[6,21],"tags":[],"aioseo_notices":[],"_links":{"self":[{"href":"http:\/\/cafebarbantia.barbantia.es\/index.php?rest_route=\/wp\/v2\/posts\/5675"}],"collection":[{"href":"http:\/\/cafebarbantia.barbantia.es\/index.php?rest_route=\/wp\/v2\/posts"}],"about":[{"href":"http:\/\/cafebarbantia.barbantia.es\/index.php?rest_route=\/wp\/v2\/types\/post"}],"author":[{"embeddable":true,"href":"http:\/\/cafebarbantia.barbantia.es\/index.php?rest_route=\/wp\/v2\/users\/1"}],"replies":[{"embeddable":true,"href":"http:\/\/cafebarbantia.barbantia.es\/index.php?rest_route=%2Fwp%2Fv2%2Fcomments&post=5675"}],"version-history":[{"count":2,"href":"http:\/\/cafebarbantia.barbantia.es\/index.php?rest_route=\/wp\/v2\/posts\/5675\/revisions"}],"predecessor-version":[{"id":6076,"href":"http:\/\/cafebarbantia.barbantia.es\/index.php?rest_route=\/wp\/v2\/posts\/5675\/revisions\/6076"}],"wp:attachment":[{"href":"http:\/\/cafebarbantia.barbantia.es\/index.php?rest_route=%2Fwp%2Fv2%2Fmedia&parent=5675"}],"wp:term":[{"taxonomy":"category","embeddable":true,"href":"http:\/\/cafebarbantia.barbantia.es\/index.php?rest_route=%2Fwp%2Fv2%2Fcategories&post=5675"},{"taxonomy":"post_tag","embeddable":true,"href":"http:\/\/cafebarbantia.barbantia.es\/index.php?rest_route=%2Fwp%2Fv2%2Ftags&post=5675"}],"curies":[{"name":"wp","href":"https:\/\/api.w.org\/{rel}","templated":true}]}}