{"id":5770,"date":"2016-07-19T06:00:44","date_gmt":"2016-07-19T06:00:44","guid":{"rendered":"http:\/\/cafebarbantia.barbantia.es\/?p=5770"},"modified":"2016-07-13T09:00:15","modified_gmt":"2016-07-13T09:00:15","slug":"a-caceria-de-amadeo-cobas","status":"publish","type":"post","link":"http:\/\/cafebarbantia.barbantia.es\/?p=5770","title":{"rendered":"A cacer\u00eda, de Amadeo Cobas"},"content":{"rendered":"<p itemprop=\"text\" style=\"text-align: justify;\"><em><strong><a href=\"http:\/\/cafebarbantia.barbantia.es\/wp-content\/uploads\/2016\/05\/a-caceria.jpg\"><img decoding=\"async\" loading=\"lazy\" class=\"size-medium wp-image-5771 alignright\" alt=\"a caceria\" src=\"http:\/\/cafebarbantia.barbantia.es\/wp-content\/uploads\/2016\/05\/a-caceria-185x300.jpg\" width=\"185\" height=\"300\" srcset=\"http:\/\/cafebarbantia.barbantia.es\/wp-content\/uploads\/2016\/05\/a-caceria-185x300.jpg 185w, http:\/\/cafebarbantia.barbantia.es\/wp-content\/uploads\/2016\/05\/a-caceria-634x1024.jpg 634w, http:\/\/cafebarbantia.barbantia.es\/wp-content\/uploads\/2016\/05\/a-caceria-900x1453.jpg 900w, http:\/\/cafebarbantia.barbantia.es\/wp-content\/uploads\/2016\/05\/a-caceria.jpg 1000w\" sizes=\"(max-width: 185px) 100vw, 185px\" \/><\/a>Pedro Garc\u00eda Vidal.\u00a0<\/strong><\/em>\u00abA Gran Cacer\u00eda \u00e9 o acontecemento m\u00e1is sobranceiro na poboaci\u00f3n. Ao albiscar o inverno, unha partida de homes sae a facer a batida das pezas que han soster os nosos meses escuros e fr\u00edos. Un meni\u00f1o coma min deixa de selo coa participaci\u00f3n na cacer\u00eda\u00bb. Desta maneira comeza o novo libro de Amadeo Cobas (Noia, 1966) quen, dun xeito trepidante, nos introduce na loita pola supervivencia dun pobo personificada na figura dun neno.<\/p>\n<p itemprop=\"text\" style=\"text-align: justify;\">Ao igual que suced\u00eda na s\u00faa \u00f3pera prima en lingua galega,\u00a0<em>Contos de viaxe<\/em>\u00a0(2002) e na s\u00faa segunda,\u00a0<em>As pantasmas sodes do que non hai<\/em>(2008), tam\u00e9n nesta\u00a0<em>Cacer\u00eda\u00a0<\/em>a viaxe \u00e9 a protagonista. <!--more-->Neste caso a viaxe pres\u00e9ntase como ese traxecto vital de neno a home que Zairo, habitante dunha tribo salvaxe, debe transitar coa participaci\u00f3n na Gran Cacer\u00eda anual.<\/p>\n<p itemprop=\"text\" style=\"text-align: justify;\">Loitas, envexas, traiz\u00f3ns, violencia, morte, pero tam\u00e9n, amor, fidelidade, tradici\u00f3ns, fanse presentes nesta nova obra de Amadeo Cobas, Unha cl\u00e1sica novela de aventuras, onde un pobo loita por sobrevivir nun tempo e espazo m\u00edticos, e onde ao mesmo tempo figura unha reflexi\u00f3n sobre a conformaci\u00f3n da identidade do heroe. Unha historia engaiolante que atrapa dende o inicio ata a derradeira palabra.<\/p>\n<p itemprop=\"text\" style=\"text-align: justify;\">\u00abA cacer\u00eda\u00bb<\/p>\n<p itemprop=\"text\" style=\"text-align: justify;\"><strong>Amadeo Cobas<\/strong><\/p>\n<p itemprop=\"text\" style=\"text-align: justify;\"><strong>Edici\u00f3ns Xerais (2016) 131 p\u00e1xinas<\/strong><\/p>\n","protected":false},"excerpt":{"rendered":"<p>Pedro Garc\u00eda Vidal.\u00a0\u00abA Gran Cacer\u00eda \u00e9 o acontecemento m\u00e1is sobranceiro na poboaci\u00f3n. Ao albiscar o inverno, unha partida de homes sae a facer a batida das pezas que han soster os nosos meses escuros e fr\u00edos. Un meni\u00f1o coma min deixa de selo coa participaci\u00f3n na cacer\u00eda\u00bb. Desta maneira comeza o novo libro de Amadeo &hellip; <a href=\"http:\/\/cafebarbantia.barbantia.es\/?p=5770\" class=\"more-link\">Seguir lendo <span class=\"screen-reader-text\">A cacer\u00eda, de Amadeo Cobas<\/span> <span class=\"meta-nav\">&rarr;<\/span><\/a><\/p>\n","protected":false},"author":1,"featured_media":0,"comment_status":"open","ping_status":"closed","sticky":false,"template":"","format":"standard","meta":{"_bbp_topic_count":0,"_bbp_reply_count":0,"_bbp_total_topic_count":0,"_bbp_total_reply_count":0,"_bbp_voice_count":0,"_bbp_anonymous_reply_count":0,"_bbp_topic_count_hidden":0,"_bbp_reply_count_hidden":0,"_bbp_forum_subforum_count":0,"_exactmetrics_skip_tracking":false,"_exactmetrics_sitenote_active":false,"_exactmetrics_sitenote_note":"","_exactmetrics_sitenote_category":0,"_monsterinsights_skip_tracking":false,"_monsterinsights_sitenote_active":false,"_monsterinsights_sitenote_note":"","_monsterinsights_sitenote_category":0},"categories":[9,34],"tags":[],"aioseo_notices":[],"_links":{"self":[{"href":"http:\/\/cafebarbantia.barbantia.es\/index.php?rest_route=\/wp\/v2\/posts\/5770"}],"collection":[{"href":"http:\/\/cafebarbantia.barbantia.es\/index.php?rest_route=\/wp\/v2\/posts"}],"about":[{"href":"http:\/\/cafebarbantia.barbantia.es\/index.php?rest_route=\/wp\/v2\/types\/post"}],"author":[{"embeddable":true,"href":"http:\/\/cafebarbantia.barbantia.es\/index.php?rest_route=\/wp\/v2\/users\/1"}],"replies":[{"embeddable":true,"href":"http:\/\/cafebarbantia.barbantia.es\/index.php?rest_route=%2Fwp%2Fv2%2Fcomments&post=5770"}],"version-history":[{"count":2,"href":"http:\/\/cafebarbantia.barbantia.es\/index.php?rest_route=\/wp\/v2\/posts\/5770\/revisions"}],"predecessor-version":[{"id":5971,"href":"http:\/\/cafebarbantia.barbantia.es\/index.php?rest_route=\/wp\/v2\/posts\/5770\/revisions\/5971"}],"wp:attachment":[{"href":"http:\/\/cafebarbantia.barbantia.es\/index.php?rest_route=%2Fwp%2Fv2%2Fmedia&parent=5770"}],"wp:term":[{"taxonomy":"category","embeddable":true,"href":"http:\/\/cafebarbantia.barbantia.es\/index.php?rest_route=%2Fwp%2Fv2%2Fcategories&post=5770"},{"taxonomy":"post_tag","embeddable":true,"href":"http:\/\/cafebarbantia.barbantia.es\/index.php?rest_route=%2Fwp%2Fv2%2Ftags&post=5770"}],"curies":[{"name":"wp","href":"https:\/\/api.w.org\/{rel}","templated":true}]}}