{"id":5844,"date":"2016-06-21T06:00:44","date_gmt":"2016-06-21T06:00:44","guid":{"rendered":"http:\/\/cafebarbantia.barbantia.es\/?p=5844"},"modified":"2016-06-13T16:44:26","modified_gmt":"2016-06-13T16:44:26","slug":"onda-finada","status":"publish","type":"post","link":"http:\/\/cafebarbantia.barbantia.es\/?p=5844","title":{"rendered":"Onda finada"},"content":{"rendered":"<p style=\"text-align: justify;\"><em><strong><a href=\"http:\/\/cafebarbantia.barbantia.es\/wp-content\/uploads\/2016\/06\/museo-do-mar.jpg\"><img decoding=\"async\" loading=\"lazy\" class=\"alignright size-medium wp-image-5845\" alt=\"museo do mar\" src=\"http:\/\/cafebarbantia.barbantia.es\/wp-content\/uploads\/2016\/06\/museo-do-mar-300x200.jpg\" width=\"300\" height=\"200\" srcset=\"http:\/\/cafebarbantia.barbantia.es\/wp-content\/uploads\/2016\/06\/museo-do-mar-300x200.jpg 300w, http:\/\/cafebarbantia.barbantia.es\/wp-content\/uploads\/2016\/06\/museo-do-mar-1024x682.jpg 1024w, http:\/\/cafebarbantia.barbantia.es\/wp-content\/uploads\/2016\/06\/museo-do-mar-900x600.jpg 900w, http:\/\/cafebarbantia.barbantia.es\/wp-content\/uploads\/2016\/06\/museo-do-mar.jpg 1056w\" sizes=\"(max-width: 300px) 100vw, 300px\" \/><\/a>Xos\u00e9 Manuel Lobato.\u00a0<\/strong><\/em>A\u00a0 grande inmensidade oce\u00e1nica latexa sostida polas afogadas inspiraci\u00f3ns dun mergullo bambeante entre a desesperanza e a incerteza. Desacougo no chiscar do faro, a s\u00faa pausada ollada navega nas b\u00e1goas do pasado apresadas no museo do mar de Fisterra.<!--more--><\/p>\n<p style=\"text-align: justify;\">Historia viva situada no emblem\u00e1tico castelo de san Carlos, non \u00e9 este un dos grandes castelos, mais o seu emprazamento e a s\u00faa historia conseguen a metamorfose ideal para albergar un museo dedicado ao mundo do mar. Sen d\u00fabida, nun enclave que acolle a un pobo que inspira e expira co arrecendo salgado do vaiv\u00e9n constante das marus\u00edas fisterr\u00e1s.<\/p>\n<p style=\"text-align: justify;\">Este noso final da terra e as s\u00faas xentes son dende tempos afastados moradores do mar empedrado por numerosos cons con nome propio e unha vaga de mar que se enrabecha ante tanta p\u00e9trea presenza.<\/p>\n<p style=\"text-align: justify;\"><a href=\"http:\/\/cafebarbantia.barbantia.es\/wp-content\/uploads\/2016\/06\/museo-do-mar1.jpg\"><img decoding=\"async\" loading=\"lazy\" class=\"alignleft size-medium wp-image-5846\" alt=\"museo-do-mar\" src=\"http:\/\/cafebarbantia.barbantia.es\/wp-content\/uploads\/2016\/06\/museo-do-mar1-300x109.jpg\" width=\"300\" height=\"109\" srcset=\"http:\/\/cafebarbantia.barbantia.es\/wp-content\/uploads\/2016\/06\/museo-do-mar1-300x109.jpg 300w, http:\/\/cafebarbantia.barbantia.es\/wp-content\/uploads\/2016\/06\/museo-do-mar1-1024x373.jpg 1024w, http:\/\/cafebarbantia.barbantia.es\/wp-content\/uploads\/2016\/06\/museo-do-mar1-900x328.jpg 900w\" sizes=\"(max-width: 300px) 100vw, 300px\" \/><\/a>Admiraci\u00f3n e respecto para esa acuosa bravura multicolor que arremete sen compaix\u00f3n, por\u00e9n os pescadores e mari\u00f1eiros deste Cabo ondean a bandeira ancestral da sabedor\u00eda transmitida polos seus devanceiros e logran vivir nestas augas nas cristas das ondas, abalando e devalando con intensa enerx\u00eda a procuraren empat\u00eda e harmon\u00eda co seu mar.<\/p>\n<p style=\"text-align: justify;\">No entanto, esta historia de loita secular sen par debe ser espallada e valorada por todas aquelas persoas de calquera lugar do mundo que se achegan a co\u00f1ecer Fisterra e o seu m\u00e1xico engado.<\/p>\n<p style=\"text-align: justify;\">Con profunda tristura e decepci\u00f3n viv\u00edn a mi\u00f1a \u00faltima visita polas terras do Cabo. A sorpresa foi das que deixan pegada cando tentei acceder ao castelo de san Carlos, como en varias ocasi\u00f3ns anteriores, para min visita obrigada este museo do mar que encontrei trancado.<\/p>\n<p style=\"text-align: justify;\"><a href=\"http:\/\/cafebarbantia.barbantia.es\/wp-content\/uploads\/2016\/06\/alexandre.jpg\"><img decoding=\"async\" loading=\"lazy\" class=\"alignright size-full wp-image-5847\" alt=\"alexandre\" src=\"http:\/\/cafebarbantia.barbantia.es\/wp-content\/uploads\/2016\/06\/alexandre.jpg\" width=\"183\" height=\"275\" \/><\/a>Posiblemente un museo humilde, mais que se magnifica cos folgos e coa intensa vida acubillada nas explicaci\u00f3ns de Manolo, un gu\u00eda at\u00edpico, xa que co\u00f1ece todos os segredos dun mar que ama e co que durante moito tempo tam\u00e9n compartiu a s\u00faa xornada laboral como mergullador.<\/p>\n<p style=\"text-align: justify;\">Mais iso non \u00e9 todo, Alexandre Nerium \u00e9 un dos poetas do mar cun vocabulario m\u00e1is diverso e limpo.<\/p>\n<p style=\"text-align: justify;\">Hoxe, o museo do mar necesita vida e precisa ser espallado, esa vida intensa que recibe do pasado feito presente na oralidade mareira de Manolo ou Alexandre Nerium.<\/p>\n<p>&nbsp;<\/p>\n","protected":false},"excerpt":{"rendered":"<p>Xos\u00e9 Manuel Lobato.\u00a0A\u00a0 grande inmensidade oce\u00e1nica latexa sostida polas afogadas inspiraci\u00f3ns dun mergullo bambeante entre a desesperanza e a incerteza. Desacougo no chiscar do faro, a s\u00faa pausada ollada navega nas b\u00e1goas do pasado apresadas no museo do mar de Fisterra.<\/p>\n","protected":false},"author":1,"featured_media":0,"comment_status":"open","ping_status":"closed","sticky":false,"template":"","format":"standard","meta":{"_bbp_topic_count":0,"_bbp_reply_count":0,"_bbp_total_topic_count":0,"_bbp_total_reply_count":0,"_bbp_voice_count":0,"_bbp_anonymous_reply_count":0,"_bbp_topic_count_hidden":0,"_bbp_reply_count_hidden":0,"_bbp_forum_subforum_count":0,"_exactmetrics_skip_tracking":false,"_exactmetrics_sitenote_active":false,"_exactmetrics_sitenote_note":"","_exactmetrics_sitenote_category":0,"_monsterinsights_skip_tracking":false,"_monsterinsights_sitenote_active":false,"_monsterinsights_sitenote_note":"","_monsterinsights_sitenote_category":0},"categories":[7,9,44],"tags":[],"aioseo_notices":[],"_links":{"self":[{"href":"http:\/\/cafebarbantia.barbantia.es\/index.php?rest_route=\/wp\/v2\/posts\/5844"}],"collection":[{"href":"http:\/\/cafebarbantia.barbantia.es\/index.php?rest_route=\/wp\/v2\/posts"}],"about":[{"href":"http:\/\/cafebarbantia.barbantia.es\/index.php?rest_route=\/wp\/v2\/types\/post"}],"author":[{"embeddable":true,"href":"http:\/\/cafebarbantia.barbantia.es\/index.php?rest_route=\/wp\/v2\/users\/1"}],"replies":[{"embeddable":true,"href":"http:\/\/cafebarbantia.barbantia.es\/index.php?rest_route=%2Fwp%2Fv2%2Fcomments&post=5844"}],"version-history":[{"count":1,"href":"http:\/\/cafebarbantia.barbantia.es\/index.php?rest_route=\/wp\/v2\/posts\/5844\/revisions"}],"predecessor-version":[{"id":5848,"href":"http:\/\/cafebarbantia.barbantia.es\/index.php?rest_route=\/wp\/v2\/posts\/5844\/revisions\/5848"}],"wp:attachment":[{"href":"http:\/\/cafebarbantia.barbantia.es\/index.php?rest_route=%2Fwp%2Fv2%2Fmedia&parent=5844"}],"wp:term":[{"taxonomy":"category","embeddable":true,"href":"http:\/\/cafebarbantia.barbantia.es\/index.php?rest_route=%2Fwp%2Fv2%2Fcategories&post=5844"},{"taxonomy":"post_tag","embeddable":true,"href":"http:\/\/cafebarbantia.barbantia.es\/index.php?rest_route=%2Fwp%2Fv2%2Ftags&post=5844"}],"curies":[{"name":"wp","href":"https:\/\/api.w.org\/{rel}","templated":true}]}}