{"id":588,"date":"2014-02-14T23:11:43","date_gmt":"2014-02-14T23:11:43","guid":{"rendered":"http:\/\/cafebarbantia.barbantia.es\/?p=588"},"modified":"2014-02-15T14:09:50","modified_gmt":"2014-02-15T14:09:50","slug":"lager-3","status":"publish","type":"post","link":"http:\/\/cafebarbantia.barbantia.es\/?p=588","title":{"rendered":"Lager"},"content":{"rendered":"<p style=\"text-align: justify;\"><b><i><a href=\"http:\/\/cafebarbantia.barbantia.es\/wp-content\/uploads\/2014\/02\/LAGER-1.jpg\"><img decoding=\"async\" loading=\"lazy\" class=\"alignleft size-medium wp-image-559\" alt=\"LAGER 1\" src=\"http:\/\/cafebarbantia.barbantia.es\/wp-content\/uploads\/2014\/02\/LAGER-1-225x300.jpg\" width=\"225\" height=\"300\" srcset=\"http:\/\/cafebarbantia.barbantia.es\/wp-content\/uploads\/2014\/02\/LAGER-1-225x300.jpg 225w, http:\/\/cafebarbantia.barbantia.es\/wp-content\/uploads\/2014\/02\/LAGER-1-768x1024.jpg 768w, http:\/\/cafebarbantia.barbantia.es\/wp-content\/uploads\/2014\/02\/LAGER-1-900x1200.jpg 900w, http:\/\/cafebarbantia.barbantia.es\/wp-content\/uploads\/2014\/02\/LAGER-1.jpg 1536w\" sizes=\"(max-width: 225px) 100vw, 225px\" \/><\/a>Agust\u00edn Agra<\/i><\/b>. Este pasado xullo percorr\u00edn Polonia. Malia as d\u00fabidas que levaba canda min, ao final decidinme e acabei por visitar os campos de exterminio. Achegueime a Auschwitch-Birkenau e tam\u00e9n a Majdanek, dous dos sete\u00a0<i>lager<\/i>\u00a0que a Alema\u00f1a nazi ergueu coa intenci\u00f3n de levar a termo a co\u00f1ecida como soluci\u00f3n final.\u00a0Non podo dicir que esas visitas, a\u00ednda a sabendas de atoparme nalg\u00fan dos lugares onde se produciran as peores ignominias da historia da humanidade, me impresionaran dun xeito especial. A impresi\u00f3n de estar nun escenario era continua: cantas veces veriamos esas imaxes -barrac\u00f3ns, c\u00e1maras de gas, crematorios&#8230;- en pel\u00edculas e documentais?<!--more--><\/p>\n<p style=\"text-align: justify;\">\u00a0\u00a0 Por\u00e9n, \u00e1 volta, non puiden evitar mergullarme de novo neses filmes e, asemade, nalgunhas das lecturas m\u00e1is arrepiantes acerca desa tem\u00e1tica. Ent\u00f3n si, a\u00ed a mi\u00f1a percepci\u00f3n, quizais alicerzada agora polas imaxes reais dos campos acabados de percorrer, mudou de maneira radical. Daquela, as palabras de Kert\u00e9sz e Primo Levi comezaron a proerme, as entrevistas aos superviventes e \u00e1s testemu\u00f1as de Shoah, o documental de Lanzmann, a se me apareceren polas noites.<\/p>\n<p style=\"text-align: justify;\">\u00a0 \u00a0Eu non sei se non ser\u00e1 todo m\u00e1is ca unha doenza pasaxeira, unha simple paranoia posvacacional. Mais o que si sei \u00e9 que dende o mesmo d\u00eda do meu regreso comecei a percibir no aire o alento da intolerancia. Case cada vez que abro os ollos -para mirar os xornais ou a televisi\u00f3n, para esculcar na ara\u00f1eira, ou sinxelamente para observar a realidade ao meu arredor- creo sentir a pegada do totalitarismo. S\u00edntoa na manipulaci\u00f3n informativa e na s\u00faa utilizaci\u00f3n tendenciosa, nas eivas culturais fomentadas \u00e1 mantenta. <a href=\"http:\/\/cafebarbantia.barbantia.es\/wp-content\/uploads\/2014\/02\/lager2.jpg\"><img decoding=\"async\" loading=\"lazy\" class=\"alignright size-medium wp-image-560\" alt=\"lager2\" src=\"http:\/\/cafebarbantia.barbantia.es\/wp-content\/uploads\/2014\/02\/lager2-300x225.jpg\" width=\"300\" height=\"225\" srcset=\"http:\/\/cafebarbantia.barbantia.es\/wp-content\/uploads\/2014\/02\/lager2-300x225.jpg 300w, http:\/\/cafebarbantia.barbantia.es\/wp-content\/uploads\/2014\/02\/lager2-1024x768.jpg 1024w, http:\/\/cafebarbantia.barbantia.es\/wp-content\/uploads\/2014\/02\/lager2-900x675.jpg 900w, http:\/\/cafebarbantia.barbantia.es\/wp-content\/uploads\/2014\/02\/lager2.jpg 2048w\" sizes=\"(max-width: 300px) 100vw, 300px\" \/><\/a>Advirto o fanatismo pol\u00edtico -tam\u00e9n relixioso-, a libido do poder, avanzando a peito descuberto.\u00a0S\u00edntoa en tantas e tantas cousas que non podo evitar pensar que calquera destes d\u00edas alg\u00fan dos que cami\u00f1an da man do feixismo nos dir\u00e1 que o traballo nos far\u00e1 libres.\u00a0<i>Arbeit match frei<\/i>, cuspiranos \u00e1 cara a cita inscrita sobre a porta do Konzentrationlager Auschwitch. \u00c9 daquela -non, non podo evitalo- cando sinto que me levan os demos e que algo horrendo, innomeable, me agroma de dentro.<\/p>\n","protected":false},"excerpt":{"rendered":"<p>Agust\u00edn Agra. Este pasado xullo percorr\u00edn Polonia. Malia as d\u00fabidas que levaba canda min, ao final decidinme e acabei por visitar os campos de exterminio. Achegueime a Auschwitch-Birkenau e tam\u00e9n a Majdanek, dous dos sete\u00a0lager\u00a0que a Alema\u00f1a nazi ergueu coa intenci\u00f3n de levar a termo a co\u00f1ecida como soluci\u00f3n final.\u00a0Non podo dicir que esas visitas, &hellip; <a href=\"http:\/\/cafebarbantia.barbantia.es\/?p=588\" class=\"more-link\">Seguir lendo <span class=\"screen-reader-text\">Lager<\/span> <span class=\"meta-nav\">&rarr;<\/span><\/a><\/p>\n","protected":false},"author":1,"featured_media":0,"comment_status":"open","ping_status":"closed","sticky":false,"template":"","format":"standard","meta":{"_bbp_topic_count":0,"_bbp_reply_count":0,"_bbp_total_topic_count":0,"_bbp_total_reply_count":0,"_bbp_voice_count":0,"_bbp_anonymous_reply_count":0,"_bbp_topic_count_hidden":0,"_bbp_reply_count_hidden":0,"_bbp_forum_subforum_count":0,"_exactmetrics_skip_tracking":false,"_exactmetrics_sitenote_active":false,"_exactmetrics_sitenote_note":"","_exactmetrics_sitenote_category":0,"_monsterinsights_skip_tracking":false,"_monsterinsights_sitenote_active":false,"_monsterinsights_sitenote_note":"","_monsterinsights_sitenote_category":0},"categories":[23,7,22],"tags":[],"aioseo_notices":[],"_links":{"self":[{"href":"http:\/\/cafebarbantia.barbantia.es\/index.php?rest_route=\/wp\/v2\/posts\/588"}],"collection":[{"href":"http:\/\/cafebarbantia.barbantia.es\/index.php?rest_route=\/wp\/v2\/posts"}],"about":[{"href":"http:\/\/cafebarbantia.barbantia.es\/index.php?rest_route=\/wp\/v2\/types\/post"}],"author":[{"embeddable":true,"href":"http:\/\/cafebarbantia.barbantia.es\/index.php?rest_route=\/wp\/v2\/users\/1"}],"replies":[{"embeddable":true,"href":"http:\/\/cafebarbantia.barbantia.es\/index.php?rest_route=%2Fwp%2Fv2%2Fcomments&post=588"}],"version-history":[{"count":3,"href":"http:\/\/cafebarbantia.barbantia.es\/index.php?rest_route=\/wp\/v2\/posts\/588\/revisions"}],"predecessor-version":[{"id":591,"href":"http:\/\/cafebarbantia.barbantia.es\/index.php?rest_route=\/wp\/v2\/posts\/588\/revisions\/591"}],"wp:attachment":[{"href":"http:\/\/cafebarbantia.barbantia.es\/index.php?rest_route=%2Fwp%2Fv2%2Fmedia&parent=588"}],"wp:term":[{"taxonomy":"category","embeddable":true,"href":"http:\/\/cafebarbantia.barbantia.es\/index.php?rest_route=%2Fwp%2Fv2%2Fcategories&post=588"},{"taxonomy":"post_tag","embeddable":true,"href":"http:\/\/cafebarbantia.barbantia.es\/index.php?rest_route=%2Fwp%2Fv2%2Ftags&post=588"}],"curies":[{"name":"wp","href":"https:\/\/api.w.org\/{rel}","templated":true}]}}