{"id":6018,"date":"2016-08-08T06:00:37","date_gmt":"2016-08-08T06:00:37","guid":{"rendered":"http:\/\/cafebarbantia.barbantia.es\/?p=6018"},"modified":"2016-08-02T07:43:03","modified_gmt":"2016-08-02T07:43:03","slug":"lastima-de-bois","status":"publish","type":"post","link":"http:\/\/cafebarbantia.barbantia.es\/?p=6018","title":{"rendered":"L\u00e1stima de bois"},"content":{"rendered":"<p itemprop=\"text\" style=\"text-align: justify;\"><em><strong><a href=\"http:\/\/cafebarbantia.barbantia.es\/wp-content\/uploads\/2016\/07\/lastima.jpg\"><img decoding=\"async\" loading=\"lazy\" class=\"size-medium wp-image-6024 alignright\" style=\"border: 1px solid black;\" alt=\"lastima\" src=\"http:\/\/cafebarbantia.barbantia.es\/wp-content\/uploads\/2016\/07\/lastima-275x300.jpg\" width=\"275\" height=\"300\" srcset=\"http:\/\/cafebarbantia.barbantia.es\/wp-content\/uploads\/2016\/07\/lastima-275x300.jpg 275w, http:\/\/cafebarbantia.barbantia.es\/wp-content\/uploads\/2016\/07\/lastima.jpg 744w\" sizes=\"(max-width: 275px) 100vw, 275px\" \/><\/a>Francisco Ant. Vidal Blanco.\u00a0<\/strong><\/em>Se botamos contas e comparamos as persoas que morreron o ver\u00e1n pasado por non levar o cinto de seguridade e os que morreron por asta de touro, ser\u00e1 doado conclu\u00edr que lle hai que cortar os cornos \u00f3s touros. Claro que, isto non se pode facer, porque os defensores da mal chamada festa nacional non o permitir\u00edan. E as\u00ed como polo ben das aseguradoras (\u00bfou era dos viaxeiros?) \u00e9 obrigatorio o cinto de seguridade, non se entende que non se lexisle contra os que se enfrontan \u00f3s touros sen outro motivo ca facer o espect\u00e1culo, po\u00f1endo en risco a propia vida e a dos da s\u00faa colla que, atra\u00eddos pola euforia festeira, van \u00f3 perigo sen medir as consecuencias.<!--more--><\/p>\n<div style=\"text-align: justify;\"><span style=\"font-size: 16px;\">A verdade \u00e9 que nunca foi doado trocar os roles xa establecidos por moi brutos e malvados que sexan. Imaxin\u00e9monos cando \u00f3 emperador Constantino lle deu por prohibir os xogos de gladiadores, que non por iso deixaron de facerse a\u00ednda que fose na clandestinidade, e pensade nos seareiros de tales xogos defend\u00e9ndoos e proclamando a antig\u00fcidade de tal tradici\u00f3n. E se con ser tan poderoso o emperador, os xogos e as matanzas entre gladiadores seguiron ata que Honorio, case un s\u00e9culo m\u00e1is tarde, os suspendeu definitivamente, os espect\u00e1culos deportivos de enfrontamento persoal e animal, po\u00f1endo en risco a vida duns e doutros, seguiu hab\u00e9ndoos ata a actualidade.<\/span><\/div>\n<p itemprop=\"text\" style=\"text-align: justify;\">Non era doado en Roma, nin aqu\u00ed, nin na Inglaterra antirraposos, como tampouco foi doado deixar de tirar as cabuxas dos campanarios ou coller o galo pendurado dun pao ata arrincarlle o pescozo nalg\u00fans lugares da nosa terra. As salvaxadas ve\u00f1en de antigo e non son doadas de erradicar, como tampouco o \u00e9 esa que inventou o duque de Lerma, o valido de Felipe III, quen, para divertir \u00f3 rei e \u00f3s s\u00fabditos inventou a sorte (\u00bfsorte para quen?) do touro despenado ou enmarramado, consistente en cerrar a praza de Lerma por todos os lados ag\u00e1s polo que daba a un barranco, de maneira que os mozos, capote en man, \u00edan levando \u00f3 touro ata uns cortin\u00f3ns detr\u00e1s dos que se agochaba o fat\u00eddico barranco polo que se despenaba o animal. Tal era a crueldade daquel espect\u00e1culo, que na \u00e9poca circulou unha carta manuscrita solicitando que se prohibise, e o duque, sen asomo de rubor, xustific\u00e1base, que el non lle mandaba \u00f3 touro tirarse, que era o touro que se deixaba enganar.<\/p>\n<p itemprop=\"text\" style=\"text-align: justify;\">Cartas contra as corridas de touros e manifestaci\u00f3ns de todo tipo houbo \u00f3 largo da historia. Eu mesmo, hai uns anos, atopei entre uns libros que se gardaban nunha corte da Barbanza, cheos de humidade e ro\u00eddos polos ratos, unha carta manuscrita que no s\u00e9culo XVIII andaba polas parroquias, para ser lida nos serm\u00f3ns dominicais contra as corridas de touros.<\/p>\n<p itemprop=\"text\" style=\"text-align: justify;\">A pregunta que nos fai Xulio \u00e9 cantos beneficios deixa unha festa como esa das touradas e a quen, para que se defenda como Festa Nacional algo que non \u00e9 m\u00e1is ca unha matanza con tortura e rexouba.<\/p>\n","protected":false},"excerpt":{"rendered":"<p>Francisco Ant. Vidal Blanco.\u00a0Se botamos contas e comparamos as persoas que morreron o ver\u00e1n pasado por non levar o cinto de seguridade e os que morreron por asta de touro, ser\u00e1 doado conclu\u00edr que lle hai que cortar os cornos \u00f3s touros. Claro que, isto non se pode facer, porque os defensores da mal chamada &hellip; <a href=\"http:\/\/cafebarbantia.barbantia.es\/?p=6018\" class=\"more-link\">Seguir lendo <span class=\"screen-reader-text\">L\u00e1stima de bois<\/span> <span class=\"meta-nav\">&rarr;<\/span><\/a><\/p>\n","protected":false},"author":1,"featured_media":0,"comment_status":"open","ping_status":"closed","sticky":false,"template":"","format":"standard","meta":{"_bbp_topic_count":0,"_bbp_reply_count":0,"_bbp_total_topic_count":0,"_bbp_total_reply_count":0,"_bbp_voice_count":0,"_bbp_anonymous_reply_count":0,"_bbp_topic_count_hidden":0,"_bbp_reply_count_hidden":0,"_bbp_forum_subforum_count":0,"_exactmetrics_skip_tracking":false,"_exactmetrics_sitenote_active":false,"_exactmetrics_sitenote_note":"","_exactmetrics_sitenote_category":0,"_monsterinsights_skip_tracking":false,"_monsterinsights_sitenote_active":false,"_monsterinsights_sitenote_note":"","_monsterinsights_sitenote_category":0},"categories":[7,52,9],"tags":[],"aioseo_notices":[],"_links":{"self":[{"href":"http:\/\/cafebarbantia.barbantia.es\/index.php?rest_route=\/wp\/v2\/posts\/6018"}],"collection":[{"href":"http:\/\/cafebarbantia.barbantia.es\/index.php?rest_route=\/wp\/v2\/posts"}],"about":[{"href":"http:\/\/cafebarbantia.barbantia.es\/index.php?rest_route=\/wp\/v2\/types\/post"}],"author":[{"embeddable":true,"href":"http:\/\/cafebarbantia.barbantia.es\/index.php?rest_route=\/wp\/v2\/users\/1"}],"replies":[{"embeddable":true,"href":"http:\/\/cafebarbantia.barbantia.es\/index.php?rest_route=%2Fwp%2Fv2%2Fcomments&post=6018"}],"version-history":[{"count":3,"href":"http:\/\/cafebarbantia.barbantia.es\/index.php?rest_route=\/wp\/v2\/posts\/6018\/revisions"}],"predecessor-version":[{"id":6052,"href":"http:\/\/cafebarbantia.barbantia.es\/index.php?rest_route=\/wp\/v2\/posts\/6018\/revisions\/6052"}],"wp:attachment":[{"href":"http:\/\/cafebarbantia.barbantia.es\/index.php?rest_route=%2Fwp%2Fv2%2Fmedia&parent=6018"}],"wp:term":[{"taxonomy":"category","embeddable":true,"href":"http:\/\/cafebarbantia.barbantia.es\/index.php?rest_route=%2Fwp%2Fv2%2Fcategories&post=6018"},{"taxonomy":"post_tag","embeddable":true,"href":"http:\/\/cafebarbantia.barbantia.es\/index.php?rest_route=%2Fwp%2Fv2%2Ftags&post=6018"}],"curies":[{"name":"wp","href":"https:\/\/api.w.org\/{rel}","templated":true}]}}