{"id":6456,"date":"2016-10-31T06:00:33","date_gmt":"2016-10-31T06:00:33","guid":{"rendered":"http:\/\/cafebarbantia.barbantia.es\/?p=6456"},"modified":"2016-10-23T08:53:17","modified_gmt":"2016-10-23T08:53:17","slug":"patrimonio-perdido","status":"publish","type":"post","link":"http:\/\/cafebarbantia.barbantia.es\/?p=6456","title":{"rendered":"Patrimonio perdido"},"content":{"rendered":"<p style=\"text-align: justify;\"><a href=\"http:\/\/cafebarbantia.barbantia.es\/wp-content\/uploads\/2016\/10\/patrim.jpg\"><img decoding=\"async\" loading=\"lazy\" class=\"alignright size-medium wp-image-6457\" alt=\"patrim\" src=\"http:\/\/cafebarbantia.barbantia.es\/wp-content\/uploads\/2016\/10\/patrim-300x225.jpg\" width=\"300\" height=\"225\" srcset=\"http:\/\/cafebarbantia.barbantia.es\/wp-content\/uploads\/2016\/10\/patrim-300x225.jpg 300w, http:\/\/cafebarbantia.barbantia.es\/wp-content\/uploads\/2016\/10\/patrim-1024x768.jpg 1024w, http:\/\/cafebarbantia.barbantia.es\/wp-content\/uploads\/2016\/10\/patrim-900x675.jpg 900w, http:\/\/cafebarbantia.barbantia.es\/wp-content\/uploads\/2016\/10\/patrim.jpg 1600w\" sizes=\"(max-width: 300px) 100vw, 300px\" \/><\/a><em><strong>Francisco Ant. Vidal Blanco.\u00a0<\/strong><\/em>Cando se viaxa, hai que visitar as igrexas, porque sabendo a quen se lle reza sabemos a quen se lle teme, di sempre Xulio e eu repito aconsellando a amigos e familiares, porque a historia de calquera lugar \u00e9 sempre unha historia de medos e sentimentos m\u00e1is ca de vitorias ou arroutadas. E as\u00ed, se na Barbanza lle hai unha especial devoci\u00f3n \u00e1 Nosa Se\u00f1ora do Loreto, hai que pensar m\u00e1is no medo \u00f3s piratas do s\u00e9culo XV e XVI ca na patroa da aviaci\u00f3n.<!--more--> Onde lle te\u00f1en unha maior querencia a santa Rita de Casia hai que pensar m\u00e1is nas vi\u00favas de vivos ca nunha m\u00edstica resignada, e se San Roque ten particular veneraci\u00f3n nos portos de mar, s\u00f3 \u00e9 porque era por onde m\u00e1is doadamente entraba a peste. \u00c1 fin, as iconograf\u00edas parroquiais falan m\u00e1is da s\u00faa parroquia ca todos os tratados de historia e econom\u00eda que citemos. Pois foi que esta semana pasada, levados pola curiosidade, decidimos visitar unha aldea perdida no interior, cunha igrexa de estrutura rom\u00e1nica, adulterada por m\u00faltiples ama\u00f1os de dubidoso gusto e respecto, con intenci\u00f3n de contemplar unha virxe que lle fai c\u00f3xegas \u00f3 Neno. Pero estaba pechada. Segundo unha veci\u00f1a porque o cura leva sete parroquias e hai moitos ladr\u00f3ns. Axi\u00f1a lembrei a \u00faltima vez en que fun tratado de terrorista anticlerical, cando entrei a ver unha capela co meu macuto de explorador e una se\u00f1ora me increpou para saber que levaba e que buscaba dentro do templo.<\/p>\n<div id=\"ad-RobaMobile\" itemscope=\"\" itemtype=\"http:\/\/schema.org\/WPAdBlock\" style=\"text-align: justify;\"><span style=\"font-size: 16px;\">\u00d3 final, se quixemos ver a virxe das c\u00f3xegas, houben de agardar a que se oficiase a misa das sete da tarde, asistindo como un devoto m\u00e1is, para poder admirar esa e outras iconograf\u00edas coa complicidade do crego que me viu moi atento \u00f3s oficios e logo me examinou de haxiograf\u00eda. E xa coa confianza, falamos dos problemas de conservaci\u00f3n do patrimonio, e dos sistemas de recadaci\u00f3n para restauraci\u00f3n e mellora; pero unha das preguntas que non foi quen de contestarme, agora que est\u00e1 tan estendido o de cobrar entrada nas catedrais, foi cantos deses cartos van para mantemento dos bens de uso p\u00fablico e cantos para a banca vaticana.<\/span><\/div>\n<div style=\"text-align: justify;\"><span style=\"font-size: 16px;\">Lembrei que na pasada primavera denunciouse a trav\u00e9s da prensa o caso dunha igrexi\u00f1a abandonada de Burela que est\u00e1 perdendo as s\u00faas pinturas murais g\u00f3ticas por falta de mantemento, pero sobre todo, por mor desa falta de atenci\u00f3n e uso que obriga a tela pechada durante meses, sen que a abran \u00f3 menos para ventilala, co que a humidade e o mofo est\u00e1n facendo estragos nela. E Xulio, convencido de que a Igrexa s\u00f3 \u00e9 usufrutuaria dun patrimonio pertencente \u00f3 pobo, sexan fieis ou netos de fieis, non ver\u00eda mal que certas igrexas e capelas pasasen a ser propiedade dos concellos, e que se financien con actividades culturais peri\u00f3dicas que redundar\u00edan na s\u00faa conservaci\u00f3n. Non hai mellor ac\u00fastica para escoitar m\u00fasica ou unha conferencia ca unha igrexa. E botade contas de canto se aforrar\u00eda en ladrillos para tanto auditorio que pulula polo pa\u00eds co \u00fanico fin de branquear mordidas.<\/span><\/div>\n","protected":false},"excerpt":{"rendered":"<p>Francisco Ant. Vidal Blanco.\u00a0Cando se viaxa, hai que visitar as igrexas, porque sabendo a quen se lle reza sabemos a quen se lle teme, di sempre Xulio e eu repito aconsellando a amigos e familiares, porque a historia de calquera lugar \u00e9 sempre unha historia de medos e sentimentos m\u00e1is ca de vitorias ou arroutadas. &hellip; <a href=\"http:\/\/cafebarbantia.barbantia.es\/?p=6456\" class=\"more-link\">Seguir lendo <span class=\"screen-reader-text\">Patrimonio perdido<\/span> <span class=\"meta-nav\">&rarr;<\/span><\/a><\/p>\n","protected":false},"author":1,"featured_media":0,"comment_status":"open","ping_status":"closed","sticky":false,"template":"","format":"standard","meta":{"_bbp_topic_count":0,"_bbp_reply_count":0,"_bbp_total_topic_count":0,"_bbp_total_reply_count":0,"_bbp_voice_count":0,"_bbp_anonymous_reply_count":0,"_bbp_topic_count_hidden":0,"_bbp_reply_count_hidden":0,"_bbp_forum_subforum_count":0,"_exactmetrics_skip_tracking":false,"_exactmetrics_sitenote_active":false,"_exactmetrics_sitenote_note":"","_exactmetrics_sitenote_category":0,"_monsterinsights_skip_tracking":false,"_monsterinsights_sitenote_active":false,"_monsterinsights_sitenote_note":"","_monsterinsights_sitenote_category":0},"categories":[7,52,9],"tags":[],"aioseo_notices":[],"_links":{"self":[{"href":"http:\/\/cafebarbantia.barbantia.es\/index.php?rest_route=\/wp\/v2\/posts\/6456"}],"collection":[{"href":"http:\/\/cafebarbantia.barbantia.es\/index.php?rest_route=\/wp\/v2\/posts"}],"about":[{"href":"http:\/\/cafebarbantia.barbantia.es\/index.php?rest_route=\/wp\/v2\/types\/post"}],"author":[{"embeddable":true,"href":"http:\/\/cafebarbantia.barbantia.es\/index.php?rest_route=\/wp\/v2\/users\/1"}],"replies":[{"embeddable":true,"href":"http:\/\/cafebarbantia.barbantia.es\/index.php?rest_route=%2Fwp%2Fv2%2Fcomments&post=6456"}],"version-history":[{"count":1,"href":"http:\/\/cafebarbantia.barbantia.es\/index.php?rest_route=\/wp\/v2\/posts\/6456\/revisions"}],"predecessor-version":[{"id":6458,"href":"http:\/\/cafebarbantia.barbantia.es\/index.php?rest_route=\/wp\/v2\/posts\/6456\/revisions\/6458"}],"wp:attachment":[{"href":"http:\/\/cafebarbantia.barbantia.es\/index.php?rest_route=%2Fwp%2Fv2%2Fmedia&parent=6456"}],"wp:term":[{"taxonomy":"category","embeddable":true,"href":"http:\/\/cafebarbantia.barbantia.es\/index.php?rest_route=%2Fwp%2Fv2%2Fcategories&post=6456"},{"taxonomy":"post_tag","embeddable":true,"href":"http:\/\/cafebarbantia.barbantia.es\/index.php?rest_route=%2Fwp%2Fv2%2Ftags&post=6456"}],"curies":[{"name":"wp","href":"https:\/\/api.w.org\/{rel}","templated":true}]}}