{"id":6500,"date":"2016-11-01T06:00:02","date_gmt":"2016-11-01T06:00:02","guid":{"rendered":"http:\/\/cafebarbantia.barbantia.es\/?p=6500"},"modified":"2016-10-27T21:15:19","modified_gmt":"2016-10-27T21:15:19","slug":"castelao-dia-da-arte-galega-2016","status":"publish","type":"post","link":"http:\/\/cafebarbantia.barbantia.es\/?p=6500","title":{"rendered":"Castelao, D\u00eda da Arte Galega 2016"},"content":{"rendered":"<p style=\"text-align: justify;\"><em><strong><a href=\"http:\/\/cafebarbantia.barbantia.es\/wp-content\/uploads\/2016\/10\/castelao1.jpg\"><img decoding=\"async\" loading=\"lazy\" class=\"size-medium wp-image-6502 alignleft\" alt=\"castelao1\" src=\"http:\/\/cafebarbantia.barbantia.es\/wp-content\/uploads\/2016\/10\/castelao1-223x300.jpg\" width=\"223\" height=\"300\" srcset=\"http:\/\/cafebarbantia.barbantia.es\/wp-content\/uploads\/2016\/10\/castelao1-223x300.jpg 223w, http:\/\/cafebarbantia.barbantia.es\/wp-content\/uploads\/2016\/10\/castelao1.jpg 646w\" sizes=\"(max-width: 223px) 100vw, 223px\" \/><\/a>Pilar Sampedro.\u00a0<\/strong><\/em>Pasou o d\u00eda, transcorreu o ano. Un par de exposici\u00f3ns, un par de actos, un par de conferencias, \u2026 e para alg\u00fans ha de ser suficiente.\u00a0O D\u00eda da Arte Galega nace na estela do D\u00eda das Letras Galegas, unha conmemoraci\u00f3n que, pese a quen pese, conta xa cunha tradici\u00f3n que nos vai levando cada ano, a pesar de a quen se dedique; no adecuado ou non da \u00a0elecci\u00f3n aumentan ou dimin\u00faen as celebraci\u00f3ns, pero a <i>nao<\/i> vai soa. A Real Academia Galega (RAG), a escola, as instituci\u00f3ns e asociaci\u00f3ns, os concellos, os medios de comunicaci\u00f3n, as editoriais,\u2026 tiran polo D\u00eda das Letras. Noutros casos, como o que agora nos ocupa, hai que traballar duro para conseguilo, se non nos conformamos con pouca repercusi\u00f3n.<!--more--><\/p>\n<p style=\"text-align: justify;\">Este ano, 2016 dedic\u00f3uselle a Castelao, unha figura para ser relanzada e calar forte no mundo galego, pero, o que vimos foi unicamente o papel do Museo de Pontevedra (cun par de exposici\u00f3ns), da Real Academia de Belas Artes (con alg\u00fan acto arredor do d\u00eda), da Deputaci\u00f3n de Pontevedra \u00a0(na publicaci\u00f3n dun par de unidades did\u00e1cticas), da Fundaci\u00f3n Castelao (nun par de conferencias), alg\u00fans actos do concello de Rianxo&#8230; e a noticia de que \u2013de novo\u2013 se perde a casa de Castelao.<\/p>\n<p style=\"text-align: justify;\"><a href=\"http:\/\/cafebarbantia.barbantia.es\/wp-content\/uploads\/2016\/10\/castelao2.jpg\"><img decoding=\"async\" loading=\"lazy\" class=\"size-medium wp-image-6503 alignright\" alt=\"castelao2\" src=\"http:\/\/cafebarbantia.barbantia.es\/wp-content\/uploads\/2016\/10\/castelao2-247x300.jpg\" width=\"247\" height=\"300\" srcset=\"http:\/\/cafebarbantia.barbantia.es\/wp-content\/uploads\/2016\/10\/castelao2-247x300.jpg 247w, http:\/\/cafebarbantia.barbantia.es\/wp-content\/uploads\/2016\/10\/castelao2.jpg 400w\" sizes=\"(max-width: 247px) 100vw, 247px\" \/><\/a>Como se pode ser tan desleigado? Como se pode odiar tanto o propio que se invisibilice a figura m\u00e1is importante de noso?<\/p>\n<p style=\"text-align: justify;\">Perdeuse unha oportunidade \u00fanica&#8230; Que fixeron todas as instituci\u00f3ns e asociaci\u00f3ns?<\/p>\n<p style=\"text-align: justify;\">Hab\u00eda un precedente, ademais das Letras Galegas, que era a proposta dun colexio da Mari\u00f1a luguesa. Si, algo humilde, pero diso hai que aprender, da xente que vai constru\u00edndo desde abaixo, cos p\u00e9s na realidade e disposta ao traballo de cada d\u00eda. Eles, desde a biblioteca e a direcci\u00f3n do centro, propo\u00f1en o D\u00eda da Arte Galega na Escola, e ac\u00f3rdase celebralo en xu\u00f1o, conmemorando o nacemento de Lu\u00eds Seoane, e buscando un tempo no que a escola non estea saturada con outros eventos. Rematadas as Letras. Pero a RABA pensou en abril, ao que chegamos despois do D\u00eda do Teatro e de Poes\u00eda, que se conmemoran en marzo, con d\u00faas datas que se fan donas dos d\u00edas do Libro (o 23 de abril) e do Libro Infantil (o 2 de abril), mentres que xu\u00f1o est\u00e1 libre. Tam\u00e9n \u00e9 certo que no 2016 coincidiu mal, xustamente con Manuel M\u00aa, un astro rei no ceo do galego. Pero a pregunta segue en p\u00e9; como puido pasarnos isto? En mans de quen est\u00e1n as referencias do pa\u00eds?<\/p>\n<p style=\"text-align: justify;\"><a href=\"http:\/\/cafebarbantia.barbantia.es\/wp-content\/uploads\/2016\/10\/castelao3.jpg\"><img decoding=\"async\" loading=\"lazy\" class=\"size-medium wp-image-6504 alignleft\" alt=\"castelao3\" src=\"http:\/\/cafebarbantia.barbantia.es\/wp-content\/uploads\/2016\/10\/castelao3-300x200.jpg\" width=\"300\" height=\"200\" srcset=\"http:\/\/cafebarbantia.barbantia.es\/wp-content\/uploads\/2016\/10\/castelao3-300x200.jpg 300w, http:\/\/cafebarbantia.barbantia.es\/wp-content\/uploads\/2016\/10\/castelao3-900x602.jpg 900w, http:\/\/cafebarbantia.barbantia.es\/wp-content\/uploads\/2016\/10\/castelao3.jpg 1024w\" sizes=\"(max-width: 300px) 100vw, 300px\" \/><\/a>Castelao coas s\u00faas <i>Cousas de nenos,<\/i> e deses amigos dos nenos, <i>Cousas dos animais<\/i>. Ese estudo hist\u00f3rico e antropol\u00f3xico agachado no humor gr\u00e1fico. A etnograf\u00eda do patrimonio art\u00edstico popular no estudo das cruces de pedra. A arte nas t\u00e9cnicas do \u00f3leo ou da acuarela; a arte galega na s\u00faa identidade de cores e formas. Os debuxos de negros para falarnos doutras culturas&#8230;. S\u00f3 queda pensar que estar\u00e1 sempre en Galiza, todos os anos e os d\u00edas. Haber\u00e1 que volver a el sempre, como o fixeron Avil\u00e9s de Taramancos, Novoneyra, e tantos outros tra\u00e9ndonolo \u00e1 memoria en forma de lada\u00ed\u00f1a, ou do que sexa, porque nel est\u00e1 o perfume destilado do pa\u00eds.<\/p>\n","protected":false},"excerpt":{"rendered":"<p>Pilar Sampedro.\u00a0Pasou o d\u00eda, transcorreu o ano. Un par de exposici\u00f3ns, un par de actos, un par de conferencias, \u2026 e para alg\u00fans ha de ser suficiente.\u00a0O D\u00eda da Arte Galega nace na estela do D\u00eda das Letras Galegas, unha conmemoraci\u00f3n que, pese a quen pese, conta xa cunha tradici\u00f3n que nos vai levando cada &hellip; <a href=\"http:\/\/cafebarbantia.barbantia.es\/?p=6500\" class=\"more-link\">Seguir lendo <span class=\"screen-reader-text\">Castelao, D\u00eda da Arte Galega 2016<\/span> <span class=\"meta-nav\">&rarr;<\/span><\/a><\/p>\n","protected":false},"author":1,"featured_media":0,"comment_status":"open","ping_status":"closed","sticky":false,"template":"","format":"standard","meta":{"_bbp_topic_count":0,"_bbp_reply_count":0,"_bbp_total_topic_count":0,"_bbp_total_reply_count":0,"_bbp_voice_count":0,"_bbp_anonymous_reply_count":0,"_bbp_topic_count_hidden":0,"_bbp_reply_count_hidden":0,"_bbp_forum_subforum_count":0,"_exactmetrics_skip_tracking":false,"_exactmetrics_sitenote_active":false,"_exactmetrics_sitenote_note":"","_exactmetrics_sitenote_category":0,"_monsterinsights_skip_tracking":false,"_monsterinsights_sitenote_active":false,"_monsterinsights_sitenote_note":"","_monsterinsights_sitenote_category":0},"categories":[4,7,69],"tags":[],"aioseo_notices":[],"_links":{"self":[{"href":"http:\/\/cafebarbantia.barbantia.es\/index.php?rest_route=\/wp\/v2\/posts\/6500"}],"collection":[{"href":"http:\/\/cafebarbantia.barbantia.es\/index.php?rest_route=\/wp\/v2\/posts"}],"about":[{"href":"http:\/\/cafebarbantia.barbantia.es\/index.php?rest_route=\/wp\/v2\/types\/post"}],"author":[{"embeddable":true,"href":"http:\/\/cafebarbantia.barbantia.es\/index.php?rest_route=\/wp\/v2\/users\/1"}],"replies":[{"embeddable":true,"href":"http:\/\/cafebarbantia.barbantia.es\/index.php?rest_route=%2Fwp%2Fv2%2Fcomments&post=6500"}],"version-history":[{"count":3,"href":"http:\/\/cafebarbantia.barbantia.es\/index.php?rest_route=\/wp\/v2\/posts\/6500\/revisions"}],"predecessor-version":[{"id":6506,"href":"http:\/\/cafebarbantia.barbantia.es\/index.php?rest_route=\/wp\/v2\/posts\/6500\/revisions\/6506"}],"wp:attachment":[{"href":"http:\/\/cafebarbantia.barbantia.es\/index.php?rest_route=%2Fwp%2Fv2%2Fmedia&parent=6500"}],"wp:term":[{"taxonomy":"category","embeddable":true,"href":"http:\/\/cafebarbantia.barbantia.es\/index.php?rest_route=%2Fwp%2Fv2%2Fcategories&post=6500"},{"taxonomy":"post_tag","embeddable":true,"href":"http:\/\/cafebarbantia.barbantia.es\/index.php?rest_route=%2Fwp%2Fv2%2Ftags&post=6500"}],"curies":[{"name":"wp","href":"https:\/\/api.w.org\/{rel}","templated":true}]}}