{"id":6551,"date":"2016-11-10T06:00:32","date_gmt":"2016-11-10T06:00:32","guid":{"rendered":"http:\/\/cafebarbantia.barbantia.es\/?p=6551"},"modified":"2016-11-06T19:36:54","modified_gmt":"2016-11-06T19:36:54","slug":"tocar-o-sol","status":"publish","type":"post","link":"http:\/\/cafebarbantia.barbantia.es\/?p=6551","title":{"rendered":"Tocar o sol"},"content":{"rendered":"<p style=\"text-align: justify;\"><a href=\"http:\/\/cafebarbantia.barbantia.es\/wp-content\/uploads\/2016\/11\/miopia.jpg\"><img decoding=\"async\" loading=\"lazy\" class=\"alignright size-medium wp-image-6552\" alt=\"miopia\" src=\"http:\/\/cafebarbantia.barbantia.es\/wp-content\/uploads\/2016\/11\/miopia-300x225.jpg\" width=\"300\" height=\"225\" srcset=\"http:\/\/cafebarbantia.barbantia.es\/wp-content\/uploads\/2016\/11\/miopia-300x225.jpg 300w, http:\/\/cafebarbantia.barbantia.es\/wp-content\/uploads\/2016\/11\/miopia-1024x768.jpg 1024w, http:\/\/cafebarbantia.barbantia.es\/wp-content\/uploads\/2016\/11\/miopia-900x675.jpg 900w\" sizes=\"(max-width: 300px) 100vw, 300px\" \/><\/a><em><strong>X. Ricardo Losada.\u00a0<\/strong><\/em>O outro d\u00eda f\u00edxenlle unha foto a unha fermosa posta de sol no Barbanza desde o paseo mar\u00edtimo de Rianxo. Pero ao mirala no visor do m\u00f3bil, decepcionoume. A foto era perfecta, tipo postal tur\u00edstica, pero pareceume irreal, como se o m\u00f3bil tirase a foto que lle petara e non a que deber\u00eda tirar. Sab\u00eda por que. Ese d\u00eda esquecera as gafas (son miope) e a posta de sol gust\u00e1rame porque a vira esvaecida, como nun deses marabillosos cadros impresionistas que tanto me gustan.<!--more--> Soles que, m\u00e1is que ver, apetece tocar. E esa era a tentaci\u00f3n que acababa de experimentar. Tocar o sol, como un neno toca a plastilina para facer figuras diversas, antes de que se ocultase tras o Barbanza.<\/p>\n<p style=\"text-align: justify;\">Por\u00e9n, na foto da c\u00e1mara, o sol era tan n\u00edtido e claro que, se o tocase, queimar\u00edame. Por culpa da pouca empat\u00eda daquel m\u00f3bil co dono, perdera para sempre aquela fermosa imaxe que acababa de ver. Se pensades que pod\u00eda afastar a c\u00e1mara dos ollos para ver a foto esvaecida, deixade de ler. Non captades a que me estou referindo. Peor a\u00ednda se credes que poder\u00eda superar a decepci\u00f3n cunha desas aplicaci\u00f3ns, tipo Photoshop, que permiten esvaecer a posteriori a imaxe. \u00c9 un artificio ao que nunca recorrerei. <a href=\"http:\/\/cafebarbantia.barbantia.es\/wp-content\/uploads\/2016\/11\/miope2.jpg\"><img decoding=\"async\" loading=\"lazy\" class=\"alignleft size-medium wp-image-6553\" alt=\"miope2\" src=\"http:\/\/cafebarbantia.barbantia.es\/wp-content\/uploads\/2016\/11\/miope2-300x230.jpg\" width=\"300\" height=\"230\" srcset=\"http:\/\/cafebarbantia.barbantia.es\/wp-content\/uploads\/2016\/11\/miope2-300x230.jpg 300w, http:\/\/cafebarbantia.barbantia.es\/wp-content\/uploads\/2016\/11\/miope2.jpg 500w\" sizes=\"(max-width: 300px) 100vw, 300px\" \/><\/a>Pode que a imaxe fose as\u00ed incluso m\u00e1is bonita, pero non ser\u00eda a que eu vira, e \u00e1 xente da mi\u00f1a xeraci\u00f3n (temos poucas fotos da nenez, e iso d\u00e1lles un valor testemu\u00f1al inmenso) o que nos gusta das fotos \u00e9 que, m\u00e1is que bonitas, sexan fieis.<\/p>\n<p style=\"text-align: justify;\">A decepci\u00f3n f\u00edxome recordar unha cr\u00edtica que lera o d\u00eda anterior sobre a exposici\u00f3n que o museo Thyssen-Bornesmiza est\u00e1 a piques de dedicarlle a Renoir: \u201cComo tam\u00e9n sucede cos de Van Gogh, son cadros que dir\u00edamos que case se poden tocar coa vista (&#8230;) E que as suxesti\u00f3ns t\u00e1ctiles, de volume, materia ou texturas conv\u00e9rtense en protagonistas dos seus lenzos\u201d. Xusto o protagonismo que eu botara en falta naquela foto, e non lle faltou nada para tirar o m\u00f3bil ao mar. Se non o tirei foi porque no \u00faltimo momento recordei que o d\u00eda anterior o oculista dix\u00e9rame que me aumentara moito a miop\u00eda porque a collera case aos 50, e canto m\u00e1is tarde, m\u00e1is r\u00e1pido avanza. Todo aquel desbarre sobre o sol, a plastilina, os impresionistas e as suxesti\u00f3ns t\u00e1ctiles nada ti\u00f1a que ver co m\u00f3bil. Era outro exemplo m\u00e1is dun h\u00e1bito que estou collendo ultimamente. Buscarlle o lado bo aos estragos f\u00edsicos que trae o paso do tempo.<\/p>\n","protected":false},"excerpt":{"rendered":"<p>X. Ricardo Losada.\u00a0O outro d\u00eda f\u00edxenlle unha foto a unha fermosa posta de sol no Barbanza desde o paseo mar\u00edtimo de Rianxo. Pero ao mirala no visor do m\u00f3bil, decepcionoume. A foto era perfecta, tipo postal tur\u00edstica, pero pareceume irreal, como se o m\u00f3bil tirase a foto que lle petara e non a que deber\u00eda &hellip; <a href=\"http:\/\/cafebarbantia.barbantia.es\/?p=6551\" class=\"more-link\">Seguir lendo <span class=\"screen-reader-text\">Tocar o sol<\/span> <span class=\"meta-nav\">&rarr;<\/span><\/a><\/p>\n","protected":false},"author":1,"featured_media":0,"comment_status":"open","ping_status":"closed","sticky":false,"template":"","format":"standard","meta":{"_bbp_topic_count":0,"_bbp_reply_count":0,"_bbp_total_topic_count":0,"_bbp_total_reply_count":0,"_bbp_voice_count":0,"_bbp_anonymous_reply_count":0,"_bbp_topic_count_hidden":0,"_bbp_reply_count_hidden":0,"_bbp_forum_subforum_count":0,"_exactmetrics_skip_tracking":false,"_exactmetrics_sitenote_active":false,"_exactmetrics_sitenote_note":"","_exactmetrics_sitenote_category":0,"_monsterinsights_skip_tracking":false,"_monsterinsights_sitenote_active":false,"_monsterinsights_sitenote_note":"","_monsterinsights_sitenote_category":0},"categories":[7,9,26],"tags":[],"aioseo_notices":[],"_links":{"self":[{"href":"http:\/\/cafebarbantia.barbantia.es\/index.php?rest_route=\/wp\/v2\/posts\/6551"}],"collection":[{"href":"http:\/\/cafebarbantia.barbantia.es\/index.php?rest_route=\/wp\/v2\/posts"}],"about":[{"href":"http:\/\/cafebarbantia.barbantia.es\/index.php?rest_route=\/wp\/v2\/types\/post"}],"author":[{"embeddable":true,"href":"http:\/\/cafebarbantia.barbantia.es\/index.php?rest_route=\/wp\/v2\/users\/1"}],"replies":[{"embeddable":true,"href":"http:\/\/cafebarbantia.barbantia.es\/index.php?rest_route=%2Fwp%2Fv2%2Fcomments&post=6551"}],"version-history":[{"count":1,"href":"http:\/\/cafebarbantia.barbantia.es\/index.php?rest_route=\/wp\/v2\/posts\/6551\/revisions"}],"predecessor-version":[{"id":6554,"href":"http:\/\/cafebarbantia.barbantia.es\/index.php?rest_route=\/wp\/v2\/posts\/6551\/revisions\/6554"}],"wp:attachment":[{"href":"http:\/\/cafebarbantia.barbantia.es\/index.php?rest_route=%2Fwp%2Fv2%2Fmedia&parent=6551"}],"wp:term":[{"taxonomy":"category","embeddable":true,"href":"http:\/\/cafebarbantia.barbantia.es\/index.php?rest_route=%2Fwp%2Fv2%2Fcategories&post=6551"},{"taxonomy":"post_tag","embeddable":true,"href":"http:\/\/cafebarbantia.barbantia.es\/index.php?rest_route=%2Fwp%2Fv2%2Ftags&post=6551"}],"curies":[{"name":"wp","href":"https:\/\/api.w.org\/{rel}","templated":true}]}}