{"id":6557,"date":"2016-11-23T06:00:54","date_gmt":"2016-11-23T06:00:54","guid":{"rendered":"http:\/\/cafebarbantia.barbantia.es\/?p=6557"},"modified":"2016-11-13T09:27:16","modified_gmt":"2016-11-13T09:27:16","slug":"empresas-galegas","status":"publish","type":"post","link":"http:\/\/cafebarbantia.barbantia.es\/?p=6557","title":{"rendered":"Empresas galegas"},"content":{"rendered":"<p style=\"text-align: justify;\"><em><strong><a href=\"http:\/\/cafebarbantia.barbantia.es\/wp-content\/uploads\/2016\/11\/empresas.jpg\"><img decoding=\"async\" loading=\"lazy\" class=\"alignleft size-medium wp-image-6558\" alt=\"empresas\" src=\"http:\/\/cafebarbantia.barbantia.es\/wp-content\/uploads\/2016\/11\/empresas-300x198.jpg\" width=\"300\" height=\"198\" srcset=\"http:\/\/cafebarbantia.barbantia.es\/wp-content\/uploads\/2016\/11\/empresas-300x198.jpg 300w, http:\/\/cafebarbantia.barbantia.es\/wp-content\/uploads\/2016\/11\/empresas.jpg 500w\" sizes=\"(max-width: 300px) 100vw, 300px\" \/><\/a>Francisco Ant. Vidal Blanco.\u00a0<\/strong><\/em>Hai un restaurante en Arteixo que acostumo visitar, entre outras cousas porque nesa hora que me queda entre a xornada da ma\u00f1\u00e1 e a da tarde podo xantar mirando unha fermosa paisaxe mari\u00f1a. E cadrounos esta semana preto dunhas rapazas que, na mesa do lado, falaban de teas, modelos, modas e viaxes por distintas cidades promocionando a roupa de Zara de cara \u00e1 pr\u00f3xima tempada.<!--more--> Souben que non eran galegas porque confund\u00edan os pementos de Padr\u00f3n cos do piquillo, pero entend\u00edn que eran boas profesionais.<\/p>\n<div id=\"ad-RobaMobile\" itemscope=\"\" itemtype=\"http:\/\/schema.org\/WPAdBlock\" style=\"text-align: justify;\" data-url=\"\/4900\/webm.EXT.LAVOZDEGALICIA\/edicion\/\/barbanza\" data-mapping=\"ROBAMOBILE\" data-sizes=\"[[300,250],[300,300],[350, 300],[300,600],[350, 600]]\" data-param=\"pos\" data-targeting=\"robapaginas\"><span style=\"font-size: 16px;\">Logo lembrar\u00edanos o amigo Xulio, quen ten unha memoria prodixiosa, o d\u00eda que o concello da Coru\u00f1a nomeou fillo adoptivo a Amancio Ortega, algo que era de xustiza para quen montou unha das maiores empresas do mundo, e pasea o nome de Arteixo, A Coru\u00f1a e Galicia polos cinco continentes.<\/span><\/div>\n<p style=\"text-align: justify;\">Tam\u00e9n lembraba o amigo Xulio que \u00f3 d\u00eda seguinte de nomealo, a prensa local anunciaba un dos grandes fitos da s\u00faa empresa, tal era a de abrir un centro lox\u00edstico en Arag\u00f3n. A cousa xa non nos daba tanta alegr\u00eda, porque como bos amantes do noso, gustar\u00edanos que o tal centro estivese m\u00e1is preto de n\u00f3s, sen sa\u00edr de Galicia, que pol\u00edgonos industriais baleiros e pedindo naves hai a esgalla, pero os empresarios non te\u00f1en tan pouco ollo como os que non sabemos de inversi\u00f3n, di\u00f1eiro e capital. En fin que \u00f3 cabo de tres anos o centro lox\u00edstico de Zaragoza xa era un feito.<\/p>\n<p style=\"text-align: justify;\">Pero o que nos sulfurou, porque o sentimos como un querer rirse de todos os galegos, foi que durante o congreso de empresarios que se celebrou na Coru\u00f1a o pasado mes de outubro, os directivos de Inditex expuxesen os n\u00fameros da empresa referentes precisamente \u00f3 centro lox\u00edstico de Zaragoza, onde o setenta e cinto por cento das mercanc\u00edas que pasan polo seu aeroporto son s\u00f3 de Inditex, e que a pesar de haber un porto rec\u00e9n constru\u00eddo fronte \u00f3 que ata agora \u00e9 a sede da grande compa\u00f1\u00eda arteix\u00e1, non queren usar o transporte mar\u00edtimo por ser demasiado lento. Pode ser l\u00f3xico, pero non o creo. Que mentres as tres grandes cidades galegas compiten entre si por ga\u00f1ar tr\u00e1fico a\u00e9reo, e a falta de empregos est\u00e1 botando a perder o futuro dos nosos mozos e dos nosos xubilados, Zaragoza, que a penas ten li\u00f1as comerciais con algunha cidade espa\u00f1ola, converteuse no terceiro aeroporto de Espa\u00f1a en tr\u00e1fico de mercanc\u00edas, principalmente con Asia.<\/p>\n<div id=\"ad-Roba2DetalleMobile\" itemscope=\"\" itemtype=\"http:\/\/schema.org\/WPAdBlock\" style=\"text-align: justify;\" data-url=\"\/2260323\/Roba_2_detalle_mobile\" data-mapping=\"ROBAMOBILE\" data-sizes=\"[[300,250],[300,300],[350, 300],[300,600],[350, 600]]\" data-param=\"seccion\" data-targeting=\"\"><span style=\"font-size: 16px;\">Non se pode contemplar isto m\u00e1is ca con envexa, pero a envexa conv\u00e9rtese en rabia cando na mesma reuni\u00f3n de empresarios, diante do alcalde da Coru\u00f1a, do Presidente da Xunta e do Rei, os directivos da que ata agora \u00e9 a nosa principal empresa, anuncian que na volta de poucos anos a sede de Zaragoza medrar\u00e1 en n\u00famero de empregos por encima da de Arteixo.<\/span><\/div>\n<p style=\"text-align: justify;\">Por todo iso, sempre podemos dicir que temos en Galicia unha empresa (polo de agora), pero non que sexa galega. As empresas son de onde lles conv\u00e9n, por moita etiqueta de galeguidade que lle po\u00f1an. V\u00edmolo con Fenosa, Pastor, Emesa, Pescanova, R ou Barreras, e est\u00e1molo vendo con conservas Albo e ata co Celta de Vigo. Sen deixar de lembrar a aquel empresario que ameazaba con marchar de Galicia se non se votaba por quen el quer\u00eda.<\/p>\n<div id=\"ad-Roba3DetalleMobile\" itemscope=\"\" itemtype=\"http:\/\/schema.org\/WPAdBlock\" style=\"text-align: justify;\" data-url=\"\/2260323\/Roba_3_detalle_mobile\" data-mapping=\"ROBAMOBILE\" data-sizes=\"[[300,250],[300,300],[350, 300],[300,600],[350, 600]]\" data-param=\"seccion\" data-targeting=\"\"><span style=\"font-size: 16px;\">Non debe de ser cuesti\u00f3n de cartos, pois a\u00ednda que Galicia te\u00f1a os salarios m\u00e1is baixos de Espa\u00f1a, seguimos perdendo postos de traballo.<\/span><\/div>\n","protected":false},"excerpt":{"rendered":"<p>Francisco Ant. Vidal Blanco.\u00a0Hai un restaurante en Arteixo que acostumo visitar, entre outras cousas porque nesa hora que me queda entre a xornada da ma\u00f1\u00e1 e a da tarde podo xantar mirando unha fermosa paisaxe mari\u00f1a. E cadrounos esta semana preto dunhas rapazas que, na mesa do lado, falaban de teas, modelos, modas e viaxes &hellip; <a href=\"http:\/\/cafebarbantia.barbantia.es\/?p=6557\" class=\"more-link\">Seguir lendo <span class=\"screen-reader-text\">Empresas galegas<\/span> <span class=\"meta-nav\">&rarr;<\/span><\/a><\/p>\n","protected":false},"author":1,"featured_media":0,"comment_status":"open","ping_status":"closed","sticky":false,"template":"","format":"standard","meta":{"_bbp_topic_count":0,"_bbp_reply_count":0,"_bbp_total_topic_count":0,"_bbp_total_reply_count":0,"_bbp_voice_count":0,"_bbp_anonymous_reply_count":0,"_bbp_topic_count_hidden":0,"_bbp_reply_count_hidden":0,"_bbp_forum_subforum_count":0,"_exactmetrics_skip_tracking":false,"_exactmetrics_sitenote_active":false,"_exactmetrics_sitenote_note":"","_exactmetrics_sitenote_category":0,"_monsterinsights_skip_tracking":false,"_monsterinsights_sitenote_active":false,"_monsterinsights_sitenote_note":"","_monsterinsights_sitenote_category":0},"categories":[7,52,9],"tags":[],"aioseo_notices":[],"_links":{"self":[{"href":"http:\/\/cafebarbantia.barbantia.es\/index.php?rest_route=\/wp\/v2\/posts\/6557"}],"collection":[{"href":"http:\/\/cafebarbantia.barbantia.es\/index.php?rest_route=\/wp\/v2\/posts"}],"about":[{"href":"http:\/\/cafebarbantia.barbantia.es\/index.php?rest_route=\/wp\/v2\/types\/post"}],"author":[{"embeddable":true,"href":"http:\/\/cafebarbantia.barbantia.es\/index.php?rest_route=\/wp\/v2\/users\/1"}],"replies":[{"embeddable":true,"href":"http:\/\/cafebarbantia.barbantia.es\/index.php?rest_route=%2Fwp%2Fv2%2Fcomments&post=6557"}],"version-history":[{"count":1,"href":"http:\/\/cafebarbantia.barbantia.es\/index.php?rest_route=\/wp\/v2\/posts\/6557\/revisions"}],"predecessor-version":[{"id":6559,"href":"http:\/\/cafebarbantia.barbantia.es\/index.php?rest_route=\/wp\/v2\/posts\/6557\/revisions\/6559"}],"wp:attachment":[{"href":"http:\/\/cafebarbantia.barbantia.es\/index.php?rest_route=%2Fwp%2Fv2%2Fmedia&parent=6557"}],"wp:term":[{"taxonomy":"category","embeddable":true,"href":"http:\/\/cafebarbantia.barbantia.es\/index.php?rest_route=%2Fwp%2Fv2%2Fcategories&post=6557"},{"taxonomy":"post_tag","embeddable":true,"href":"http:\/\/cafebarbantia.barbantia.es\/index.php?rest_route=%2Fwp%2Fv2%2Ftags&post=6557"}],"curies":[{"name":"wp","href":"https:\/\/api.w.org\/{rel}","templated":true}]}}