{"id":6563,"date":"2016-12-18T06:00:36","date_gmt":"2016-12-18T06:00:36","guid":{"rendered":"http:\/\/cafebarbantia.barbantia.es\/?p=6563"},"modified":"2016-12-11T14:15:58","modified_gmt":"2016-12-11T14:15:58","slug":"galicia-e-os-galegos-na-poesia-castela-xlix-calderon","status":"publish","type":"post","link":"http:\/\/cafebarbantia.barbantia.es\/?p=6563","title":{"rendered":"Galicia e os galegos na poes\u00eda castel\u00e1 XLIX. Calder\u00f3n"},"content":{"rendered":"<p style=\"text-align: justify;\"><b><i><a href=\"http:\/\/cafebarbantia.barbantia.es\/wp-content\/uploads\/2016\/11\/calderon.jpg\"><img decoding=\"async\" loading=\"lazy\" class=\"alignright size-medium wp-image-6564\" alt=\"calderon\" src=\"http:\/\/cafebarbantia.barbantia.es\/wp-content\/uploads\/2016\/11\/calderon-234x300.jpg\" width=\"234\" height=\"300\" srcset=\"http:\/\/cafebarbantia.barbantia.es\/wp-content\/uploads\/2016\/11\/calderon-234x300.jpg 234w, http:\/\/cafebarbantia.barbantia.es\/wp-content\/uploads\/2016\/11\/calderon.jpg 274w\" sizes=\"(max-width: 234px) 100vw, 234px\" \/><\/a>Rom\u00e1n Ar\u00e9n. <\/i><\/b>Non abondan as alusi\u00f3ns a Galicia e aos galegos na obra de Pedro Calder\u00f3n de la Barca (1600-1680), pero Xes\u00fas Caram\u00e9s cita sete, que non se libran dos t\u00f3picos: a falta de sixilo, \u00e9 dicir, sermos incapaces de gardar un segredo, a chamada \u201cfe de gallego\u201d, \u00e1 que alude en <i>El astr\u00f3logo fingido<\/i>; o costume de rifar das criadas galegas en <i>Fuego de Dios en el querer bien<\/i> e en <i>Cada uno para s\u00ed.<\/i><\/p>\n<p style=\"text-align: justify;\">Esto es lo que cada d\u00eda\/las mozas gallegas hacen:\/re\u00f1ir porque no las ri\u00f1an.<!--more--><\/p>\n<p style=\"text-align: justify;\">Volve repetir o t\u00f3pico en <i>No hay cosa como callar:<\/i><\/p>\n<p style=\"text-align: justify;\">&#8230;Esto mismo\/hacen las mozas gallegas:\/entrar ri\u00f1endo al principio\/porque no las ri\u00f1an.<\/p>\n<p style=\"text-align: justify;\">En <i>La dama duende<\/i> a s\u00e1tira vai contra o clima de Galicia:<\/p>\n<p style=\"text-align: justify;\">Doscientos mil demonios\/de su furia infernal den testimonios,\/volvi\u00e9ndose inclementes\/doscientas mil serpientes,\/que asi\u00e9ndome de un vuelo,\/den conmigo de patas en el suelo,\/del mandato oprimidos\/de Dios, por justos juicios compelidos;\/si vivir no quisiera sin injurias\/en Galicia o en Asturias\/antes de que esta corte.<\/p>\n<p style=\"text-align: justify;\">O curioso \u00e9 que na comedia <i>Luis P\u00e9rez el gallego<\/i>, con alusi\u00f3ns a Salvaterra, faltan as citas negativas de Galicia, o que se explica pola li\u00f1axe nobre do protagonista e non percibe os desd\u00e9ns por Galicia, xa que se considera asimilado aos ideais da nobreza castel\u00e1, coa ra\u00edz no concepto da \u201cfama\u201d.<\/p>\n","protected":false},"excerpt":{"rendered":"<p>Rom\u00e1n Ar\u00e9n. Non abondan as alusi\u00f3ns a Galicia e aos galegos na obra de Pedro Calder\u00f3n de la Barca (1600-1680), pero Xes\u00fas Caram\u00e9s cita sete, que non se libran dos t\u00f3picos: a falta de sixilo, \u00e9 dicir, sermos incapaces de gardar un segredo, a chamada \u201cfe de gallego\u201d, \u00e1 que alude en El astr\u00f3logo fingido; &hellip; <a href=\"http:\/\/cafebarbantia.barbantia.es\/?p=6563\" class=\"more-link\">Seguir lendo <span class=\"screen-reader-text\">Galicia e os galegos na poes\u00eda castel\u00e1 XLIX. Calder\u00f3n<\/span> <span class=\"meta-nav\">&rarr;<\/span><\/a><\/p>\n","protected":false},"author":1,"featured_media":0,"comment_status":"open","ping_status":"closed","sticky":false,"template":"","format":"standard","meta":{"_bbp_topic_count":0,"_bbp_reply_count":0,"_bbp_total_topic_count":0,"_bbp_total_reply_count":0,"_bbp_voice_count":0,"_bbp_anonymous_reply_count":0,"_bbp_topic_count_hidden":0,"_bbp_reply_count_hidden":0,"_bbp_forum_subforum_count":0,"_exactmetrics_skip_tracking":false,"_exactmetrics_sitenote_active":false,"_exactmetrics_sitenote_note":"","_exactmetrics_sitenote_category":0,"_monsterinsights_skip_tracking":false,"_monsterinsights_sitenote_active":false,"_monsterinsights_sitenote_note":"","_monsterinsights_sitenote_category":0},"categories":[7,10,28],"tags":[],"aioseo_notices":[],"_links":{"self":[{"href":"http:\/\/cafebarbantia.barbantia.es\/index.php?rest_route=\/wp\/v2\/posts\/6563"}],"collection":[{"href":"http:\/\/cafebarbantia.barbantia.es\/index.php?rest_route=\/wp\/v2\/posts"}],"about":[{"href":"http:\/\/cafebarbantia.barbantia.es\/index.php?rest_route=\/wp\/v2\/types\/post"}],"author":[{"embeddable":true,"href":"http:\/\/cafebarbantia.barbantia.es\/index.php?rest_route=\/wp\/v2\/users\/1"}],"replies":[{"embeddable":true,"href":"http:\/\/cafebarbantia.barbantia.es\/index.php?rest_route=%2Fwp%2Fv2%2Fcomments&post=6563"}],"version-history":[{"count":1,"href":"http:\/\/cafebarbantia.barbantia.es\/index.php?rest_route=\/wp\/v2\/posts\/6563\/revisions"}],"predecessor-version":[{"id":6565,"href":"http:\/\/cafebarbantia.barbantia.es\/index.php?rest_route=\/wp\/v2\/posts\/6563\/revisions\/6565"}],"wp:attachment":[{"href":"http:\/\/cafebarbantia.barbantia.es\/index.php?rest_route=%2Fwp%2Fv2%2Fmedia&parent=6563"}],"wp:term":[{"taxonomy":"category","embeddable":true,"href":"http:\/\/cafebarbantia.barbantia.es\/index.php?rest_route=%2Fwp%2Fv2%2Fcategories&post=6563"},{"taxonomy":"post_tag","embeddable":true,"href":"http:\/\/cafebarbantia.barbantia.es\/index.php?rest_route=%2Fwp%2Fv2%2Ftags&post=6563"}],"curies":[{"name":"wp","href":"https:\/\/api.w.org\/{rel}","templated":true}]}}