{"id":6569,"date":"2016-11-13T06:00:52","date_gmt":"2016-11-13T06:00:52","guid":{"rendered":"http:\/\/cafebarbantia.barbantia.es\/?p=6569"},"modified":"2016-11-13T17:47:08","modified_gmt":"2016-11-13T17:47:08","slug":"todo-o-tempo-do-mundo-de-david-perez-iglesias","status":"publish","type":"post","link":"http:\/\/cafebarbantia.barbantia.es\/?p=6569","title":{"rendered":"Todo o tempo do mundo, de David P\u00e9rez Iglesias"},"content":{"rendered":"<p style=\"text-align: justify;\"><em><strong><a href=\"http:\/\/cafebarbantia.barbantia.es\/wp-content\/uploads\/2016\/11\/todo-o-tempo-do-mundo-X.jpg\"><img decoding=\"async\" loading=\"lazy\" class=\"size-medium wp-image-6570 alignleft\" alt=\"todo-o-tempo-do-mundo-X\" src=\"http:\/\/cafebarbantia.barbantia.es\/wp-content\/uploads\/2016\/11\/todo-o-tempo-do-mundo-X-214x300.jpg\" width=\"214\" height=\"300\" srcset=\"http:\/\/cafebarbantia.barbantia.es\/wp-content\/uploads\/2016\/11\/todo-o-tempo-do-mundo-X-214x300.jpg 214w, http:\/\/cafebarbantia.barbantia.es\/wp-content\/uploads\/2016\/11\/todo-o-tempo-do-mundo-X-733x1024.jpg 733w, http:\/\/cafebarbantia.barbantia.es\/wp-content\/uploads\/2016\/11\/todo-o-tempo-do-mundo-X-900x1256.jpg 900w, http:\/\/cafebarbantia.barbantia.es\/wp-content\/uploads\/2016\/11\/todo-o-tempo-do-mundo-X.jpg 1591w\" sizes=\"(max-width: 214px) 100vw, 214px\" \/><\/a>Agust\u00edn Agra.\u00a0<\/strong>Todo<\/em><i> o tempo do mundo<\/i> \u00e9 a novela de Ariadna e de Valente. De Valente e de Ariadna. Dunha nena urbanita de case 12 anos e dun vello courel\u00e1, seu av\u00f3, de case oitenta. \u00c9 a novela de dous mundos e de dous tempos. Malia que narrada en boa parte nun tempo pret\u00e9rito recente (un case presente), \u00e9 unha novela acerca do pasado e do futuro. Do antes e do despois.\u00a0\u00c9 a novela dun tempo que se esti\u00f1e, dunha forma de vida e de vivir que desaparece a ollos vista, que se alimenta do zume dos mitos, que bebe na saiba das nosas tradici\u00f3ns. L\u00e9ndoa p\u00f3dese escoitar a voz da terra, sentir a nosa raizame afondando, afondando, afondando&#8230; <!--more-->O seu autor ergueuna cos alicerces do que fomos, do que imos perdendo, do que cada vez somos menos, que nos fai sentir como se parte de n\u00f3s estivese a secar.<i> Todo o tempo do mundo<\/i> \u00e9 a novela do que se acaba. Dun mundo que se acaba.<\/p>\n<p style=\"text-align: justify;\"><a href=\"http:\/\/cafebarbantia.barbantia.es\/wp-content\/uploads\/2016\/11\/DSC1958.jpg\"><img decoding=\"async\" loading=\"lazy\" class=\"size-medium wp-image-6571 alignright\" alt=\"DSC1958\" src=\"http:\/\/cafebarbantia.barbantia.es\/wp-content\/uploads\/2016\/11\/DSC1958-300x202.jpg\" width=\"300\" height=\"202\" srcset=\"http:\/\/cafebarbantia.barbantia.es\/wp-content\/uploads\/2016\/11\/DSC1958-300x202.jpg 300w, http:\/\/cafebarbantia.barbantia.es\/wp-content\/uploads\/2016\/11\/DSC1958-1024x690.jpg 1024w, http:\/\/cafebarbantia.barbantia.es\/wp-content\/uploads\/2016\/11\/DSC1958-900x606.jpg 900w\" sizes=\"(max-width: 300px) 100vw, 300px\" \/><\/a>\u00c9 unha novela dura, traum\u00e1tica, violenta. Unha <i>novela<\/i> percorrida pola desolaci\u00f3n e a desesperanza. Moitas das s\u00faas p\u00e1xinas meten no corpo as ga\u00f1as de berrar, de esixir xustiza, mesmo de chorar coa emoci\u00f3n ou a impotencia. David escolleu para este texto o cami\u00f1o do sufrimento. Para escribir p\u00e1xinas coma estas hai que ser ou moi sabio ou moi vello. Hai que ter sobre o lombo moitos paus. Int\u00faese, pola s\u00faa parte, un traballo doloroso.<\/p>\n<p style=\"text-align: justify;\">Escribir coas v\u00edsceras \u00e9 moi dif\u00edcil. Facelo co cerebro require habelencia literaria, mais o mundo est\u00e1 ateigado de grandes textos que non emocionan, que non din nada. Textos baleiros. Para escribir coas tripas, co coraz\u00f3n, hai que ser valente, como o protagonista. Hai que ter moita coraxe. <i>Todo o tempo do mundo<\/i> \u00e9 unha labazada na cara do lector dada con toda a intenci\u00f3n. Un deses golpes que nos fan reaxir de s\u00fapeto, que nos devolven \u00e1 realidade despois da alienaci\u00f3n na que nos mergullamos acot\u00edo. Un texto que converte os nenos en adultos, que a n\u00f3s nos carga de peso os ombreiros e nos volve vellos.<\/p>\n<p style=\"text-align: justify;\"><a href=\"http:\/\/cafebarbantia.barbantia.es\/wp-content\/uploads\/2016\/11\/14732301_1868170533413016_5580723653733004917_n.jpg\"><img decoding=\"async\" loading=\"lazy\" class=\"size-medium wp-image-6572 alignleft\" alt=\"14732301_1868170533413016_5580723653733004917_n\" src=\"http:\/\/cafebarbantia.barbantia.es\/wp-content\/uploads\/2016\/11\/14732301_1868170533413016_5580723653733004917_n-300x176.jpg\" width=\"300\" height=\"176\" srcset=\"http:\/\/cafebarbantia.barbantia.es\/wp-content\/uploads\/2016\/11\/14732301_1868170533413016_5580723653733004917_n-300x176.jpg 300w, http:\/\/cafebarbantia.barbantia.es\/wp-content\/uploads\/2016\/11\/14732301_1868170533413016_5580723653733004917_n-900x530.jpg 900w, http:\/\/cafebarbantia.barbantia.es\/wp-content\/uploads\/2016\/11\/14732301_1868170533413016_5580723653733004917_n.jpg 960w\" sizes=\"(max-width: 300px) 100vw, 300px\" \/><\/a>Mais tam\u00e9n \u00e9 un libro para deleitarse co ritmo e coa cadencia do seu fraseado, coa s\u00faa musicalidade, coa sonoridade das s\u00faas palabras. Un libro para ler devagar en voz alta deix\u00e1ndose arrolar polo feitizo que encerra. Unha lecci\u00f3n de estilo afastada de calquera amaneiramento, edulcoraci\u00f3n ou mexericada.<\/p>\n<p style=\"text-align: justify;\">\u00c9 unha novela de exaltaci\u00f3n da natureza, de comu\u00f1\u00f3n coa terra, do f\u00edo da memoria e da esperanza. O f\u00edo de Ariadna, a protagonista, \u00e9 o f\u00edo da memoria, si, mais tam\u00e9n o da esperanza. Ela \u00e9 a semente a agardar calmosa pola chegada dunha nova primavera.<\/p>\n<p style=\"text-align: justify;\"><i>Todo o tempo do mundo<\/i>, o libro co que David P\u00e9rez Iglesias se fixo merecente do premio Merl\u00edn deste 2016, \u00e9 unha obra chamada a perdurar no tempo. Porque, coas s\u00faas palabras: <i>dos bos libros nunca regresas<\/i>. Para el, mil primaveras!<\/p>\n","protected":false},"excerpt":{"rendered":"<p>Agust\u00edn Agra.\u00a0Todo o tempo do mundo \u00e9 a novela de Ariadna e de Valente. De Valente e de Ariadna. Dunha nena urbanita de case 12 anos e dun vello courel\u00e1, seu av\u00f3, de case oitenta. \u00c9 a novela de dous mundos e de dous tempos. Malia que narrada en boa parte nun tempo pret\u00e9rito recente &hellip; <a href=\"http:\/\/cafebarbantia.barbantia.es\/?p=6569\" class=\"more-link\">Seguir lendo <span class=\"screen-reader-text\">Todo o tempo do mundo, de David P\u00e9rez Iglesias<\/span> <span class=\"meta-nav\">&rarr;<\/span><\/a><\/p>\n","protected":false},"author":1,"featured_media":0,"comment_status":"open","ping_status":"closed","sticky":false,"template":"","format":"standard","meta":{"_bbp_topic_count":0,"_bbp_reply_count":0,"_bbp_total_topic_count":0,"_bbp_total_reply_count":0,"_bbp_voice_count":0,"_bbp_anonymous_reply_count":0,"_bbp_topic_count_hidden":0,"_bbp_reply_count_hidden":0,"_bbp_forum_subforum_count":0,"_exactmetrics_skip_tracking":false,"_exactmetrics_sitenote_active":false,"_exactmetrics_sitenote_note":"","_exactmetrics_sitenote_category":0,"_monsterinsights_skip_tracking":false,"_monsterinsights_sitenote_active":false,"_monsterinsights_sitenote_note":"","_monsterinsights_sitenote_category":0},"categories":[23,9],"tags":[],"aioseo_notices":[],"_links":{"self":[{"href":"http:\/\/cafebarbantia.barbantia.es\/index.php?rest_route=\/wp\/v2\/posts\/6569"}],"collection":[{"href":"http:\/\/cafebarbantia.barbantia.es\/index.php?rest_route=\/wp\/v2\/posts"}],"about":[{"href":"http:\/\/cafebarbantia.barbantia.es\/index.php?rest_route=\/wp\/v2\/types\/post"}],"author":[{"embeddable":true,"href":"http:\/\/cafebarbantia.barbantia.es\/index.php?rest_route=\/wp\/v2\/users\/1"}],"replies":[{"embeddable":true,"href":"http:\/\/cafebarbantia.barbantia.es\/index.php?rest_route=%2Fwp%2Fv2%2Fcomments&post=6569"}],"version-history":[{"count":3,"href":"http:\/\/cafebarbantia.barbantia.es\/index.php?rest_route=\/wp\/v2\/posts\/6569\/revisions"}],"predecessor-version":[{"id":6593,"href":"http:\/\/cafebarbantia.barbantia.es\/index.php?rest_route=\/wp\/v2\/posts\/6569\/revisions\/6593"}],"wp:attachment":[{"href":"http:\/\/cafebarbantia.barbantia.es\/index.php?rest_route=%2Fwp%2Fv2%2Fmedia&parent=6569"}],"wp:term":[{"taxonomy":"category","embeddable":true,"href":"http:\/\/cafebarbantia.barbantia.es\/index.php?rest_route=%2Fwp%2Fv2%2Fcategories&post=6569"},{"taxonomy":"post_tag","embeddable":true,"href":"http:\/\/cafebarbantia.barbantia.es\/index.php?rest_route=%2Fwp%2Fv2%2Ftags&post=6569"}],"curies":[{"name":"wp","href":"https:\/\/api.w.org\/{rel}","templated":true}]}}