{"id":6579,"date":"2016-11-11T06:00:40","date_gmt":"2016-11-11T06:00:40","guid":{"rendered":"http:\/\/cafebarbantia.barbantia.es\/?p=6579"},"modified":"2016-11-11T09:52:32","modified_gmt":"2016-11-11T09:52:32","slug":"leonard-cohen-di-adeus-cun-disco-excelente","status":"publish","type":"post","link":"http:\/\/cafebarbantia.barbantia.es\/?p=6579","title":{"rendered":"Leonard Cohen di adeus cun disco excelente"},"content":{"rendered":"<p style=\"text-align: justify;\"><i><a href=\"http:\/\/cafebarbantia.barbantia.es\/wp-content\/uploads\/2016\/11\/leonard1.jpg\"><img decoding=\"async\" loading=\"lazy\" class=\"alignleft  wp-image-6580\" alt=\"leonard1\" src=\"http:\/\/cafebarbantia.barbantia.es\/wp-content\/uploads\/2016\/11\/leonard1-300x300.jpg\" width=\"240\" height=\"240\" srcset=\"http:\/\/cafebarbantia.barbantia.es\/wp-content\/uploads\/2016\/11\/leonard1-300x300.jpg 300w, http:\/\/cafebarbantia.barbantia.es\/wp-content\/uploads\/2016\/11\/leonard1-150x150.jpg 150w, http:\/\/cafebarbantia.barbantia.es\/wp-content\/uploads\/2016\/11\/leonard1-144x144.jpg 144w, http:\/\/cafebarbantia.barbantia.es\/wp-content\/uploads\/2016\/11\/leonard1.jpg 500w\" sizes=\"(max-width: 240px) 100vw, 240px\" \/><\/a><strong>Gonzalo Trasbach.\u00a0<\/strong>I\u2019m ready my Lord<\/i>. As\u00ed di Leonard Cohen (Canad\u00e1, 21 de setembro, 1934) na canci\u00f3n que abre \u201cYou Want It Darker\u201d, o d\u00e9cimo cuarto \u00e1lbum do cantante, escritor e poeta canadense, que recentemente acadou a moi honor\u00e1bel idade de 82 anos. A principal novidade neste traballo do compositor da moi celebrada e a\u00ednda lembrada <i>Suzanne<\/i> \u00e9 que soa a despedida, a un adeus definitivo tanto da actividade art\u00edstica coma deste mundo cruel.<!--more--> Hai moi pouco tempo, o pasado 28 de xullo, con motivo do falecemento de Marianne Ihlen, un dos seus grandes amores, e ademais a muller que inmortalizou naquela inesquec\u00edbel e inclasific\u00e1bel <i>So Long, Marianne<\/i>, Cohen publicou unha carta que v\u00e9n confirmar esta hip\u00f3tese. Dic\u00eda isto: \u00a0\u201cBen, Marianne, temos chegado a este tempo no que somos tan vellos que os nosos corpos caen a cachos; penso que axi\u00f1a te seguirei\u201d.<\/p>\n<p style=\"text-align: justify;\">Amigos e inimigos, queridos todos. Como anticipo dun envelenado <i>pack<\/i> s\u00f3nico que vos pretendo regalar para escoitar (ou para tirar \u00e1 papeleira) no Nadal, vouvos contar algunhas das cousas que me suxire este \u00e1lbum, que semella ser o punto e final da carreira de Leonard Cohen. E, de feito, todo a punta nesa direcci\u00f3n. Mesmo parece un reco\u00f1ecemento e o balance da s\u00faa longa, densa e intensa traxectoria art\u00edstica e vital e, en consonancia con isto, e case impos\u00edbel imaxinar un ata logo mellor concibido que esta colecci\u00f3n de nove canci\u00f3ns contidas nun intervalo de 37 minutos.<\/p>\n<p style=\"text-align: justify;\"><a href=\"http:\/\/cafebarbantia.barbantia.es\/wp-content\/uploads\/2016\/11\/cohen.jpg\"><img decoding=\"async\" loading=\"lazy\" class=\"alignright size-medium wp-image-6581\" alt=\"cohen\" src=\"http:\/\/cafebarbantia.barbantia.es\/wp-content\/uploads\/2016\/11\/cohen-300x300.jpg\" width=\"300\" height=\"300\" srcset=\"http:\/\/cafebarbantia.barbantia.es\/wp-content\/uploads\/2016\/11\/cohen-300x300.jpg 300w, http:\/\/cafebarbantia.barbantia.es\/wp-content\/uploads\/2016\/11\/cohen-150x150.jpg 150w, http:\/\/cafebarbantia.barbantia.es\/wp-content\/uploads\/2016\/11\/cohen-144x144.jpg 144w, http:\/\/cafebarbantia.barbantia.es\/wp-content\/uploads\/2016\/11\/cohen.jpg 500w\" sizes=\"(max-width: 300px) 100vw, 300px\" \/><\/a>Musicalmente falando, o calendario deste ano arrincou co que moitos cualificaron coma unha xogada mestra: David Bowie anticipando a s\u00faa propia morte en \u201cBlackstar\u201d (pensando en facer caixa?). Pois ben, hainos que tam\u00e9n resaltan que este \u201cYou Want It Darker\u201d \u00e9 un plan similar por parte do canadense para pechar o 2016. E con toda a raz\u00f3n p\u00f3dese pensar iso, pois a obra \u00e9, con toda seguridade, unha das mellores do ano. O disco avanza coma un coro celestial e no seu repertorio hai continuas referencias a esa despedida deste mundo. Na li\u00f1a de \u201cPopular Problems\u201d (2014) e do excelente \u201cOld Ideas\u201d (2012), e contando de novo coa colaboraci\u00f3n de Patrick Leonard coma compositor (o seu fillo Adam \u00e9 o produtor), no traballo, que respira recollemento e busca nost\u00e1lxica de paz para a \u00faltima viaxe, Cohen repasa a meirande parte das paisaxes est\u00e9ticas que xa transitara ao longo da s\u00faa carreira: o caracter\u00edstico apoio nas voces femininas, as pasaxes orquestrais, o ton <i>crooner<\/i> e mesmo o sabor ao folclore grego de <i>Traveling Light<\/i>.<\/p>\n<p style=\"text-align: justify;\">Por se efectivamente \u00e9 esta a derradeira traves\u00eda polo deserto do reino terreal, lembremos que Leonard Cohen gravou o seu primeiro LP en 1967, cando xa ti\u00f1a 33 anos: \u201cSongs Of Leonard Cohen\u201d, un disco que na historia da m\u00fasica popular ten sido comparado co \u201cBlonde On Blonde\u201d de Bob Dylan e co \u201cSgt. Pepper\u2019s\u201d dos Beatles. <a href=\"http:\/\/cafebarbantia.barbantia.es\/wp-content\/uploads\/2016\/11\/cohen2.jpg\"><img decoding=\"async\" loading=\"lazy\" class=\"alignleft size-full wp-image-6582\" alt=\"cohen2\" src=\"http:\/\/cafebarbantia.barbantia.es\/wp-content\/uploads\/2016\/11\/cohen2.jpg\" width=\"250\" height=\"238\" \/><\/a>A\u00ednda que posteriormente editou outros \u00e1lbums de moita categor\u00eda, pero que resultaron pouco reco\u00f1ecidos e cun existo m\u00e1is que discut\u00edbel, Cohen non volveu saborear os meles do triunfo at\u00e9 1988 cando cambiou a guitarra polo sintetizador en \u201cI\u2019m Your Man\u201d. De s\u00fapeto, o poeta catastrofista (<i>Everybody Knows<\/i>), o libertario impos\u00edbel (<i>First We Take Manhattan<\/i>) era o tipo m\u00e1is <i>cool<\/i> do planeta.<\/p>\n<p style=\"text-align: justify;\">Dende aquela at\u00e9 o de agora, polo medio houbo unha retirada nun convento budista, sufriu unha estafa e ficou na ru\u00edna econ\u00f3mica e, coma consecuencia disto, a volta aos escenarios no 2008, logo dunha ausencia de 15 anos, para facer di\u00f1eiro. El sempre reco\u00f1eceu que se dedicou \u00e1 m\u00fasica para facer cartos, porque coma escritor non os consegu\u00eda. E na vellez volveu \u00e1 estrada. Seguramente lembrades o rotundo \u00e9xito que acadou no seu paso polo recinto vigu\u00e9s de Castrelos. \u00c9 unha excelente despedida (se a \u00e9).<\/p>\n","protected":false},"excerpt":{"rendered":"<p>Gonzalo Trasbach.\u00a0I\u2019m ready my Lord. As\u00ed di Leonard Cohen (Canad\u00e1, 21 de setembro, 1934) na canci\u00f3n que abre \u201cYou Want It Darker\u201d, o d\u00e9cimo cuarto \u00e1lbum do cantante, escritor e poeta canadense, que recentemente acadou a moi honor\u00e1bel idade de 82 anos. A principal novidade neste traballo do compositor da moi celebrada e a\u00ednda lembrada &hellip; <a href=\"http:\/\/cafebarbantia.barbantia.es\/?p=6579\" class=\"more-link\">Seguir lendo <span class=\"screen-reader-text\">Leonard Cohen di adeus cun disco excelente<\/span> <span class=\"meta-nav\">&rarr;<\/span><\/a><\/p>\n","protected":false},"author":1,"featured_media":0,"comment_status":"open","ping_status":"closed","sticky":false,"template":"","format":"standard","meta":{"_bbp_topic_count":0,"_bbp_reply_count":0,"_bbp_total_topic_count":0,"_bbp_total_reply_count":0,"_bbp_voice_count":0,"_bbp_anonymous_reply_count":0,"_bbp_topic_count_hidden":0,"_bbp_reply_count_hidden":0,"_bbp_forum_subforum_count":0,"_exactmetrics_skip_tracking":false,"_exactmetrics_sitenote_active":false,"_exactmetrics_sitenote_note":"","_exactmetrics_sitenote_category":0,"_monsterinsights_skip_tracking":false,"_monsterinsights_sitenote_active":false,"_monsterinsights_sitenote_note":"","_monsterinsights_sitenote_category":0},"categories":[7,18,8],"tags":[],"aioseo_notices":[],"_links":{"self":[{"href":"http:\/\/cafebarbantia.barbantia.es\/index.php?rest_route=\/wp\/v2\/posts\/6579"}],"collection":[{"href":"http:\/\/cafebarbantia.barbantia.es\/index.php?rest_route=\/wp\/v2\/posts"}],"about":[{"href":"http:\/\/cafebarbantia.barbantia.es\/index.php?rest_route=\/wp\/v2\/types\/post"}],"author":[{"embeddable":true,"href":"http:\/\/cafebarbantia.barbantia.es\/index.php?rest_route=\/wp\/v2\/users\/1"}],"replies":[{"embeddable":true,"href":"http:\/\/cafebarbantia.barbantia.es\/index.php?rest_route=%2Fwp%2Fv2%2Fcomments&post=6579"}],"version-history":[{"count":1,"href":"http:\/\/cafebarbantia.barbantia.es\/index.php?rest_route=\/wp\/v2\/posts\/6579\/revisions"}],"predecessor-version":[{"id":6583,"href":"http:\/\/cafebarbantia.barbantia.es\/index.php?rest_route=\/wp\/v2\/posts\/6579\/revisions\/6583"}],"wp:attachment":[{"href":"http:\/\/cafebarbantia.barbantia.es\/index.php?rest_route=%2Fwp%2Fv2%2Fmedia&parent=6579"}],"wp:term":[{"taxonomy":"category","embeddable":true,"href":"http:\/\/cafebarbantia.barbantia.es\/index.php?rest_route=%2Fwp%2Fv2%2Fcategories&post=6579"},{"taxonomy":"post_tag","embeddable":true,"href":"http:\/\/cafebarbantia.barbantia.es\/index.php?rest_route=%2Fwp%2Fv2%2Ftags&post=6579"}],"curies":[{"name":"wp","href":"https:\/\/api.w.org\/{rel}","templated":true}]}}