{"id":6594,"date":"2016-11-21T06:00:57","date_gmt":"2016-11-21T06:00:57","guid":{"rendered":"http:\/\/cafebarbantia.barbantia.es\/?p=6594"},"modified":"2016-11-14T16:50:30","modified_gmt":"2016-11-14T16:50:30","slug":"dignidade-e-indignidade-do-traballo","status":"publish","type":"post","link":"http:\/\/cafebarbantia.barbantia.es\/?p=6594","title":{"rendered":"Dignidade e indignidade do traballo"},"content":{"rendered":"<p style=\"text-align: justify;\"><a href=\"http:\/\/cafebarbantia.barbantia.es\/wp-content\/uploads\/2016\/11\/escravo.jpg\"><img decoding=\"async\" loading=\"lazy\" class=\"alignleft size-medium wp-image-6595\" alt=\"escravo\" src=\"http:\/\/cafebarbantia.barbantia.es\/wp-content\/uploads\/2016\/11\/escravo-237x300.jpg\" width=\"237\" height=\"300\" srcset=\"http:\/\/cafebarbantia.barbantia.es\/wp-content\/uploads\/2016\/11\/escravo-237x300.jpg 237w, http:\/\/cafebarbantia.barbantia.es\/wp-content\/uploads\/2016\/11\/escravo.jpg 317w\" sizes=\"(max-width: 237px) 100vw, 237px\" \/><\/a><em><strong>Fidel Vidal.\u00a0<\/strong><\/em>&#8220;Hai traballadores que viven como escravos&#8221;. Esta afirmaci\u00f3n non \u00e9 dun militante pol\u00edtico radical, nin dun sindicalista, nin dun empregado indignado polas duras condici\u00f3ns laborais \u00e1s que se ve sometido. Son palabras dun m\u00e9dico de atenci\u00f3n primaria horrorizado polo deterioro das condiciones de vida dalg\u00fans dos traballadores que atende. (Andreu Miss\u00e9, Alterna-tivas Econ\u00f3micas, novembro, 2016). Se noutrora a industrializaci\u00f3n estaba ligada a determinadas \u00e1reas xeogr\u00e1ficas, a situaci\u00f3n actual deu lugar ao denominado \u201dproletariado global\u201d e, por mor das extensas migraci\u00f3ns, ao \u201cinternacionalismo proletario\u201d na propia casa\u00a0(Alain Badiou). <!--more-->E retomar o que dic\u00eda Marx: \u201cos traballadores non te\u00f1en patria\u201d.<\/p>\n<p style=\"text-align: justify;\">F\u00e1lase, cinicamente, da dignidade de todos os traballos cando sabemos que, ag\u00e1s o traballo creativo ou vocacional, o resto son indignos e desprezables no intre en que desprezan o home como ser libre, suxeit\u00e1ndoo dobremente na s\u00faa propia alienaci\u00f3n. A dignidade (ou indignidade) do traballo, na nosa cultura occidental xudeocristi\u00e1, nace dun castigo. \u00c9 indigno o que \u00e9 impropio ou desprezable. Digno \u00e9 o \u2018merecedor de\u2019, mais tanto para o premio como para o castigo. As\u00ed foi o traballo, un castigo <i>digno<\/i> do home desobediente, \u00e9 dicir, indigno. E todo por unha infantil e caprichosa prohibici\u00f3n de Deus: por <i>comer<\/i> da \u00e1rbore do co\u00f1ecemento. Polo tanto, o traballo como condena \u00e9 consecuencia directa dun acto de liberdade.<\/p>\n<p style=\"text-align: justify;\">Xa naqueles tempos paradis\u00edacos estaba prohibido saber. A \u00fanica virtude radicaba na obediencia. As\u00ed Deus expulsou do ed\u00e9n onde viv\u00edan a Ad\u00e1n e Eva, a parella dese\u00f1ada e modelada por el mesmo quen, entre outras condenas, mandoulles o seguinte recado: \u201cGanar\u00e1s o pan coa suor do teu rostro\u201d. <a href=\"http:\/\/cafebarbantia.barbantia.es\/wp-content\/uploads\/2016\/11\/trabajo-esclavo.jpg\"><img decoding=\"async\" loading=\"lazy\" class=\"alignright size-medium wp-image-6596\" alt=\"trabajo-esclavo\" src=\"http:\/\/cafebarbantia.barbantia.es\/wp-content\/uploads\/2016\/11\/trabajo-esclavo-300x168.jpg\" width=\"300\" height=\"168\" srcset=\"http:\/\/cafebarbantia.barbantia.es\/wp-content\/uploads\/2016\/11\/trabajo-esclavo-300x168.jpg 300w, http:\/\/cafebarbantia.barbantia.es\/wp-content\/uploads\/2016\/11\/trabajo-esclavo-900x505.jpg 900w, http:\/\/cafebarbantia.barbantia.es\/wp-content\/uploads\/2016\/11\/trabajo-esclavo.jpg 1008w\" sizes=\"(max-width: 300px) 100vw, 300px\" \/><\/a>Despois o Deus todopoderoso, ao non fiarse do seu grand\u00edsimo poder e, moito menos, da parella desobediente, puxo un gardi\u00e1n armado arredor do xard\u00edn, \u201cun querub\u00edn que brand\u00eda flamante espada\u201d.\u00a0 Con isto completamos os s\u00edmbolos b\u00e1sicos do poder: un amo desconfiado e un garda armado ao seu servizo.<\/p>\n<p style=\"text-align: justify;\">O traballador xamais poder\u00e1 entrar no para\u00edso. Non sab\u00eda Deus que m\u00e1is adiante uns cantos descendentes da parella conseguir\u00edan o pan e todo canto tiveran ao seu alcance, non coa s\u00faa suor sen\u00f3n coa suor do rostro dos demais. Tr\u00e1tase dos novos amos. \u201c<i>Eu, por se acaso, xa lle encarguei ao meu secretario que me vaia metendo un camelo polo ollo dunha agulla\u201d <\/i>(Chumy Ch\u00famez). Os ricos, se lles apetece ou senten afecci\u00f3n <i>animalista<\/i> e non queren sacrificar o pobre camelo, fabricar\u00e1n as agullas ao tama\u00f1o adecuado aos seus intereses.<\/p>\n<p style=\"text-align: justify;\">Traballar, nas s\u00faas ra\u00edces etimol\u00f3xicas, significa sufrir, esforzarse, preocuparse por, de onde m\u00e1is tarde xorden laborar, obrar. No s\u00e9culo XIV, do lat\u00edn vulgar, <i>tripaliari<\/i>, torturar, derivado de <i>tripalium<\/i>, especie de cepo ou instrumento de tortura (tres paus cruzados que formaban o trebello ao que suxeitaban o reo). De <i>traballar<\/i> deriva o substantivo <i>traballo <\/i>(1212), que conserva na Idade Media e a\u00ednda hoxe en d\u00eda o sentido etimol\u00f3xico de sufrimento e dor. Bos comezos para os nosos anhelos: sufrir, esforzarse, tortura, dor, todo iso ligado ao traballo.<\/p>\n<p style=\"text-align: justify;\"><i>Eu non quero inducirte cara ao traballo. \/ \u00a0\u00a0 Non est\u00e1 feito o home para traballar. \/ Mais polos cartos si debes andar espelido! <\/i>\u00a0(Bertolt Brecht)<\/p>\n","protected":false},"excerpt":{"rendered":"<p>Fidel Vidal.\u00a0&#8220;Hai traballadores que viven como escravos&#8221;. Esta afirmaci\u00f3n non \u00e9 dun militante pol\u00edtico radical, nin dun sindicalista, nin dun empregado indignado polas duras condici\u00f3ns laborais \u00e1s que se ve sometido. Son palabras dun m\u00e9dico de atenci\u00f3n primaria horrorizado polo deterioro das condiciones de vida dalg\u00fans dos traballadores que atende. (Andreu Miss\u00e9, Alterna-tivas Econ\u00f3micas, novembro, &hellip; <a href=\"http:\/\/cafebarbantia.barbantia.es\/?p=6594\" class=\"more-link\">Seguir lendo <span class=\"screen-reader-text\">Dignidade e indignidade do traballo<\/span> <span class=\"meta-nav\">&rarr;<\/span><\/a><\/p>\n","protected":false},"author":1,"featured_media":0,"comment_status":"open","ping_status":"closed","sticky":false,"template":"","format":"standard","meta":{"_bbp_topic_count":0,"_bbp_reply_count":0,"_bbp_total_topic_count":0,"_bbp_total_reply_count":0,"_bbp_voice_count":0,"_bbp_anonymous_reply_count":0,"_bbp_topic_count_hidden":0,"_bbp_reply_count_hidden":0,"_bbp_forum_subforum_count":0,"_exactmetrics_skip_tracking":false,"_exactmetrics_sitenote_active":false,"_exactmetrics_sitenote_note":"","_exactmetrics_sitenote_category":0,"_monsterinsights_skip_tracking":false,"_monsterinsights_sitenote_active":false,"_monsterinsights_sitenote_note":"","_monsterinsights_sitenote_category":0},"categories":[7,65],"tags":[],"aioseo_notices":[],"_links":{"self":[{"href":"http:\/\/cafebarbantia.barbantia.es\/index.php?rest_route=\/wp\/v2\/posts\/6594"}],"collection":[{"href":"http:\/\/cafebarbantia.barbantia.es\/index.php?rest_route=\/wp\/v2\/posts"}],"about":[{"href":"http:\/\/cafebarbantia.barbantia.es\/index.php?rest_route=\/wp\/v2\/types\/post"}],"author":[{"embeddable":true,"href":"http:\/\/cafebarbantia.barbantia.es\/index.php?rest_route=\/wp\/v2\/users\/1"}],"replies":[{"embeddable":true,"href":"http:\/\/cafebarbantia.barbantia.es\/index.php?rest_route=%2Fwp%2Fv2%2Fcomments&post=6594"}],"version-history":[{"count":1,"href":"http:\/\/cafebarbantia.barbantia.es\/index.php?rest_route=\/wp\/v2\/posts\/6594\/revisions"}],"predecessor-version":[{"id":6597,"href":"http:\/\/cafebarbantia.barbantia.es\/index.php?rest_route=\/wp\/v2\/posts\/6594\/revisions\/6597"}],"wp:attachment":[{"href":"http:\/\/cafebarbantia.barbantia.es\/index.php?rest_route=%2Fwp%2Fv2%2Fmedia&parent=6594"}],"wp:term":[{"taxonomy":"category","embeddable":true,"href":"http:\/\/cafebarbantia.barbantia.es\/index.php?rest_route=%2Fwp%2Fv2%2Fcategories&post=6594"},{"taxonomy":"post_tag","embeddable":true,"href":"http:\/\/cafebarbantia.barbantia.es\/index.php?rest_route=%2Fwp%2Fv2%2Ftags&post=6594"}],"curies":[{"name":"wp","href":"https:\/\/api.w.org\/{rel}","templated":true}]}}