{"id":6608,"date":"2016-11-24T06:00:47","date_gmt":"2016-11-24T06:00:47","guid":{"rendered":"http:\/\/cafebarbantia.barbantia.es\/?p=6608"},"modified":"2016-11-20T19:55:49","modified_gmt":"2016-11-20T19:55:49","slug":"duas-mulleres-no-cgac-duas-propostas-relacionadas-co-pais-i-eva-lootz","status":"publish","type":"post","link":"http:\/\/cafebarbantia.barbantia.es\/?p=6608","title":{"rendered":"D\u00faas mulleres no CGAC. D\u00faas propostas relacionadas co pa\u00eds  (I) Eva Lootz"},"content":{"rendered":"<p style=\"text-align: justify;\"><em><strong><a href=\"http:\/\/cafebarbantia.barbantia.es\/wp-content\/uploads\/2016\/11\/eva_lootz.jpg\"><img decoding=\"async\" loading=\"lazy\" class=\"alignright size-medium wp-image-6610\" alt=\"eva_lootz\" src=\"http:\/\/cafebarbantia.barbantia.es\/wp-content\/uploads\/2016\/11\/eva_lootz-220x300.jpg\" width=\"220\" height=\"300\" srcset=\"http:\/\/cafebarbantia.barbantia.es\/wp-content\/uploads\/2016\/11\/eva_lootz-220x300.jpg 220w, http:\/\/cafebarbantia.barbantia.es\/wp-content\/uploads\/2016\/11\/eva_lootz.jpg 340w\" sizes=\"(max-width: 220px) 100vw, 220px\" \/><\/a>Pilar Sampedro.\u00a0<\/strong><\/em>A arte nos museos p\u00fablicos est\u00e1 a disposici\u00f3n de todos. Todas temos dereito a acceder a ela, a gozar coa s\u00faa visi\u00f3n e a aprender co que nos achega. Por iso, ten sentido que falemos das exposici\u00f3ns que neste momento mostra o Centro Galego de Arte Contempor\u00e1nea.\u00a0D\u00faas exposici\u00f3ns de mulleres \u00e1s que separan vinte e cinco anos, unha delas <b>Eva Lootz<\/b>, nada en Viena e residente en Espa\u00f1a desde o 1968; outra, <b>Berta C\u00e1ccamo<\/b>, de Vigo, da familia dos \u00c1lvarez Limeses e \u00c1lvarez Bl\u00e1zquez, sagas comprometidas que honran e engrandecen o pa\u00eds.<!--more--><\/p>\n<p style=\"text-align: justify;\">Eva Lootz cunha carreira m\u00e1is que consolidada, desde que no ano 1994 recibiu\u00a0 Premio Nacional de Artes Pl\u00e1sticas, forma parte dese conxunto de mulleres que abriron cami\u00f1o \u00e1s que vi\u00f1eron detr\u00e1s. O percorrido polas obras do CGAC fainos part\u00edcipes de corenta anos de traballo nos que accedemos \u00e1 sensibilidade desta muller con estudos de filosof\u00eda, cine e pintura. Imos pasando por obxectos traballados nos m\u00e1is diversos materiais nun labor de indagaci\u00f3n arredor dos pigmentos, a parafina, o lacre, o carb\u00f3n, a fibra de vidro, o esparto ou o feltro; o paso \u00e1 tridimensionalidade sumando os minerais coma o chumbo ou o esta\u00f1o, a area, o sal ou o po de m\u00e1rmore. Sempre buscando materiais pobres ou considerados pouco art\u00edsticos, obras nas que o m\u00e1is importante \u00e9 o proceso: esa falta de inmutabilidade e permanencia que pode verse en todas as pezas nas que a area vai caendo pola gravidade e constru\u00edndo a peza de forma case allea \u00e1 man da artista; a lembranza de iconas permanentes como as pir\u00e1mides ou os cigurats, as rutas e cami\u00f1os, o significado de certos n\u00fameros, os apeiros ou as polas&#8230; pero especialmente as grandes instalaci\u00f3ns onde a cor negra do carb\u00f3n (que cae dos sete discos suspendidos do teito para constru\u00edr sobre o chan pequenas monta\u00f1as que son a constelaci\u00f3n Osa Maior feita con po de estrelas) ou a branca (que representa unha paisaxe onde nos falan as sensaci\u00f3ns de soidade e fr\u00edo, a neve cubrindo un mundo no que aparecen determinados elementos, que nos estremece coma eses barcos que saen das paredes).<\/p>\n<figure id=\"attachment_6611\" aria-describedby=\"caption-attachment-6611\" style=\"width: 300px\" class=\"wp-caption alignleft\"><a href=\"http:\/\/cafebarbantia.barbantia.es\/wp-content\/uploads\/2016\/11\/la-voz.jpg\"><img decoding=\"async\" loading=\"lazy\" class=\"size-medium wp-image-6611 \" alt=\"Foto: La Voz de Galicia\" src=\"http:\/\/cafebarbantia.barbantia.es\/wp-content\/uploads\/2016\/11\/la-voz-300x168.jpg\" width=\"300\" height=\"168\" srcset=\"http:\/\/cafebarbantia.barbantia.es\/wp-content\/uploads\/2016\/11\/la-voz-300x168.jpg 300w, http:\/\/cafebarbantia.barbantia.es\/wp-content\/uploads\/2016\/11\/la-voz-900x504.jpg 900w, http:\/\/cafebarbantia.barbantia.es\/wp-content\/uploads\/2016\/11\/la-voz.jpg 980w\" sizes=\"(max-width: 300px) 100vw, 300px\" \/><\/a><figcaption id=\"caption-attachment-6611\" class=\"wp-caption-text\">Foto: La Voz de Galicia<\/figcaption><\/figure>\n<p style=\"text-align: justify;\">Pero non estar\u00eda falando aqu\u00ed de Eva Lootz, se non houbera un proxecto en proceso relacionado con Galicia e co Barbanza, <i>Volframio<\/i>, no que recolle sobre o mapa galego os xacementos deste mineral explotados na posguerra e agarda a colaboraci\u00f3n das persoas que poidan achegar algo a respecto desta miner\u00eda, para elaborar un organigrama humano do seu impacto, que pasa polo n\u00famero de obreiros e presos forzados a traballar, a influencia desta econom\u00eda no PIB da poboaci\u00f3n galega e o seu papel na emigraci\u00f3n, ou quen foron os m\u00e1ximos beneficiarios do tr\u00e1fico deste mineral. En fin, o interese por descubrir a relaci\u00f3n destes materiais estrat\u00e9xicos coa violencia e os intereses de poder. San Finx, a\u00ed ao lado, lembrado nos estudos ensa\u00edsticos e na recuperaci\u00f3n da memoria hist\u00f3rica, pero tam\u00e9n na novel\u00edstica da man de H\u00e9ctor Carr\u00e9 na obra que fora premio de literatura xuvenil, <i>Febre<\/i>.<\/p>\n","protected":false},"excerpt":{"rendered":"<p>Pilar Sampedro.\u00a0A arte nos museos p\u00fablicos est\u00e1 a disposici\u00f3n de todos. Todas temos dereito a acceder a ela, a gozar coa s\u00faa visi\u00f3n e a aprender co que nos achega. Por iso, ten sentido que falemos das exposici\u00f3ns que neste momento mostra o Centro Galego de Arte Contempor\u00e1nea.\u00a0D\u00faas exposici\u00f3ns de mulleres \u00e1s que separan vinte &hellip; <a href=\"http:\/\/cafebarbantia.barbantia.es\/?p=6608\" class=\"more-link\">Seguir lendo <span class=\"screen-reader-text\">D\u00faas mulleres no CGAC. D\u00faas propostas relacionadas co pa\u00eds  (I) Eva Lootz<\/span> <span class=\"meta-nav\">&rarr;<\/span><\/a><\/p>\n","protected":false},"author":1,"featured_media":0,"comment_status":"open","ping_status":"closed","sticky":false,"template":"","format":"standard","meta":{"_bbp_topic_count":0,"_bbp_reply_count":0,"_bbp_total_topic_count":0,"_bbp_total_reply_count":0,"_bbp_voice_count":0,"_bbp_anonymous_reply_count":0,"_bbp_topic_count_hidden":0,"_bbp_reply_count_hidden":0,"_bbp_forum_subforum_count":0,"_exactmetrics_skip_tracking":false,"_exactmetrics_sitenote_active":false,"_exactmetrics_sitenote_note":"","_exactmetrics_sitenote_category":0,"_monsterinsights_skip_tracking":false,"_monsterinsights_sitenote_active":false,"_monsterinsights_sitenote_note":"","_monsterinsights_sitenote_category":0},"categories":[4,7,69],"tags":[],"aioseo_notices":[],"_links":{"self":[{"href":"http:\/\/cafebarbantia.barbantia.es\/index.php?rest_route=\/wp\/v2\/posts\/6608"}],"collection":[{"href":"http:\/\/cafebarbantia.barbantia.es\/index.php?rest_route=\/wp\/v2\/posts"}],"about":[{"href":"http:\/\/cafebarbantia.barbantia.es\/index.php?rest_route=\/wp\/v2\/types\/post"}],"author":[{"embeddable":true,"href":"http:\/\/cafebarbantia.barbantia.es\/index.php?rest_route=\/wp\/v2\/users\/1"}],"replies":[{"embeddable":true,"href":"http:\/\/cafebarbantia.barbantia.es\/index.php?rest_route=%2Fwp%2Fv2%2Fcomments&post=6608"}],"version-history":[{"count":2,"href":"http:\/\/cafebarbantia.barbantia.es\/index.php?rest_route=\/wp\/v2\/posts\/6608\/revisions"}],"predecessor-version":[{"id":6612,"href":"http:\/\/cafebarbantia.barbantia.es\/index.php?rest_route=\/wp\/v2\/posts\/6608\/revisions\/6612"}],"wp:attachment":[{"href":"http:\/\/cafebarbantia.barbantia.es\/index.php?rest_route=%2Fwp%2Fv2%2Fmedia&parent=6608"}],"wp:term":[{"taxonomy":"category","embeddable":true,"href":"http:\/\/cafebarbantia.barbantia.es\/index.php?rest_route=%2Fwp%2Fv2%2Fcategories&post=6608"},{"taxonomy":"post_tag","embeddable":true,"href":"http:\/\/cafebarbantia.barbantia.es\/index.php?rest_route=%2Fwp%2Fv2%2Ftags&post=6608"}],"curies":[{"name":"wp","href":"https:\/\/api.w.org\/{rel}","templated":true}]}}