{"id":6649,"date":"2017-01-25T06:00:59","date_gmt":"2017-01-25T06:00:59","guid":{"rendered":"http:\/\/cafebarbantia.barbantia.es\/?p=6649"},"modified":"2017-01-19T07:48:22","modified_gmt":"2017-01-19T07:48:22","slug":"mais-ala-da-pintura","status":"publish","type":"post","link":"http:\/\/cafebarbantia.barbantia.es\/?p=6649","title":{"rendered":"M\u00e1is al\u00e1 da pintura"},"content":{"rendered":"<p style=\"text-align: justify;\"><em><strong><a href=\"http:\/\/cafebarbantia.barbantia.es\/wp-content\/uploads\/2016\/11\/SOLISTA.jpg\"><img decoding=\"async\" loading=\"lazy\" class=\"alignright size-medium wp-image-6713\" alt=\"SOLISTA\" src=\"http:\/\/cafebarbantia.barbantia.es\/wp-content\/uploads\/2016\/11\/SOLISTA-192x300.jpg\" width=\"192\" height=\"300\" srcset=\"http:\/\/cafebarbantia.barbantia.es\/wp-content\/uploads\/2016\/11\/SOLISTA-192x300.jpg 192w, http:\/\/cafebarbantia.barbantia.es\/wp-content\/uploads\/2016\/11\/SOLISTA.jpg 410w\" sizes=\"(max-width: 192px) 100vw, 192px\" \/><\/a>Antonio Pi\u00f1eiro.\u00a0<\/strong><\/em>O que non esperamos, ao asistir a unha mostra pict\u00f3rica, \u00e9 ser n\u00f3s o obxecto da observaci\u00f3n, ser n\u00f3s os observados\/as. Iso \u00e9 o que me aconteceu con esta \u00faltima de M\u00f3nica Ayaso. Atopei esa ollada inversa, mult\u00edplice, mais un\u00edvoca, que semellaba coma dun ente vivo ou unha presenza m\u00e1is al\u00e1 da pintura. O ollo, fixo en n\u00f3s, deste Solista celestial, que fun atopando\/sentindo mentres fac\u00eda o percorrido.<\/p>\n<p style=\"text-align: justify;\">Escoitab\u00e1molo dende os vellos escanos da facultade:\u00a0<em>La chiquita piconera<\/em>(Julio Romero de Torres), a moza da perla (Vermeer), a ollada de Inocencio X (Vel\u00e1zquez) ou o ollo de Bu\u00f1uel. <!--more-->Unha ollada coma do ser que nos espreita dende a outra cara da realidade, que quizais \u00e9 a nosa propia ollada no espello on\u00edrico do surrealismo ou quizais a do anxo m\u00edstico da vida, do grifo babil\u00f3nico que sempre hai no seu misterio\/so\u00f1o. Por certo, que o so\u00f1o de Nabucodonosor, o rei babilonio, contado no Libro de Daniel, \u00e9 un dos primeiros cos que se interpreta o Mundo.<\/p>\n<div style=\"text-align: justify;\"><span style=\"font-size: 16px;\">Dic\u00eda Vasily Kandinsky que a arte leva sempre unha parte do futuro, o cal \u00e9 unha maneira de dicir que a arte \u00e9 esa ollada: a forma intuitiva do co\u00f1ecemento. Kandinsky escribiu\u00a0<\/span><em style=\"font-size: 16px;\">Do espiritual na arte<\/em><span style=\"font-size: 16px;\">\u00a0para dicir exactamente iso: que a arte \u00e9 o que nos explica sen necesidade de apelar \u00e1 raz\u00f3n. E eu albisco, pola mi\u00f1a banda, que ese mesmo \u00e9 o fundamento de M\u00f3nica Ayaso. Que M\u00f3nica Ayaso conduce o seu mon\u00f3logo interior de tinta, colaxe e pastel polo metauniverso intu\u00eddo, mesturando o imaxinario persoal co imaxinario tradicional galego dos mouchos (<\/span><em style=\"font-size: 16px;\">La mirada<\/em><span style=\"font-size: 16px;\">), fadas, trasgos, buguinas mitol\u00f3xicas (<\/span><em style=\"font-size: 16px;\">Hynos<\/em><span style=\"font-size: 16px;\">), ninfas (<\/span><em style=\"font-size: 16px;\">Magia<\/em><span style=\"font-size: 16px;\">), f\u00e9nix e seres h\u00edbridos (<\/span><em style=\"font-size: 16px;\">Dile a la luna<\/em><span style=\"font-size: 16px;\">) e cos abstractos da secuencia filos\u00f3fica que tam\u00e9n move a s\u00faa pintura: o apego, a maternidade, o amor, a exploraci\u00f3n do ser, a interpretaci\u00f3n da felicidade, o misterio da presenza \u00ad -ese ollo, que non \u00e9 outro c\u00f3 do misterio do Mundo- e o abraio da beleza. Talmente o que diriamos dos so\u00f1os.<\/span><\/div>\n<p style=\"text-align: justify;\">O surrealismo de M\u00f3nica Ayaso aparece ent\u00f3n elevado \u00e1 categor\u00eda intuitivo-intelectual que ao primeiro (visi\u00f3n, alucinaci\u00f3n, delirio, subconsciencia) non se lle supor\u00eda.<\/p>\n<p style=\"text-align: justify;\">O querido colega e amigo Manuel Cartea explic\u00e1bao marabillosamente por medio da expresi\u00f3n \u00absempre anovado movemento surrealista\u00bb, e \u00e1 propia M\u00f3nica lle escoitamos dicir unha vez que as s\u00faas son paisaxes que pertencen a un mundo anterior \u00e1 humanidade. Non sempre se expresa algo con tal rotundidade. Na propia frase est\u00e1 impl\u00edcita a idea do transcendental, do intuitivo e da \u00fanica linguaxe posible para acceder a eses eidos: a linguaxe dos so\u00f1os. Xa dic\u00eda tam\u00e9n Vasily Kandinsky que o artista debe ser cego fronte \u00e1 forma (realidade).<\/p>\n<p style=\"text-align: justify;\">Este magn\u00edfico \u00abSolista celestial\u00bb, coa \u00faltima serie de M\u00f3nica Ayaso, pod\u00e9molo ver na sala d`o Rei Zentolo, na ribeirense Praza de Espa\u00f1a\u00a0FOToCARMELA QUEIJEIRO<\/p>\n","protected":false},"excerpt":{"rendered":"<p>Antonio Pi\u00f1eiro.\u00a0O que non esperamos, ao asistir a unha mostra pict\u00f3rica, \u00e9 ser n\u00f3s o obxecto da observaci\u00f3n, ser n\u00f3s os observados\/as. Iso \u00e9 o que me aconteceu con esta \u00faltima de M\u00f3nica Ayaso. Atopei esa ollada inversa, mult\u00edplice, mais un\u00edvoca, que semellaba coma dun ente vivo ou unha presenza m\u00e1is al\u00e1 da pintura. O &hellip; <a href=\"http:\/\/cafebarbantia.barbantia.es\/?p=6649\" class=\"more-link\">Seguir lendo <span class=\"screen-reader-text\">M\u00e1is al\u00e1 da pintura<\/span> <span class=\"meta-nav\">&rarr;<\/span><\/a><\/p>\n","protected":false},"author":1,"featured_media":0,"comment_status":"open","ping_status":"closed","sticky":false,"template":"","format":"standard","meta":{"_bbp_topic_count":0,"_bbp_reply_count":0,"_bbp_total_topic_count":0,"_bbp_total_reply_count":0,"_bbp_voice_count":0,"_bbp_anonymous_reply_count":0,"_bbp_topic_count_hidden":0,"_bbp_reply_count_hidden":0,"_bbp_forum_subforum_count":0,"_exactmetrics_skip_tracking":false,"_exactmetrics_sitenote_active":false,"_exactmetrics_sitenote_note":"","_exactmetrics_sitenote_category":0,"_monsterinsights_skip_tracking":false,"_monsterinsights_sitenote_active":false,"_monsterinsights_sitenote_note":"","_monsterinsights_sitenote_category":0},"categories":[35,4],"tags":[],"aioseo_notices":[],"_links":{"self":[{"href":"http:\/\/cafebarbantia.barbantia.es\/index.php?rest_route=\/wp\/v2\/posts\/6649"}],"collection":[{"href":"http:\/\/cafebarbantia.barbantia.es\/index.php?rest_route=\/wp\/v2\/posts"}],"about":[{"href":"http:\/\/cafebarbantia.barbantia.es\/index.php?rest_route=\/wp\/v2\/types\/post"}],"author":[{"embeddable":true,"href":"http:\/\/cafebarbantia.barbantia.es\/index.php?rest_route=\/wp\/v2\/users\/1"}],"replies":[{"embeddable":true,"href":"http:\/\/cafebarbantia.barbantia.es\/index.php?rest_route=%2Fwp%2Fv2%2Fcomments&post=6649"}],"version-history":[{"count":2,"href":"http:\/\/cafebarbantia.barbantia.es\/index.php?rest_route=\/wp\/v2\/posts\/6649\/revisions"}],"predecessor-version":[{"id":6714,"href":"http:\/\/cafebarbantia.barbantia.es\/index.php?rest_route=\/wp\/v2\/posts\/6649\/revisions\/6714"}],"wp:attachment":[{"href":"http:\/\/cafebarbantia.barbantia.es\/index.php?rest_route=%2Fwp%2Fv2%2Fmedia&parent=6649"}],"wp:term":[{"taxonomy":"category","embeddable":true,"href":"http:\/\/cafebarbantia.barbantia.es\/index.php?rest_route=%2Fwp%2Fv2%2Fcategories&post=6649"},{"taxonomy":"post_tag","embeddable":true,"href":"http:\/\/cafebarbantia.barbantia.es\/index.php?rest_route=%2Fwp%2Fv2%2Ftags&post=6649"}],"curies":[{"name":"wp","href":"https:\/\/api.w.org\/{rel}","templated":true}]}}