{"id":6654,"date":"2016-12-19T06:00:43","date_gmt":"2016-12-19T06:00:43","guid":{"rendered":"http:\/\/cafebarbantia.barbantia.es\/?p=6654"},"modified":"2016-12-18T12:49:59","modified_gmt":"2016-12-18T12:49:59","slug":"reiteracion-alarmante","status":"publish","type":"post","link":"http:\/\/cafebarbantia.barbantia.es\/?p=6654","title":{"rendered":"Reiteraci\u00f3n alarmante"},"content":{"rendered":"<p style=\"text-align: justify;\"><em><strong><a href=\"http:\/\/cafebarbantia.barbantia.es\/wp-content\/uploads\/2016\/11\/muller1.jpg\"><img decoding=\"async\" loading=\"lazy\" class=\"alignleft size-medium wp-image-6799\" alt=\"muller1\" src=\"http:\/\/cafebarbantia.barbantia.es\/wp-content\/uploads\/2016\/11\/muller1-300x215.jpg\" width=\"300\" height=\"215\" srcset=\"http:\/\/cafebarbantia.barbantia.es\/wp-content\/uploads\/2016\/11\/muller1-300x215.jpg 300w, http:\/\/cafebarbantia.barbantia.es\/wp-content\/uploads\/2016\/11\/muller1.jpg 481w\" sizes=\"(max-width: 300px) 100vw, 300px\" \/><\/a>Mar\u00eda Xes\u00fas Blanco.\u00a0<\/strong><\/em>\u00c9 frecuente escoitar que, na actualidade, non existe discrimi-naci\u00f3n entre homes e mulleres. Que \u00e9 absurdo falar destas cuesti\u00f3ns nunha sociedade como a nosa. E que iso da violencia de x\u00e9nero \u00e9 cousa de persoas trastornadas. Porque a lei, insisten, \u00e9 igual para todos. E unha preg\u00fantase perplexa como se pode alimentar esta opini\u00f3n tan baleira, e tan danosa ao mesmo tempo, vendo o que acontece ao noso redor. <!--more-->Pensen, por exemplo, nesta ducia de titulares de prensa, publicados en diferentes medios, durante o mes de novembro: A igualdade de x\u00e9nero non v\u00e9n nos libros de texto. A publicidade sexista alenta as agresi\u00f3ns a mulleres. Liberdade para os implicados na violaci\u00f3n reiterada dunha nena. A lei de violencia de x\u00e9nero penar\u00e1 as vodas forzosas e a mutilaci\u00f3n. O 80 % das v\u00edtimas da trata de persoas son mulleres. Novembro de loito contra a violencia machista. Unha muller de 56 anos \u00e9 asasinada pola s\u00faa parella. 157 menores con ordes de protecci\u00f3n por violencia machista. Asasinada unha xornalista polo seu ex marido. Sae un novo v\u00eddeo da violaci\u00f3n m\u00faltiple en Pamplona. Os colexios alertan do aumento do machismo entre os adolescentes. Tres mil galegas con protecci\u00f3n oficial por violencia machista.<\/p>\n<div id=\"ad-RobaMobile\" itemscope=\"\" itemtype=\"http:\/\/schema.org\/WPAdBlock\" style=\"text-align: justify;\" data-url=\"\/4900\/webm.EXT.LAVOZDEGALICIA\/edicion\/\/barbanza\" data-mapping=\"ROBAMOBILE\" data-sizes=\"[[300,250],[300,300],[350, 300],[300,600],[350, 600]]\" data-param=\"pos\" data-targeting=\"robapaginas\"><span style=\"font-size: 16px;\"><a href=\"http:\/\/cafebarbantia.barbantia.es\/wp-content\/uploads\/2016\/11\/muller3.jpg\"><img decoding=\"async\" loading=\"lazy\" class=\"alignright size-medium wp-image-6800\" alt=\"muller3\" src=\"http:\/\/cafebarbantia.barbantia.es\/wp-content\/uploads\/2016\/11\/muller3-300x211.jpg\" width=\"300\" height=\"211\" srcset=\"http:\/\/cafebarbantia.barbantia.es\/wp-content\/uploads\/2016\/11\/muller3-300x211.jpg 300w, http:\/\/cafebarbantia.barbantia.es\/wp-content\/uploads\/2016\/11\/muller3.jpg 500w\" sizes=\"(max-width: 300px) 100vw, 300px\" \/><\/a>Todos eles reflicten unha reiteraci\u00f3n alarmante. Que o xerme sexista est\u00e1 a\u00ednda moi asentado na nosa cultura e que non se est\u00e1 a facer o necesario para evitar o sufrimento atroz de tantas mulleres, nin o abatemento de familiares, amigos, e da sociedade en xeral. Por iso urxe actuar dende todos os \u00e1mbitos. Por que non atallaremos a desigualdade nin esta violencia vergonzante se non loitamos con todos os medios necesarios dende as nosas casas, dende a escola, dende os medios de comunicaci\u00f3n, dende os gobernos e as instituci\u00f3ns.<\/span><\/div>\n<p style=\"text-align: justify;\">Por que no D\u00eda Internacional contra a violencia de x\u00e9nero nos custa comprender que evitar tanta dor non \u00e9, dun xeito inescusable, algo prioritario?<\/p>\n","protected":false},"excerpt":{"rendered":"<p>Mar\u00eda Xes\u00fas Blanco.\u00a0\u00c9 frecuente escoitar que, na actualidade, non existe discrimi-naci\u00f3n entre homes e mulleres. Que \u00e9 absurdo falar destas cuesti\u00f3ns nunha sociedade como a nosa. E que iso da violencia de x\u00e9nero \u00e9 cousa de persoas trastornadas. Porque a lei, insisten, \u00e9 igual para todos. E unha preg\u00fantase perplexa como se pode alimentar esta &hellip; <a href=\"http:\/\/cafebarbantia.barbantia.es\/?p=6654\" class=\"more-link\">Seguir lendo <span class=\"screen-reader-text\">Reiteraci\u00f3n alarmante<\/span> <span class=\"meta-nav\">&rarr;<\/span><\/a><\/p>\n","protected":false},"author":1,"featured_media":0,"comment_status":"open","ping_status":"closed","sticky":false,"template":"","format":"standard","meta":{"_bbp_topic_count":0,"_bbp_reply_count":0,"_bbp_total_topic_count":0,"_bbp_total_reply_count":0,"_bbp_voice_count":0,"_bbp_anonymous_reply_count":0,"_bbp_topic_count_hidden":0,"_bbp_reply_count_hidden":0,"_bbp_forum_subforum_count":0,"_exactmetrics_skip_tracking":false,"_exactmetrics_sitenote_active":false,"_exactmetrics_sitenote_note":"","_exactmetrics_sitenote_category":0,"_monsterinsights_skip_tracking":false,"_monsterinsights_sitenote_active":false,"_monsterinsights_sitenote_note":"","_monsterinsights_sitenote_category":0},"categories":[7,38,9],"tags":[],"aioseo_notices":[],"_links":{"self":[{"href":"http:\/\/cafebarbantia.barbantia.es\/index.php?rest_route=\/wp\/v2\/posts\/6654"}],"collection":[{"href":"http:\/\/cafebarbantia.barbantia.es\/index.php?rest_route=\/wp\/v2\/posts"}],"about":[{"href":"http:\/\/cafebarbantia.barbantia.es\/index.php?rest_route=\/wp\/v2\/types\/post"}],"author":[{"embeddable":true,"href":"http:\/\/cafebarbantia.barbantia.es\/index.php?rest_route=\/wp\/v2\/users\/1"}],"replies":[{"embeddable":true,"href":"http:\/\/cafebarbantia.barbantia.es\/index.php?rest_route=%2Fwp%2Fv2%2Fcomments&post=6654"}],"version-history":[{"count":3,"href":"http:\/\/cafebarbantia.barbantia.es\/index.php?rest_route=\/wp\/v2\/posts\/6654\/revisions"}],"predecessor-version":[{"id":6802,"href":"http:\/\/cafebarbantia.barbantia.es\/index.php?rest_route=\/wp\/v2\/posts\/6654\/revisions\/6802"}],"wp:attachment":[{"href":"http:\/\/cafebarbantia.barbantia.es\/index.php?rest_route=%2Fwp%2Fv2%2Fmedia&parent=6654"}],"wp:term":[{"taxonomy":"category","embeddable":true,"href":"http:\/\/cafebarbantia.barbantia.es\/index.php?rest_route=%2Fwp%2Fv2%2Fcategories&post=6654"},{"taxonomy":"post_tag","embeddable":true,"href":"http:\/\/cafebarbantia.barbantia.es\/index.php?rest_route=%2Fwp%2Fv2%2Ftags&post=6654"}],"curies":[{"name":"wp","href":"https:\/\/api.w.org\/{rel}","templated":true}]}}