{"id":6803,"date":"2017-01-29T06:00:46","date_gmt":"2017-01-29T06:00:46","guid":{"rendered":"http:\/\/cafebarbantia.barbantia.es\/?p=6803"},"modified":"2017-01-19T11:25:59","modified_gmt":"2017-01-19T11:25:59","slug":"sinfonia-ruidosa","status":"publish","type":"post","link":"http:\/\/cafebarbantia.barbantia.es\/?p=6803","title":{"rendered":"Sinfon\u00eda ruidosa"},"content":{"rendered":"<p style=\"text-align: justify;\"><em><strong><a href=\"http:\/\/cafebarbantia.barbantia.es\/wp-content\/uploads\/2016\/12\/ni\u00f1os1.jpg\"><img decoding=\"async\" loading=\"lazy\" class=\"alignright size-medium wp-image-6804\" alt=\"ni\u00f1os1\" src=\"http:\/\/cafebarbantia.barbantia.es\/wp-content\/uploads\/2016\/12\/ni\u00f1os1-300x168.jpg\" width=\"300\" height=\"168\" srcset=\"http:\/\/cafebarbantia.barbantia.es\/wp-content\/uploads\/2016\/12\/ni\u00f1os1-300x168.jpg 300w, http:\/\/cafebarbantia.barbantia.es\/wp-content\/uploads\/2016\/12\/ni\u00f1os1-900x505.jpg 900w, http:\/\/cafebarbantia.barbantia.es\/wp-content\/uploads\/2016\/12\/ni\u00f1os1.jpg 980w\" sizes=\"(max-width: 300px) 100vw, 300px\" \/><\/a>Francisco Ant. Vidal Blanco. <\/strong><\/em>O auditorio est\u00e1 a rebordar. \u00c9 un destes concertos gratu\u00edtos que se nos ofrecen por Nadal. Sei que moitos dos presentes vi\u00f1eron polo director invitado, un franc\u00e9s que, pese \u00e1 s\u00faa idade, xa pode presumir dun amplo curr\u00edculo, e tam\u00e9n polo virtuosismo dos m\u00fasicos, mestres de primeira li\u00f1a. <!--more-->Pero na sala tam\u00e9n hai moitos pais que, atra\u00eddos polo prezo, fan da gratuidade sin\u00f3nimo de desprezo, coa desculpa de introducir \u00f3s seus nenos no gusto musical e sen ter en conta que as preferencias e os desexos dos maiores non poden ser impostos baixo tortura. V\u00e9selles, a alg\u00fans destes proxenitores esa alegr\u00eda que vai entre a soberbia e o orgullo, seguros de que os seus nenos son uns xenios porque son quen de cantaruxar d\u00faas notas dunha nana, e eles os mellores portadores xen\u00e9ticos do mundo, convencidos de que, a\u00ednda sen saber falar, as s\u00faas crianzas xa fan garabatos dignos de expo\u00f1er nunha galer\u00eda de arte. Non faltan, evidentemente, os <em>selfies<\/em> de autoestima que logo circulan polas redes. Estou seguro de que moitas destas nais radiaron con ondas sonoras o feto para inculcarlle a trav\u00e9s do l\u00edquido amni\u00f3tico os acordes da novena de Beethoven, e non quero imaxinarme \u00e1 criaturi\u00f1a intrauterina tratando de po\u00f1er as s\u00faas manci\u00f1as nas orellas.<\/p>\n<p style=\"text-align: justify;\">Despois de que os altofalantes advirtan para que apaguemos os tel\u00e9fonos m\u00f3biles e demais aparellos electr\u00f3nicos, faise o silencio e comeza o concerto. Precioso son que sae dunha frauta, suave, tan leve que semella que n\u00f3s mesmos levitamos, apenas son uns segundos durante os que ata o tempo se det\u00e9n nun relaxamento total cando, de s\u00fapeto, a nota estridente dun choro infantil provoca un repentino remexer de p\u00fablico nos asentos e afloran os malos pensamentos. Axi\u00f1a confirmamos que hai pais torturadores dos propios fillos, nunha idade e nunha hora na que s\u00f3 desexan xogar sen ter que estar d\u00faas horas sentados fronte a uns tipos vestidos de frac. Pais irrespectuosos co traballo duns m\u00fasicos que ningu\u00e9n sabe cantas horas lle dedicaron a preparar este concerto, e pais tan orgullosos e maleducados, que menosprezan a todos os presentes.<\/p>\n<p style=\"text-align: justify;\"><a href=\"http:\/\/cafebarbantia.barbantia.es\/wp-content\/uploads\/2016\/12\/ni\u00f1os-m\u00fasicos.jpg\"><img decoding=\"async\" loading=\"lazy\" class=\"alignleft size-medium wp-image-6805\" alt=\"ni\u00f1os m\u00fasicos\" src=\"http:\/\/cafebarbantia.barbantia.es\/wp-content\/uploads\/2016\/12\/ni\u00f1os-m\u00fasicos-300x155.jpg\" width=\"300\" height=\"155\" srcset=\"http:\/\/cafebarbantia.barbantia.es\/wp-content\/uploads\/2016\/12\/ni\u00f1os-m\u00fasicos-300x155.jpg 300w, http:\/\/cafebarbantia.barbantia.es\/wp-content\/uploads\/2016\/12\/ni\u00f1os-m\u00fasicos.jpg 760w\" sizes=\"(max-width: 300px) 100vw, 300px\" \/><\/a>Certo, a cultura debe estar \u00f3 alcance de todos, pero non poden uns poucos impedir que todo un auditorio a goce, xa sexa co ru\u00eddo de fondo dunha carrapeta ou co IVE mutilador. Non quixera estar preto de onde eles sentan, porque igual me daba o nervio. \u00d3 lado destes tipos, o se\u00f1or ministro de impostos \u00e9 un santo.<\/p>\n<p style=\"text-align: justify;\">Cando parece que o meni\u00f1o calou, e a paz se viste de harmon\u00eda, foi sonar unhas notas de tromb\u00f3n para que un novo e estridente choro se faga o\u00edr por encima do instrumento; e \u00e1 aquel choro, coma cando un can ladra e atrae os ladridos de todos os cans do barrio, todos os meni\u00f1os presentes, choran, berran, gritan, falan en alto, lev\u00e1ntanse, e alg\u00fan ata sae a patear polos corredores obrigando \u00f3s atl\u00e9ticos pais a perseguilos con redobre de zapatos e ameazalos \u00f3 p\u00e9 do escenario. Non sei se estamos en plena sinfon\u00eda de choros e lamentos ou nunha performance de rebeld\u00eda infantil. O mesmo director trata de facer unha variaci\u00f3n sobre a marcha co fin de calmar \u00e1s feras, pero a m\u00fasica, amigos meus, non calma a todas as feras. E d\u00edgoo sen \u00e1nimo de ofender a quen non ten culpa.<\/p>\n<p style=\"text-align: justify;\">Cando sa\u00edmos non me resisto a facer unha reclamaci\u00f3n, que \u00f3 principio de todo, cando se anuncia que se apaguen os tel\u00e9fonos m\u00f3biles e os aparellos electr\u00f3nicos se incl\u00faa a frase \u00abe m\u00e9tanlle un chupete na boca \u00f3s beb\u00e9s\u00bb.<\/p>\n","protected":false},"excerpt":{"rendered":"<p>Francisco Ant. Vidal Blanco. O auditorio est\u00e1 a rebordar. \u00c9 un destes concertos gratu\u00edtos que se nos ofrecen por Nadal. Sei que moitos dos presentes vi\u00f1eron polo director invitado, un franc\u00e9s que, pese \u00e1 s\u00faa idade, xa pode presumir dun amplo curr\u00edculo, e tam\u00e9n polo virtuosismo dos m\u00fasicos, mestres de primeira li\u00f1a.<\/p>\n","protected":false},"author":1,"featured_media":0,"comment_status":"open","ping_status":"closed","sticky":false,"template":"","format":"standard","meta":{"_bbp_topic_count":0,"_bbp_reply_count":0,"_bbp_total_topic_count":0,"_bbp_total_reply_count":0,"_bbp_voice_count":0,"_bbp_anonymous_reply_count":0,"_bbp_topic_count_hidden":0,"_bbp_reply_count_hidden":0,"_bbp_forum_subforum_count":0,"_exactmetrics_skip_tracking":false,"_exactmetrics_sitenote_active":false,"_exactmetrics_sitenote_note":"","_exactmetrics_sitenote_category":0,"_monsterinsights_skip_tracking":false,"_monsterinsights_sitenote_active":false,"_monsterinsights_sitenote_note":"","_monsterinsights_sitenote_category":0},"categories":[7,52,9],"tags":[],"aioseo_notices":[],"_links":{"self":[{"href":"http:\/\/cafebarbantia.barbantia.es\/index.php?rest_route=\/wp\/v2\/posts\/6803"}],"collection":[{"href":"http:\/\/cafebarbantia.barbantia.es\/index.php?rest_route=\/wp\/v2\/posts"}],"about":[{"href":"http:\/\/cafebarbantia.barbantia.es\/index.php?rest_route=\/wp\/v2\/types\/post"}],"author":[{"embeddable":true,"href":"http:\/\/cafebarbantia.barbantia.es\/index.php?rest_route=\/wp\/v2\/users\/1"}],"replies":[{"embeddable":true,"href":"http:\/\/cafebarbantia.barbantia.es\/index.php?rest_route=%2Fwp%2Fv2%2Fcomments&post=6803"}],"version-history":[{"count":1,"href":"http:\/\/cafebarbantia.barbantia.es\/index.php?rest_route=\/wp\/v2\/posts\/6803\/revisions"}],"predecessor-version":[{"id":6806,"href":"http:\/\/cafebarbantia.barbantia.es\/index.php?rest_route=\/wp\/v2\/posts\/6803\/revisions\/6806"}],"wp:attachment":[{"href":"http:\/\/cafebarbantia.barbantia.es\/index.php?rest_route=%2Fwp%2Fv2%2Fmedia&parent=6803"}],"wp:term":[{"taxonomy":"category","embeddable":true,"href":"http:\/\/cafebarbantia.barbantia.es\/index.php?rest_route=%2Fwp%2Fv2%2Fcategories&post=6803"},{"taxonomy":"post_tag","embeddable":true,"href":"http:\/\/cafebarbantia.barbantia.es\/index.php?rest_route=%2Fwp%2Fv2%2Ftags&post=6803"}],"curies":[{"name":"wp","href":"https:\/\/api.w.org\/{rel}","templated":true}]}}