{"id":6950,"date":"2017-02-18T06:00:52","date_gmt":"2017-02-18T06:00:52","guid":{"rendered":"http:\/\/cafebarbantia.barbantia.es\/?p=6950"},"modified":"2017-02-18T09:06:45","modified_gmt":"2017-02-18T09:06:45","slug":"un-estudo-definitivo-da-xeografia-urbana","status":"publish","type":"post","link":"http:\/\/cafebarbantia.barbantia.es\/?p=6950","title":{"rendered":"Un estudo definitivo da xeograf\u00eda urbana"},"content":{"rendered":"<p style=\"text-align: justify;\"><em><strong><a href=\"http:\/\/cafebarbantia.barbantia.es\/wp-content\/uploads\/2017\/01\/pedro.jpg\"><img decoding=\"async\" loading=\"lazy\" class=\"alignright size-medium wp-image-6951\" style=\"border: 1px solid black;\" alt=\"pedro\" src=\"http:\/\/cafebarbantia.barbantia.es\/wp-content\/uploads\/2017\/01\/pedro-212x300.jpg\" width=\"212\" height=\"300\" srcset=\"http:\/\/cafebarbantia.barbantia.es\/wp-content\/uploads\/2017\/01\/pedro-212x300.jpg 212w, http:\/\/cafebarbantia.barbantia.es\/wp-content\/uploads\/2017\/01\/pedro.jpg 602w\" sizes=\"(max-width: 212px) 100vw, 212px\" \/><\/a>Rom\u00e1n Ar\u00e9n.\u00a0<\/strong><\/em>Dende que en 1989 publicou\u00a0<em>Noia: xeograf\u00eda urbana e \u00e1rea de influencia<\/em>, Pedro Garc\u00eda Vidal foi editando libros, artigos e ensaios sobre o urbanismo da r\u00eda de Noia e Muros cunha mirada \u00e1 vez cient\u00edfica e interdisciplinar, con obras como\u00a0<em>A Noia da memoria<\/em>\u00a0(1991),\u00a0<em>Investigando na vila. Did\u00e1ctica do medio urbano<\/em>\u00a0(1993), cos artigos na revista\u00a0<em>Alameda<\/em>\u00a0e no anuario Barbantia, con folletos e ponencias en congresos, configurando o m\u00e1is completo estudo de xeograf\u00eda urbana dunha r\u00eda. O ramo d\u00e1o con este libro, baseado na s\u00faa tese de doutoramento, onde estuda a xeograf\u00eda urbana das vilas de Muros e Noia dende as s\u00faas orixes medievais ata 1950.<!--more--> \u00c9 s\u00f3 a primeira parte dun traballo acad\u00e9mico lido na USC en 2012, produto de trinta anos de pescuda en arquivos, de labor bibliogr\u00e1fico e de capacidade did\u00e1ctica para explicar como naceron e se desenvolveron estas d\u00faas vilas. Mirada comprensiva, plural e cient\u00edfica a oitocentos anos de urbanismo. Con esta obra Noia e Muros \u00fanense a Pontevedra, Viveiro, Mondo\u00f1edo, O Carballi\u00f1o, Compostela, Ourense e Vigo, o que amosa o cami\u00f1o que a\u00ednda debe percorrer a disciplina, recente entre n\u00f3s, da xeograf\u00eda urbana. Esta obra ser\u00e1, con seguridade, unha cita obrigada en futuros estudos.<\/p>\n","protected":false},"excerpt":{"rendered":"<p>Rom\u00e1n Ar\u00e9n.\u00a0Dende que en 1989 publicou\u00a0Noia: xeograf\u00eda urbana e \u00e1rea de influencia, Pedro Garc\u00eda Vidal foi editando libros, artigos e ensaios sobre o urbanismo da r\u00eda de Noia e Muros cunha mirada \u00e1 vez cient\u00edfica e interdisciplinar, con obras como\u00a0A Noia da memoria\u00a0(1991),\u00a0Investigando na vila. Did\u00e1ctica do medio urbano\u00a0(1993), cos artigos na revista\u00a0Alameda\u00a0e no anuario &hellip; <a href=\"http:\/\/cafebarbantia.barbantia.es\/?p=6950\" class=\"more-link\">Seguir lendo <span class=\"screen-reader-text\">Un estudo definitivo da xeograf\u00eda urbana<\/span> <span class=\"meta-nav\">&rarr;<\/span><\/a><\/p>\n","protected":false},"author":1,"featured_media":0,"comment_status":"open","ping_status":"closed","sticky":false,"template":"","format":"standard","meta":{"_bbp_topic_count":0,"_bbp_reply_count":0,"_bbp_total_topic_count":0,"_bbp_total_reply_count":0,"_bbp_voice_count":0,"_bbp_anonymous_reply_count":0,"_bbp_topic_count_hidden":0,"_bbp_reply_count_hidden":0,"_bbp_forum_subforum_count":0,"_exactmetrics_skip_tracking":false,"_exactmetrics_sitenote_active":false,"_exactmetrics_sitenote_note":"","_exactmetrics_sitenote_category":0,"_monsterinsights_skip_tracking":false,"_monsterinsights_sitenote_active":false,"_monsterinsights_sitenote_note":"","_monsterinsights_sitenote_category":0},"categories":[7,28],"tags":[],"aioseo_notices":[],"_links":{"self":[{"href":"http:\/\/cafebarbantia.barbantia.es\/index.php?rest_route=\/wp\/v2\/posts\/6950"}],"collection":[{"href":"http:\/\/cafebarbantia.barbantia.es\/index.php?rest_route=\/wp\/v2\/posts"}],"about":[{"href":"http:\/\/cafebarbantia.barbantia.es\/index.php?rest_route=\/wp\/v2\/types\/post"}],"author":[{"embeddable":true,"href":"http:\/\/cafebarbantia.barbantia.es\/index.php?rest_route=\/wp\/v2\/users\/1"}],"replies":[{"embeddable":true,"href":"http:\/\/cafebarbantia.barbantia.es\/index.php?rest_route=%2Fwp%2Fv2%2Fcomments&post=6950"}],"version-history":[{"count":2,"href":"http:\/\/cafebarbantia.barbantia.es\/index.php?rest_route=\/wp\/v2\/posts\/6950\/revisions"}],"predecessor-version":[{"id":7035,"href":"http:\/\/cafebarbantia.barbantia.es\/index.php?rest_route=\/wp\/v2\/posts\/6950\/revisions\/7035"}],"wp:attachment":[{"href":"http:\/\/cafebarbantia.barbantia.es\/index.php?rest_route=%2Fwp%2Fv2%2Fmedia&parent=6950"}],"wp:term":[{"taxonomy":"category","embeddable":true,"href":"http:\/\/cafebarbantia.barbantia.es\/index.php?rest_route=%2Fwp%2Fv2%2Fcategories&post=6950"},{"taxonomy":"post_tag","embeddable":true,"href":"http:\/\/cafebarbantia.barbantia.es\/index.php?rest_route=%2Fwp%2Fv2%2Ftags&post=6950"}],"curies":[{"name":"wp","href":"https:\/\/api.w.org\/{rel}","templated":true}]}}