{"id":6985,"date":"2017-02-21T06:00:28","date_gmt":"2017-02-21T06:00:28","guid":{"rendered":"http:\/\/cafebarbantia.barbantia.es\/?p=6985"},"modified":"2017-02-12T22:51:54","modified_gmt":"2017-02-12T22:51:54","slug":"coa-man-diante-da-boca","status":"publish","type":"post","link":"http:\/\/cafebarbantia.barbantia.es\/?p=6985","title":{"rendered":"Coa man diante da boca"},"content":{"rendered":"<p style=\"text-align: justify;\"><em><strong><a href=\"http:\/\/cafebarbantia.barbantia.es\/wp-content\/uploads\/2017\/02\/Renoir-empatia.jpg\"><img decoding=\"async\" loading=\"lazy\" class=\"alignleft size-medium wp-image-6986\" alt=\"Renoir-empatia\" src=\"http:\/\/cafebarbantia.barbantia.es\/wp-content\/uploads\/2017\/02\/Renoir-empatia-300x168.jpg\" width=\"300\" height=\"168\" srcset=\"http:\/\/cafebarbantia.barbantia.es\/wp-content\/uploads\/2017\/02\/Renoir-empatia-300x168.jpg 300w, http:\/\/cafebarbantia.barbantia.es\/wp-content\/uploads\/2017\/02\/Renoir-empatia.jpg 627w\" sizes=\"(max-width: 300px) 100vw, 300px\" \/><\/a>Francisco Ant. Vidal Blanco.<\/strong><\/em><strong><em> <\/em><\/strong>Ultima- mente estase po\u00f1endo de moda o de falar coa man diante da boca. Tanto a xente do goberno como os adestradores de f\u00fatbol colleron o costume de murmurar cos do lado tapando os beizos, e non precisamente pola halitose que poidan desprender, sen\u00f3n porque se volveron moi precavidos e moi desconfiados. <!--more-->Tal vez, m\u00e1is ca por moda sexa por necesidade. A lecci\u00f3n quedou aprendida despois de tantos micr\u00f3fonos abertos e c\u00e1maras capaces de ler un m\u00ednimo movemento labial.<\/p>\n<div id=\"ad-RobaMobile\" itemscope=\"\" itemtype=\"http:\/\/schema.org\/WPAdBlock\" style=\"text-align: justify;\" data-url=\"\/4900\/webm.EXT.LAVOZDEGALICIA\/edicion\/\/barbanza\" data-mapping=\"ROBAMOBILE\" data-sizes=\"[[300,250],[300,300],[350, 300],[300,600],[350, 600]]\" data-param=\"pos\" data-targeting=\"robapaginas\"><span style=\"font-size: 16px;\">A man diante da boca \u00e9 s\u00edntoma de que algo non se lle pode dicir a todos, un \u00abque quede entre n\u00f3s\u00bb. Estoutro d\u00eda, falando de pol\u00edtica municipal na barra dun bar, notei como o meu interlocutor, de s\u00fapeto, baixou a voz e tapou a boca para seguir cont\u00e1ndome certo chanchullo. E como se me fac\u00eda case imposible entendelo con cinco dedos obstru\u00edndo as ondas sonoras, inviteino a cambiar de taberna, para outra menos ruidosa; e ent\u00f3n, \u00f3 sa\u00edr, un parente do alcalde apostado detr\u00e1s de n\u00f3s, medio en broma medio en serio soltounos a peor acusaci\u00f3n que tivemos que escoitar ese d\u00eda: \u00abNon vos vaiades por min\u00bb. Disimulamos como puidemos, e unha vez f\u00f3ra e sen testemu\u00f1as, o precavido amigo p\u00faxome \u00f3 corrente do que non se pode falar segundo diante de quen, inclu\u00eddo o taberneiro.<\/span><\/div>\n<p style=\"text-align: justify;\">E \u00e9 que, realmente non hai liberdade de expresi\u00f3n. O simple feito de sospeitar que poidamos ser sinalados co dedo baixo a desconfianza de estar falando mal deste ou daquel, pola maneira de mirar ou de dicir \u00e9 un s\u00edntoma ben claro da existencia de encasillamento social, o que me lembra a un rapaci\u00f1o sen moitas luces, quen nos acusaba diante de quen fose e po\u00f1\u00e9ndonos en verdadeiros apuros, de \u00abser dos outros\u00bb porque critic\u00e1bamos \u00f3 goberno.<\/p>\n<p style=\"text-align: justify;\">Hai anos que aprendemos a medir as palabras trocando o que se quere dicir polo que se quere o\u00edr. O primeiro a saber \u00e9 con quen vas falar, para que non che considere dos outros, porque ser dos outros \u00e9 ser dos inimigos, e \u00f3s inimigos non \u00e9 que non se lles dea pan nin auga, \u00e9 que a\u00ednda se lles quita o que poidan ter. V\u00edmolo con aqueles tipos alcumados\u00a0<em>da cella<\/em>, que por ser dos outros provocaron tanta ira ministerial que o mundo da cultura, fose de usuarios ou de operarios, sumiuse na peor etapa cultural dos \u00faltimos anos, coa subida do IVE, co retiro de subvenci\u00f3ns e ata gravando \u00f3s xubilados cando escriben alg\u00fan artigo. Silenciouse a discrepancia para bombardearnos coa mediocridade dos ben vendidos e mellor adulados, con ese retorno \u00f3 consumo polo consumo do amigo fiel e do favor correspondido. Porque din que non hai censura pero hai amigos.<\/p>\n<div id=\"ad-Roba2DetalleMobile\" itemscope=\"\" itemtype=\"http:\/\/schema.org\/WPAdBlock\" data-url=\"\/2260323\/Roba_2_detalle_mobile\" data-mapping=\"ROBAMOBILE\" data-sizes=\"[[300,250],[300,300],[350, 300],[300,600],[350, 600]]\" data-param=\"seccion\" data-targeting=\"\"><span style=\"font-size: 16px;\">Non basta falar con sentidi\u00f1o, hai que facelo coa man diante da boca a\u00ednda que nos dean arcadas, coma cando non queren que oiamos algunha trapallada. S\u00f3 se saca a man de diante da boca, para que se escoite o que queremos e nos gratifiquen cun \u00abas\u00ed se fai\u00bb. Porque ese tam\u00e9n \u00e9 o esp\u00edrito de supervivencia nun mundo de odios e vinganzas tan propenso a acusar a calquera de ser dos outros.<\/span><\/div>\n<div id=\"ad-Roba3DetalleMobile\" itemscope=\"\" itemtype=\"http:\/\/schema.org\/WPAdBlock\" data-url=\"\/2260323\/Roba_3_detalle_mobile\" data-mapping=\"ROBAMOBILE\" data-sizes=\"[[300,250],[300,300],[350, 300],[300,600],[350, 600]]\" data-param=\"seccion\" data-targeting=\"\"><\/div>\n<p>Por se acaso, ma\u00f1\u00e1 irei \u00e1 misa de doce e dareille a paz \u00f3 se\u00f1or concelleiro, \u00f3 se\u00f1or cura p\u00e1rroco e a algunha veci\u00f1a que me mira con malos ollos desde que deixei barba.<\/p>\n","protected":false},"excerpt":{"rendered":"<p>Francisco Ant. Vidal Blanco. Ultima- mente estase po\u00f1endo de moda o de falar coa man diante da boca. Tanto a xente do goberno como os adestradores de f\u00fatbol colleron o costume de murmurar cos do lado tapando os beizos, e non precisamente pola halitose que poidan desprender, sen\u00f3n porque se volveron moi precavidos e moi &hellip; <a href=\"http:\/\/cafebarbantia.barbantia.es\/?p=6985\" class=\"more-link\">Seguir lendo <span class=\"screen-reader-text\">Coa man diante da boca<\/span> <span class=\"meta-nav\">&rarr;<\/span><\/a><\/p>\n","protected":false},"author":1,"featured_media":0,"comment_status":"open","ping_status":"closed","sticky":false,"template":"","format":"standard","meta":{"_bbp_topic_count":0,"_bbp_reply_count":0,"_bbp_total_topic_count":0,"_bbp_total_reply_count":0,"_bbp_voice_count":0,"_bbp_anonymous_reply_count":0,"_bbp_topic_count_hidden":0,"_bbp_reply_count_hidden":0,"_bbp_forum_subforum_count":0,"_exactmetrics_skip_tracking":false,"_exactmetrics_sitenote_active":false,"_exactmetrics_sitenote_note":"","_exactmetrics_sitenote_category":0,"_monsterinsights_skip_tracking":false,"_monsterinsights_sitenote_active":false,"_monsterinsights_sitenote_note":"","_monsterinsights_sitenote_category":0},"categories":[7,52,9],"tags":[],"aioseo_notices":[],"_links":{"self":[{"href":"http:\/\/cafebarbantia.barbantia.es\/index.php?rest_route=\/wp\/v2\/posts\/6985"}],"collection":[{"href":"http:\/\/cafebarbantia.barbantia.es\/index.php?rest_route=\/wp\/v2\/posts"}],"about":[{"href":"http:\/\/cafebarbantia.barbantia.es\/index.php?rest_route=\/wp\/v2\/types\/post"}],"author":[{"embeddable":true,"href":"http:\/\/cafebarbantia.barbantia.es\/index.php?rest_route=\/wp\/v2\/users\/1"}],"replies":[{"embeddable":true,"href":"http:\/\/cafebarbantia.barbantia.es\/index.php?rest_route=%2Fwp%2Fv2%2Fcomments&post=6985"}],"version-history":[{"count":2,"href":"http:\/\/cafebarbantia.barbantia.es\/index.php?rest_route=\/wp\/v2\/posts\/6985\/revisions"}],"predecessor-version":[{"id":7024,"href":"http:\/\/cafebarbantia.barbantia.es\/index.php?rest_route=\/wp\/v2\/posts\/6985\/revisions\/7024"}],"wp:attachment":[{"href":"http:\/\/cafebarbantia.barbantia.es\/index.php?rest_route=%2Fwp%2Fv2%2Fmedia&parent=6985"}],"wp:term":[{"taxonomy":"category","embeddable":true,"href":"http:\/\/cafebarbantia.barbantia.es\/index.php?rest_route=%2Fwp%2Fv2%2Fcategories&post=6985"},{"taxonomy":"post_tag","embeddable":true,"href":"http:\/\/cafebarbantia.barbantia.es\/index.php?rest_route=%2Fwp%2Fv2%2Ftags&post=6985"}],"curies":[{"name":"wp","href":"https:\/\/api.w.org\/{rel}","templated":true}]}}