{"id":7009,"date":"2017-02-17T06:00:53","date_gmt":"2017-02-17T06:00:53","guid":{"rendered":"http:\/\/cafebarbantia.barbantia.es\/?p=7009"},"modified":"2017-02-12T19:24:15","modified_gmt":"2017-02-12T19:24:15","slug":"john-berger-e-a-vulnerabilidade","status":"publish","type":"post","link":"http:\/\/cafebarbantia.barbantia.es\/?p=7009","title":{"rendered":"John Berger e a vulnerabilidade"},"content":{"rendered":"<p style=\"text-align: justify;\"><a href=\"http:\/\/cafebarbantia.barbantia.es\/wp-content\/uploads\/2017\/02\/porca.jpg\"><img decoding=\"async\" loading=\"lazy\" class=\"alignleft size-full wp-image-7010\" alt=\"porca\" src=\"http:\/\/cafebarbantia.barbantia.es\/wp-content\/uploads\/2017\/02\/porca.jpg\" width=\"150\" height=\"248\" \/><\/a><em><strong>Pilar Sampedro. <\/strong><\/em>Souben de John Berger e a s\u00faa obra <i>Porca terra<\/i> despois de ver <i>Queda algu\u00e9n a\u00ed?, <\/i>o documental de Rafa Cid; aquela obra onde se enfrontaba o mundo dos vellos e o dos novos nun pobo condenado \u00e1 desaparici\u00f3n, no que cando a xesti\u00f3n do monte veci\u00f1al produciu un super\u00e1vit decidiran facer un tanatorio que mostraban aos visitantes a modo de visita guiada: \u201cMire, o noso tanatorio, de dous pisos\u201d; e os rapaces apuntaban: \u201cBen pod\u00edan deixarnos un deles para n\u00f3s, que non temos onde meternos\u201d. A morte como horizonte. D\u00edxome Rafa: entender\u00e1s mellor o documental se les <i>Porca terra<\/i>; lino e f\u00edxoseme a\u00a0 luz<!--more-->; algu\u00e9n vira o que estaba a pasar no agro de maneira cr\u00edtica, algu\u00e9n o analizara politicamente, sen ser parlamentos nin estar detr\u00e1s dunhas siglas.<\/p>\n<p style=\"text-align: justify;\">Lembro entre n\u00e9boas aqueles labregos que atacan aos inspectores de sanidade porque lles impiden matar o porco, ou facer ca\u00f1a, ou criar gali\u00f1as, ou cultivar o horto&#8230; porque o absurdo \u00e9 tan grande, visto cos ollos do campo, que non se pode entender que lle cambien a vida sen dar conta, que non poida coller uns berberechos na s\u00faa praia pero si poidan vir xentes de f\u00f3ra a p\u00f3rse en coiro; que non poida facer o vi\u00f1o coas uvas da horta. A\u00ed toc\u00e1banse o mundo de Berger e o meu, a\u00ed onde cambiaran as normas sen que ningu\u00e9n contara coa mi\u00f1a xente. E ese t\u00edtulo: <i>Porca terra<\/i>, semellaba vir dun lugar pr\u00f3ximo e afastado.<\/p>\n<p style=\"text-align: justify;\"><a href=\"http:\/\/cafebarbantia.barbantia.es\/wp-content\/uploads\/2017\/02\/john-berger-imagen-820x456.jpg\"><img decoding=\"async\" loading=\"lazy\" class=\"alignright size-medium wp-image-7011\" alt=\"A handout picture taken by Jacob Berger in January 2016\" src=\"http:\/\/cafebarbantia.barbantia.es\/wp-content\/uploads\/2017\/02\/john-berger-imagen-820x456-300x166.jpg\" width=\"300\" height=\"166\" srcset=\"http:\/\/cafebarbantia.barbantia.es\/wp-content\/uploads\/2017\/02\/john-berger-imagen-820x456-300x166.jpg 300w, http:\/\/cafebarbantia.barbantia.es\/wp-content\/uploads\/2017\/02\/john-berger-imagen-820x456.jpg 820w\" sizes=\"(max-width: 300px) 100vw, 300px\" \/><\/a>Sei que hai moitos m\u00e1is Berger&#8230; pero a min ch\u00e9game con ese e con unha das s\u00faas \u00faltimas fotos, na que aparece cos seu noventa anos sentado a car\u00f3n dunha vent\u00e1 pola que entra a natureza, ao p\u00e9 dunha mesa plena de cousas. \u00c9 un home maior que garda a dignidade, sentado coa dor daqueles aos que a verticalidade nunca lles foi perdoada. No p\u00e9 de foto pon: \u201cJohn Berger, fotografado en outubro na s\u00faa casa, preto de Par\u00eds\u201d.\u00a0 \u00c9 unha cara chea de bonhom\u00eda. Semella preguntarlle ao mundo, a trav\u00e9s do obxectivo, que facer coa pena.<\/p>\n<p style=\"text-align: justify;\">\u00c9 unha imaxe que doe na boca da terra (que dir\u00eda Rivas) porque nos fai interrogarnos mentres nos fala da vulnerabilidade.<\/p>\n","protected":false},"excerpt":{"rendered":"<p>Pilar Sampedro. Souben de John Berger e a s\u00faa obra Porca terra despois de ver Queda algu\u00e9n a\u00ed?, o documental de Rafa Cid; aquela obra onde se enfrontaba o mundo dos vellos e o dos novos nun pobo condenado \u00e1 desaparici\u00f3n, no que cando a xesti\u00f3n do monte veci\u00f1al produciu un super\u00e1vit decidiran facer un &hellip; <a href=\"http:\/\/cafebarbantia.barbantia.es\/?p=7009\" class=\"more-link\">Seguir lendo <span class=\"screen-reader-text\">John Berger e a vulnerabilidade<\/span> <span class=\"meta-nav\">&rarr;<\/span><\/a><\/p>\n","protected":false},"author":1,"featured_media":0,"comment_status":"open","ping_status":"closed","sticky":false,"template":"","format":"standard","meta":{"_bbp_topic_count":0,"_bbp_reply_count":0,"_bbp_total_topic_count":0,"_bbp_total_reply_count":0,"_bbp_voice_count":0,"_bbp_anonymous_reply_count":0,"_bbp_topic_count_hidden":0,"_bbp_reply_count_hidden":0,"_bbp_forum_subforum_count":0,"_exactmetrics_skip_tracking":false,"_exactmetrics_sitenote_active":false,"_exactmetrics_sitenote_note":"","_exactmetrics_sitenote_category":0,"_monsterinsights_skip_tracking":false,"_monsterinsights_sitenote_active":false,"_monsterinsights_sitenote_note":"","_monsterinsights_sitenote_category":0},"categories":[7,9,69],"tags":[],"aioseo_notices":[],"_links":{"self":[{"href":"http:\/\/cafebarbantia.barbantia.es\/index.php?rest_route=\/wp\/v2\/posts\/7009"}],"collection":[{"href":"http:\/\/cafebarbantia.barbantia.es\/index.php?rest_route=\/wp\/v2\/posts"}],"about":[{"href":"http:\/\/cafebarbantia.barbantia.es\/index.php?rest_route=\/wp\/v2\/types\/post"}],"author":[{"embeddable":true,"href":"http:\/\/cafebarbantia.barbantia.es\/index.php?rest_route=\/wp\/v2\/users\/1"}],"replies":[{"embeddable":true,"href":"http:\/\/cafebarbantia.barbantia.es\/index.php?rest_route=%2Fwp%2Fv2%2Fcomments&post=7009"}],"version-history":[{"count":1,"href":"http:\/\/cafebarbantia.barbantia.es\/index.php?rest_route=\/wp\/v2\/posts\/7009\/revisions"}],"predecessor-version":[{"id":7012,"href":"http:\/\/cafebarbantia.barbantia.es\/index.php?rest_route=\/wp\/v2\/posts\/7009\/revisions\/7012"}],"wp:attachment":[{"href":"http:\/\/cafebarbantia.barbantia.es\/index.php?rest_route=%2Fwp%2Fv2%2Fmedia&parent=7009"}],"wp:term":[{"taxonomy":"category","embeddable":true,"href":"http:\/\/cafebarbantia.barbantia.es\/index.php?rest_route=%2Fwp%2Fv2%2Fcategories&post=7009"},{"taxonomy":"post_tag","embeddable":true,"href":"http:\/\/cafebarbantia.barbantia.es\/index.php?rest_route=%2Fwp%2Fv2%2Ftags&post=7009"}],"curies":[{"name":"wp","href":"https:\/\/api.w.org\/{rel}","templated":true}]}}