{"id":7068,"date":"2017-03-18T06:00:22","date_gmt":"2017-03-18T06:00:22","guid":{"rendered":"http:\/\/cafebarbantia.barbantia.es\/?p=7068"},"modified":"2017-03-13T07:54:56","modified_gmt":"2017-03-13T07:54:56","slug":"na-procura-da-atlantida-ribeirense-a-cidade-asolagada-de-valverde","status":"publish","type":"post","link":"http:\/\/cafebarbantia.barbantia.es\/?p=7068","title":{"rendered":"Na procura da Atl\u00e1ntida ribeirense: a cidade asolagada de Valverde"},"content":{"rendered":"<figure id=\"attachment_7069\" aria-describedby=\"caption-attachment-7069\" style=\"width: 300px\" class=\"wp-caption alignright\"><a href=\"http:\/\/cafebarbantia.barbantia.es\/wp-content\/uploads\/2017\/02\/atlantida.jpg\"><img decoding=\"async\" loading=\"lazy\" class=\"size-medium wp-image-7069 \" alt=\"atlantida\" src=\"http:\/\/cafebarbantia.barbantia.es\/wp-content\/uploads\/2017\/02\/atlantida-300x287.jpg\" width=\"300\" height=\"287\" srcset=\"http:\/\/cafebarbantia.barbantia.es\/wp-content\/uploads\/2017\/02\/atlantida-300x287.jpg 300w, http:\/\/cafebarbantia.barbantia.es\/wp-content\/uploads\/2017\/02\/atlantida-900x863.jpg 900w, http:\/\/cafebarbantia.barbantia.es\/wp-content\/uploads\/2017\/02\/atlantida.jpg 980w\" sizes=\"(max-width: 300px) 100vw, 300px\" \/><\/a><figcaption id=\"caption-attachment-7069\" class=\"wp-caption-text\">Contorno da marisma de Carregal no parque natural de Corrubedo<\/figcaption><\/figure>\n<p style=\"text-align: justify;\"><em><strong>V\u00edctor Barbeito Pose.\u00a0<\/strong><\/em>A ningu\u00e9n lle sorprender\u00e1 que no litoral costeiro das parroquias ribeirenses de Artes e Olveira existe unha marisma pr\u00f3xima ao mar, dentro do actual sistema dunar de Corrubedo, na que se conta que se atopa cuberta polas s\u00faas augas a m\u00edtica cidade de Valverde. Nisto non hai ningunha achega nova, xa que a lenda \u00e9 amplamente co\u00f1ecida, como tam\u00e9n acontece con outras moitas lagoas en terreos galaicos, como a de Alcai\u00e1n, en Coristanco, ou a de Antela, na Limia, que asolagou a cidade de Antioqu\u00eda.<!--more--><\/p>\n<div id=\"ad-RobaMobile\" itemscope=\"\" itemtype=\"http:\/\/schema.org\/WPAdBlock\" style=\"text-align: justify;\" data-url=\"\/4900\/webm.EXT.LAVOZDEGALICIA\/edicion\/\/barbanza\" data-mapping=\"ROBAMOBILE\" data-sizes=\"[[300,250],[300,300],[350, 300],[300,600],[350, 600]]\" data-param=\"pos\" data-targeting=\"robapaginas\"><span style=\"font-size: 16px;\">O tema das cidades asolagadas est\u00e1 amplamente representado en Galicia con m\u00e1is de medio cento de exemplos, en moitos dos cales se repite o nome de Valverde; semella que \u00e9 resultado dunha pasaxe \u00e9pica e fant\u00e1stica arredor de Carlomagno (s\u00e9culos VIII-IX d.C.) recollida nun dos libros do C\u00f3dice Calixtino (s. XII d.C.) no que relata a destruci\u00f3n da cidade de Lucerna situada no Valle Verde (Valverde) e que ter\u00e1 gran difusi\u00f3n a partir dese momento.<\/span><\/div>\n<p style=\"text-align: justify;\">Hai uns anos, uns compa\u00f1eiros recolleron informaci\u00f3n oral dun lugar denominado Prado da Area, emprazado no contorno da marisma do Carregal. Nos traballos de extracci\u00f3n de area apareceron restos arqueol\u00f3xicos soterrados a uns tres metros de fondo; trat\u00e1base dunha gran construci\u00f3n paralela ao r\u00edo que, pola s\u00faa envergadura, consideraron que se trataba dun peirao ou semellante. A isto hai que engadir outras referencias, como a recuperaci\u00f3n de trabes de madeira de carballo e argolas de bronce no medio dos limos e lodos desa zona pantanosa, que irremediablemente nos fai voar a imaxinaci\u00f3n.<\/p>\n<p style=\"text-align: justify;\">Pero resulta que na documentaci\u00f3n hist\u00f3rica existen alg\u00fans lugares documentados en \u00e9poca medieval, pertencentes a ambas as d\u00faas parroquias (Olveira e Artes) que desapareceron, e dos que non se volveu ter constancia. Sabido \u00e9 que a li\u00f1a de costa ten evolucionado moito, que son espazos moi din\u00e1micos, afectados por procesos tanto regresivos (retroceso do nivel do mar) como transgresivos (subida do nivel do mar), procesos moi complexos que te\u00f1en afectado os asentamentos de poboaci\u00f3n; sirva como exemplo a vila galaico-romana de Noville en Mugardos que, tras do seu abandono, foi invadida parcialmente polo mar.<\/p>\n<p style=\"text-align: justify;\">A\u00ednda que algo se ten avanzado ao respecto, semella que no Barbanza, e incluso en Galicia, existe un gran baleiro de asentamentos no per\u00edodo comprendido entre o abandono dos castros nos primeiros s\u00e9culos da Era cristi\u00e1 ata o rexurdir dos burgos medievais ao longo da segunda metade do s\u00e9culo XII en adiante. Semella que existiu unha longa noite de pedra de case mil anos, con tempos moi convulsos (crise do s\u00e9culo III, chegada dos suevos e ca\u00edda do Imperio romano durante o s\u00e9culo V, a conquista musulm\u00e1 no s\u00e9culo VIII, as razzias de normandos, vikingos e sarracenos dende mediados do s\u00e9culo IX ata ben entrado o s\u00e9culo XI) nos que a xente s\u00f3 se achegaba \u00e1 costa de forma ocasional e espor\u00e1dica.<\/p>\n<div id=\"ad-Roba3DetalleMobile\" itemscope=\"\" itemtype=\"http:\/\/schema.org\/WPAdBlock\" style=\"text-align: justify;\" data-url=\"\/2260323\/Roba_3_detalle_mobile\" data-mapping=\"ROBAMOBILE\" data-sizes=\"[[300,250],[300,300],[350, 300],[300,600],[350, 600]]\" data-param=\"seccion\" data-targeting=\"\"><span style=\"font-size: 16px;\">Quizais os top\u00f3nimos, como a praia do Vilar, o Casal Novo ou o rego da Cidade, todos eles dentro do parque natural, nos est\u00e1n a contar algo. E talvez a lenda da Valverde ribeirense ten algo de veracidade hist\u00f3rica, e temos baixo un manto de area a nosa Atl\u00e1ntica particular.<\/span><\/div>\n","protected":false},"excerpt":{"rendered":"<p>V\u00edctor Barbeito Pose.\u00a0A ningu\u00e9n lle sorprender\u00e1 que no litoral costeiro das parroquias ribeirenses de Artes e Olveira existe unha marisma pr\u00f3xima ao mar, dentro do actual sistema dunar de Corrubedo, na que se conta que se atopa cuberta polas s\u00faas augas a m\u00edtica cidade de Valverde. Nisto non hai ningunha achega nova, xa que a &hellip; <a href=\"http:\/\/cafebarbantia.barbantia.es\/?p=7068\" class=\"more-link\">Seguir lendo <span class=\"screen-reader-text\">Na procura da Atl\u00e1ntida ribeirense: a cidade asolagada de Valverde<\/span> <span class=\"meta-nav\">&rarr;<\/span><\/a><\/p>\n","protected":false},"author":1,"featured_media":0,"comment_status":"open","ping_status":"closed","sticky":false,"template":"","format":"standard","meta":{"_bbp_topic_count":0,"_bbp_reply_count":0,"_bbp_total_topic_count":0,"_bbp_total_reply_count":0,"_bbp_voice_count":0,"_bbp_anonymous_reply_count":0,"_bbp_topic_count_hidden":0,"_bbp_reply_count_hidden":0,"_bbp_forum_subforum_count":0,"_exactmetrics_skip_tracking":false,"_exactmetrics_sitenote_active":false,"_exactmetrics_sitenote_note":"","_exactmetrics_sitenote_category":0,"_monsterinsights_skip_tracking":false,"_monsterinsights_sitenote_active":false,"_monsterinsights_sitenote_note":"","_monsterinsights_sitenote_category":0},"categories":[7,70],"tags":[],"aioseo_notices":[],"_links":{"self":[{"href":"http:\/\/cafebarbantia.barbantia.es\/index.php?rest_route=\/wp\/v2\/posts\/7068"}],"collection":[{"href":"http:\/\/cafebarbantia.barbantia.es\/index.php?rest_route=\/wp\/v2\/posts"}],"about":[{"href":"http:\/\/cafebarbantia.barbantia.es\/index.php?rest_route=\/wp\/v2\/types\/post"}],"author":[{"embeddable":true,"href":"http:\/\/cafebarbantia.barbantia.es\/index.php?rest_route=\/wp\/v2\/users\/1"}],"replies":[{"embeddable":true,"href":"http:\/\/cafebarbantia.barbantia.es\/index.php?rest_route=%2Fwp%2Fv2%2Fcomments&post=7068"}],"version-history":[{"count":2,"href":"http:\/\/cafebarbantia.barbantia.es\/index.php?rest_route=\/wp\/v2\/posts\/7068\/revisions"}],"predecessor-version":[{"id":7132,"href":"http:\/\/cafebarbantia.barbantia.es\/index.php?rest_route=\/wp\/v2\/posts\/7068\/revisions\/7132"}],"wp:attachment":[{"href":"http:\/\/cafebarbantia.barbantia.es\/index.php?rest_route=%2Fwp%2Fv2%2Fmedia&parent=7068"}],"wp:term":[{"taxonomy":"category","embeddable":true,"href":"http:\/\/cafebarbantia.barbantia.es\/index.php?rest_route=%2Fwp%2Fv2%2Fcategories&post=7068"},{"taxonomy":"post_tag","embeddable":true,"href":"http:\/\/cafebarbantia.barbantia.es\/index.php?rest_route=%2Fwp%2Fv2%2Ftags&post=7068"}],"curies":[{"name":"wp","href":"https:\/\/api.w.org\/{rel}","templated":true}]}}