{"id":7082,"date":"2017-03-13T06:00:02","date_gmt":"2017-03-13T06:00:02","guid":{"rendered":"http:\/\/cafebarbantia.barbantia.es\/?p=7082"},"modified":"2017-03-08T09:12:05","modified_gmt":"2017-03-08T09:12:05","slug":"un-franciscano-de-boiro-2","status":"publish","type":"post","link":"http:\/\/cafebarbantia.barbantia.es\/?p=7082","title":{"rendered":"Un franciscano de Boiro"},"content":{"rendered":"<p style=\"text-align: justify;\"><em><strong><a href=\"http:\/\/cafebarbantia.barbantia.es\/wp-content\/uploads\/2017\/02\/Escritores_de_la_provincia_franciscana_de_Santiago.jpg\"><img decoding=\"async\" loading=\"lazy\" class=\"alignleft size-medium wp-image-7087\" style=\"border: 1px solid black;\" alt=\"Escritores_de_la_provincia_franciscana_de_Santiago\" src=\"http:\/\/cafebarbantia.barbantia.es\/wp-content\/uploads\/2017\/02\/Escritores_de_la_provincia_franciscana_de_Santiago-215x300.jpg\" width=\"215\" height=\"300\" srcset=\"http:\/\/cafebarbantia.barbantia.es\/wp-content\/uploads\/2017\/02\/Escritores_de_la_provincia_franciscana_de_Santiago-215x300.jpg 215w, http:\/\/cafebarbantia.barbantia.es\/wp-content\/uploads\/2017\/02\/Escritores_de_la_provincia_franciscana_de_Santiago-734x1024.jpg 734w, http:\/\/cafebarbantia.barbantia.es\/wp-content\/uploads\/2017\/02\/Escritores_de_la_provincia_franciscana_de_Santiago-900x1254.jpg 900w, http:\/\/cafebarbantia.barbantia.es\/wp-content\/uploads\/2017\/02\/Escritores_de_la_provincia_franciscana_de_Santiago.jpg 981w\" sizes=\"(max-width: 215px) 100vw, 215px\" \/><\/a>Pastor Rodr\u00edguez.\u00a0<\/strong><\/em>Os franciscanos establec\u00e9ronse en Galicia ben pronto, arredor de 1215 e a s\u00faa presenza na bisbarra do Barbanza foi grande, con conventos en Noia, A Pobra do Carami\u00f1al, pero ademais o convento de Herb\u00f3n (Padr\u00f3n) queda cerca da nosa comarca e nel profesaron varios relixiosos da contorna, mentres que outros tomaron o h\u00e1bito de Francisco de As\u00eds, en Compostela. Entre estes \u00faltimos estaba Andr\u00e9s Sieira Balseiros, nacido en Abanqueiro en 1769, que profesou en 1784 e, tras recibir as ordes sacerdotais, estudou en Alba de Tormes dende 1793. Xa no ano 1797 logrou por oposici\u00f3n a Lectoral\u00eda de Artes n\u2019A Coru\u00f1a, pasando logo a Herb\u00f3n, onde foi superior entre 1809 e 1813 e entre 1817 e 1820. <!--more-->Coa Desamortizaci\u00f3n pasou ao clero secular, e en 1835 a\u00ednda viv\u00eda na s\u00faa parroquia natal. O padre Manuel de Castro, na s\u00faa obra\u00a0<em>Escritores de la provincia franciscana de Santiago. Siglos XIII-XIX<\/em>\u00a0(1996) d\u00e1 noticia dun Memorial de frei Andr\u00e9s Sieira sobre a doutrina da Madre Mar\u00eda Jes\u00fas de Agreda, que foi publicado en Compostela en 1843 polo franciscano frei Jos\u00e9 Mera na obra\u00a0<em>Breve preventiva sobre lectura de libros<\/em>. Os arquivos franciscanos conservan tam\u00e9n algunhas cartas que o padre Sieira dirixiu en 1820 a Jos\u00e9 Baltar, alcalde de Padr\u00f3n. Tivo un irm\u00e1n que foi tam\u00e9n franciscano, Gabriel Sieira (1770-1849), predicador famoso no seu tempo, quen deixou manuscrita a obra\u00a0<em>El misionero en el p\u00falpito<\/em>, escrita en 1809.<\/p>\n","protected":false},"excerpt":{"rendered":"<p>Pastor Rodr\u00edguez.\u00a0Os franciscanos establec\u00e9ronse en Galicia ben pronto, arredor de 1215 e a s\u00faa presenza na bisbarra do Barbanza foi grande, con conventos en Noia, A Pobra do Carami\u00f1al, pero ademais o convento de Herb\u00f3n (Padr\u00f3n) queda cerca da nosa comarca e nel profesaron varios relixiosos da contorna, mentres que outros tomaron o h\u00e1bito de &hellip; <a href=\"http:\/\/cafebarbantia.barbantia.es\/?p=7082\" class=\"more-link\">Seguir lendo <span class=\"screen-reader-text\">Un franciscano de Boiro<\/span> <span class=\"meta-nav\">&rarr;<\/span><\/a><\/p>\n","protected":false},"author":1,"featured_media":0,"comment_status":"open","ping_status":"closed","sticky":false,"template":"","format":"standard","meta":{"_bbp_topic_count":0,"_bbp_reply_count":0,"_bbp_total_topic_count":0,"_bbp_total_reply_count":0,"_bbp_voice_count":0,"_bbp_anonymous_reply_count":0,"_bbp_topic_count_hidden":0,"_bbp_reply_count_hidden":0,"_bbp_forum_subforum_count":0,"_exactmetrics_skip_tracking":false,"_exactmetrics_sitenote_active":false,"_exactmetrics_sitenote_note":"","_exactmetrics_sitenote_category":0,"_monsterinsights_skip_tracking":false,"_monsterinsights_sitenote_active":false,"_monsterinsights_sitenote_note":"","_monsterinsights_sitenote_category":0},"categories":[7,37],"tags":[],"aioseo_notices":[],"_links":{"self":[{"href":"http:\/\/cafebarbantia.barbantia.es\/index.php?rest_route=\/wp\/v2\/posts\/7082"}],"collection":[{"href":"http:\/\/cafebarbantia.barbantia.es\/index.php?rest_route=\/wp\/v2\/posts"}],"about":[{"href":"http:\/\/cafebarbantia.barbantia.es\/index.php?rest_route=\/wp\/v2\/types\/post"}],"author":[{"embeddable":true,"href":"http:\/\/cafebarbantia.barbantia.es\/index.php?rest_route=\/wp\/v2\/users\/1"}],"replies":[{"embeddable":true,"href":"http:\/\/cafebarbantia.barbantia.es\/index.php?rest_route=%2Fwp%2Fv2%2Fcomments&post=7082"}],"version-history":[{"count":2,"href":"http:\/\/cafebarbantia.barbantia.es\/index.php?rest_route=\/wp\/v2\/posts\/7082\/revisions"}],"predecessor-version":[{"id":7088,"href":"http:\/\/cafebarbantia.barbantia.es\/index.php?rest_route=\/wp\/v2\/posts\/7082\/revisions\/7088"}],"wp:attachment":[{"href":"http:\/\/cafebarbantia.barbantia.es\/index.php?rest_route=%2Fwp%2Fv2%2Fmedia&parent=7082"}],"wp:term":[{"taxonomy":"category","embeddable":true,"href":"http:\/\/cafebarbantia.barbantia.es\/index.php?rest_route=%2Fwp%2Fv2%2Fcategories&post=7082"},{"taxonomy":"post_tag","embeddable":true,"href":"http:\/\/cafebarbantia.barbantia.es\/index.php?rest_route=%2Fwp%2Fv2%2Ftags&post=7082"}],"curies":[{"name":"wp","href":"https:\/\/api.w.org\/{rel}","templated":true}]}}