{"id":7142,"date":"2017-03-27T06:00:12","date_gmt":"2017-03-27T06:00:12","guid":{"rendered":"http:\/\/cafebarbantia.barbantia.es\/?p=7142"},"modified":"2017-03-24T18:17:53","modified_gmt":"2017-03-24T18:17:53","slug":"noruegueses-de-noruega","status":"publish","type":"post","link":"http:\/\/cafebarbantia.barbantia.es\/?p=7142","title":{"rendered":"Noruegueses de Noruega&#8230;"},"content":{"rendered":"<p style=\"text-align: justify;\"><a href=\"http:\/\/cafebarbantia.barbantia.es\/wp-content\/uploads\/2017\/03\/rosalia.jpg\"><img decoding=\"async\" loading=\"lazy\" class=\"size-medium wp-image-7143 alignleft\" alt=\"rosalia\" src=\"http:\/\/cafebarbantia.barbantia.es\/wp-content\/uploads\/2017\/03\/rosalia-300x168.jpg\" width=\"300\" height=\"168\" srcset=\"http:\/\/cafebarbantia.barbantia.es\/wp-content\/uploads\/2017\/03\/rosalia-300x168.jpg 300w, http:\/\/cafebarbantia.barbantia.es\/wp-content\/uploads\/2017\/03\/rosalia-900x505.jpg 900w, http:\/\/cafebarbantia.barbantia.es\/wp-content\/uploads\/2017\/03\/rosalia.jpg 980w\" sizes=\"(max-width: 300px) 100vw, 300px\" \/><\/a><em><strong>Francisco Ant. Vidal Blanco. <\/strong><\/em>Est\u00e1 moi ben que o retrato de Rosal\u00eda vaia estampado na popa dun avi\u00f3n de <em>Norwegian<\/em>. Pero non me cadra. \u00bfQue conseguen ou pretenden? Pode quedar moi bonito, e ata pode haber quen o considere un acto de reco\u00f1ecemento galeguista universal, pero se o pensamos ben \u00bfcantos van fixarse nesa foto trucada nun avi\u00f3n estacionado ou a tres mil metros de altura? <!--more-->Non me imaxino \u00f3s turistas nin \u00f3s executivos pararse a preguntar quen \u00e9 esa se\u00f1ora. E se realmente queren homenaxear a Rosal\u00eda e a todo o que ela significa, sa\u00edalles m\u00e1is barato e chegar\u00edan a moita m\u00e1is xente po\u00f1endo uns poemas da nosa autora nas revistas de abordo. Con tan s\u00f3 tres poemas cada mes pod\u00edan editar todos os <em>Cantares galegos<\/em> \u00f3 cabo dun ano. E, sen d\u00fabida, far\u00edan moito m\u00e1is por Rosal\u00eda, pola literatura e pola econom\u00eda de aeroli\u00f1a.<\/p>\n<p style=\"text-align: justify;\">Pero como son moi mal pensado e sei que estes de mercadotecnia das aeroli\u00f1as non dan puntada sen n\u00f3, preg\u00fantome se non ser\u00e1 esta unha campa\u00f1a para quedar ben cos galegos mentres desprezan \u00f3s mari\u00f1eiros que traballaron en Noruega durante os m\u00e1is frut\u00edferos anos das s\u00faas vidas, neg\u00e1ndolles o dereito indiscutible a ter un subsidio.<\/p>\n<p style=\"text-align: justify;\">Agora mesmo o conflito entre Galicia e Noruega \u00e9 algo tan prosaico como a falta de reco\u00f1ecemento a oito mil galegos (12 mil espa\u00f1ois) que foron chamados para tripular os buques noruegueses, que cotizaron o pertinente durante anos, que fixeron da mari\u00f1a norueguesa unha das m\u00e1is grandes do mundo e agora, cando chegan \u00e1 xubilaci\u00f3n, padecen esta discriminaci\u00f3n por raz\u00f3n de orixe, simplemente porque a diplomacia nunca quixo, con aleivosa mala intenci\u00f3n, asinar un convenio bilateral entre os dous pa\u00edses.<\/p>\n<p style=\"text-align: justify;\"><a href=\"http:\/\/cafebarbantia.barbantia.es\/wp-content\/uploads\/2017\/03\/rosalia2.jpg\"><img decoding=\"async\" loading=\"lazy\" class=\"size-medium wp-image-7144 alignright\" alt=\"rosalia2\" src=\"http:\/\/cafebarbantia.barbantia.es\/wp-content\/uploads\/2017\/03\/rosalia2-300x224.jpg\" width=\"300\" height=\"224\" srcset=\"http:\/\/cafebarbantia.barbantia.es\/wp-content\/uploads\/2017\/03\/rosalia2-300x224.jpg 300w, http:\/\/cafebarbantia.barbantia.es\/wp-content\/uploads\/2017\/03\/rosalia2-900x674.jpg 900w, http:\/\/cafebarbantia.barbantia.es\/wp-content\/uploads\/2017\/03\/rosalia2.jpg 944w\" sizes=\"(max-width: 300px) 100vw, 300px\" \/><\/a>Non quero crer que o retrato de Rosal\u00eda funcione aqu\u00ed como aqueles p\u00f3steres que cubr\u00edan as paredes das habitaci\u00f3ns para tapar os rach\u00f3ns do cal e as humidades que \u00edan podrecendo a casa vella e en proceso de abandono. Pero \u00e9 un feito que dos impostos pagados na s\u00faa vida laboral estes mari\u00f1eiros non recibiron nada a cambio, nin escola, nin medicina, nin asistencia xur\u00eddica contra quen viola os seus dereitos cunha artima\u00f1a que ningu\u00e9n entende, cando din que os seus barcos no oc\u00e9ano non son extensi\u00f3n do pa\u00eds e que polo tanto os d\u00edas traballados abordo non son d\u00edas en territorio nacional, a\u00ednda que si o eran para cotizar o IRPF coma calquera residente. E iso s\u00f3 significa unha cousa: que lles cobraron por traballar. Nin os piratas argallan tal.<\/p>\n<p style=\"text-align: justify;\">Non imos entrar en si tiveron que sufrir naufraxios, fr\u00edo polar ou noites de insomnio, pero si debemos lembrarlles que a s\u00faa mari\u00f1a, manexada por galegos, acadou os cumes do beneficio comercial. E agora aqu\u00ed andan os nosos veci\u00f1os, reclamando xustiza baixo unhas normas que ralentizan o proceso, pelexando contra o tempo, indo de xulgado en xulgado, aqu\u00ed e al\u00f3, pagando as costas dos seus propios petos, sen m\u00e1is axuda que o apoio an\u00edmico da sociedade, cando a cousa se acelerar\u00eda se o goberno espa\u00f1ol, para protexer \u00f3s seus cidad\u00e1ns, tivese a ben, se dignase ou se atrevese a dar a cara por eles po\u00f1endo unha demanda contra Noruega, o que permitir\u00eda chegar directamente \u00e1 corte de Estrasburgo, onde as posibilidades de \u00e9xito son maiores.<\/p>\n<p style=\"text-align: justify;\">Estamos orgullosos de Rosal\u00eda, da que nos lembrou como por buscar a vida noutros eidos aqu\u00ed ficaban nais que non te\u00f1en fillos e fillos que non te\u00f1en pais. Da Rosal\u00eda que hoxe ter\u00eda que cantar aquilo de Noruegueses de Noruega, tratade ben \u00f3s galegos. Agora s\u00f3 falta saber quen lles vai dar as grazas por tan fermosa estampa rosaliana e quen pedirlles contas dun acto tan degradante.<\/p>\n","protected":false},"excerpt":{"rendered":"<p>Francisco Ant. Vidal Blanco. Est\u00e1 moi ben que o retrato de Rosal\u00eda vaia estampado na popa dun avi\u00f3n de Norwegian. Pero non me cadra. \u00bfQue conseguen ou pretenden? Pode quedar moi bonito, e ata pode haber quen o considere un acto de reco\u00f1ecemento galeguista universal, pero se o pensamos ben \u00bfcantos van fixarse nesa foto &hellip; <a href=\"http:\/\/cafebarbantia.barbantia.es\/?p=7142\" class=\"more-link\">Seguir lendo <span class=\"screen-reader-text\">Noruegueses de Noruega&#8230;<\/span> <span class=\"meta-nav\">&rarr;<\/span><\/a><\/p>\n","protected":false},"author":1,"featured_media":0,"comment_status":"open","ping_status":"closed","sticky":false,"template":"","format":"standard","meta":{"_bbp_topic_count":0,"_bbp_reply_count":0,"_bbp_total_topic_count":0,"_bbp_total_reply_count":0,"_bbp_voice_count":0,"_bbp_anonymous_reply_count":0,"_bbp_topic_count_hidden":0,"_bbp_reply_count_hidden":0,"_bbp_forum_subforum_count":0,"_exactmetrics_skip_tracking":false,"_exactmetrics_sitenote_active":false,"_exactmetrics_sitenote_note":"","_exactmetrics_sitenote_category":0,"_monsterinsights_skip_tracking":false,"_monsterinsights_sitenote_active":false,"_monsterinsights_sitenote_note":"","_monsterinsights_sitenote_category":0},"categories":[7,52,9],"tags":[],"aioseo_notices":[],"_links":{"self":[{"href":"http:\/\/cafebarbantia.barbantia.es\/index.php?rest_route=\/wp\/v2\/posts\/7142"}],"collection":[{"href":"http:\/\/cafebarbantia.barbantia.es\/index.php?rest_route=\/wp\/v2\/posts"}],"about":[{"href":"http:\/\/cafebarbantia.barbantia.es\/index.php?rest_route=\/wp\/v2\/types\/post"}],"author":[{"embeddable":true,"href":"http:\/\/cafebarbantia.barbantia.es\/index.php?rest_route=\/wp\/v2\/users\/1"}],"replies":[{"embeddable":true,"href":"http:\/\/cafebarbantia.barbantia.es\/index.php?rest_route=%2Fwp%2Fv2%2Fcomments&post=7142"}],"version-history":[{"count":2,"href":"http:\/\/cafebarbantia.barbantia.es\/index.php?rest_route=\/wp\/v2\/posts\/7142\/revisions"}],"predecessor-version":[{"id":7177,"href":"http:\/\/cafebarbantia.barbantia.es\/index.php?rest_route=\/wp\/v2\/posts\/7142\/revisions\/7177"}],"wp:attachment":[{"href":"http:\/\/cafebarbantia.barbantia.es\/index.php?rest_route=%2Fwp%2Fv2%2Fmedia&parent=7142"}],"wp:term":[{"taxonomy":"category","embeddable":true,"href":"http:\/\/cafebarbantia.barbantia.es\/index.php?rest_route=%2Fwp%2Fv2%2Fcategories&post=7142"},{"taxonomy":"post_tag","embeddable":true,"href":"http:\/\/cafebarbantia.barbantia.es\/index.php?rest_route=%2Fwp%2Fv2%2Ftags&post=7142"}],"curies":[{"name":"wp","href":"https:\/\/api.w.org\/{rel}","templated":true}]}}