{"id":7162,"date":"2017-03-24T06:00:59","date_gmt":"2017-03-24T06:00:59","guid":{"rendered":"http:\/\/cafebarbantia.barbantia.es\/?p=7162"},"modified":"2017-03-22T19:59:11","modified_gmt":"2017-03-22T19:59:11","slug":"o-valor-das-palabras","status":"publish","type":"post","link":"http:\/\/cafebarbantia.barbantia.es\/?p=7162","title":{"rendered":"O valor das palabras"},"content":{"rendered":"<p style=\"text-align: justify;\"><em><strong><a href=\"http:\/\/cafebarbantia.barbantia.es\/wp-content\/uploads\/2017\/03\/palabras.jpg\"><img decoding=\"async\" loading=\"lazy\" class=\"alignright size-medium wp-image-7163\" alt=\"palabras\" src=\"http:\/\/cafebarbantia.barbantia.es\/wp-content\/uploads\/2017\/03\/palabras-300x221.jpg\" width=\"300\" height=\"221\" srcset=\"http:\/\/cafebarbantia.barbantia.es\/wp-content\/uploads\/2017\/03\/palabras-300x221.jpg 300w, http:\/\/cafebarbantia.barbantia.es\/wp-content\/uploads\/2017\/03\/palabras.jpg 600w\" sizes=\"(max-width: 300px) 100vw, 300px\" \/><\/a>Ant\u00f3n Riveiro Coello.\u00a0<\/strong><\/em>Leo, abraiado, que un empregado de Amazon, por mor dunha falta de ortograf\u00eda, causou unha perda de 140 mill\u00f3ns de euros. Sei que os escritores gustamos de so\u00f1ar coa posibilidade de cambiar o mundo cunha soa frase. Sometemos puntos e comas a unha comprobaci\u00f3n exhaustiva, pelexamos coas palabras e entendemos ben a Wilde cando nos di que estivo corrixindo un poema toda unha ma\u00f1\u00e1 para tirar unha coma que volveu po\u00f1er pola tarde. <!--more-->O que non pensabamos era que unha palabra puidese valer tanto, nin que a mala ortograf\u00eda puidese estar detr\u00e1s de semellante apocalipse econ\u00f3mica. Nesta altura, resulta doado imaxinar a satisfacci\u00f3n coa que o colectivo do profesorado debeu de acoller esta noticia. Agora disp\u00f3n dun exemplo m\u00e1is para secundar a s\u00faa vontade de lle aprender ao alumnado o correcto uso do idioma e a esperanza de que unha palabra pode pechar a fascinaci\u00f3n dun segredo, ou mesmo unha traxedia. A errata deste traballador v\u00e9n reforzar o valor das palabras e da ortograf\u00eda, tan desprestixiada pola velocidade das redes, con plataformas que son hipersensibles \u00e1 publicaci\u00f3n dun corpo espido, mais non \u00e1 agresi\u00f3n dalgunhas palabras sucias que perden letras, o til e mesmo a dignidade. Con todo, eu tam\u00e9n te\u00f1o un punto de comprensi\u00f3n coa desgraza deste coitado que s\u00f3 mudou unha letra. Ningu\u00e9n est\u00e1 a salvo. Eu mesmo a\u00ednda sinto unha vergonza retroactiva cada vez que lembro o meu papel de moderador nunha mesa redonda en Mari\u00f1\u00e1n con Bernardo Atxaga e Manolo Rivas, hai xa tres lustros. Naquela ocasi\u00f3n, talvez un chisco nervioso pola mi\u00f1a responsabilidade e inexperiencia, vin o intre oportuno para un descanso e anunciei que iamos facer un pequeno deceso. Por sorte, o asunto quedou s\u00f3 nun caf\u00e9.<\/p>\n","protected":false},"excerpt":{"rendered":"<p>Ant\u00f3n Riveiro Coello.\u00a0Leo, abraiado, que un empregado de Amazon, por mor dunha falta de ortograf\u00eda, causou unha perda de 140 mill\u00f3ns de euros. Sei que os escritores gustamos de so\u00f1ar coa posibilidade de cambiar o mundo cunha soa frase. Sometemos puntos e comas a unha comprobaci\u00f3n exhaustiva, pelexamos coas palabras e entendemos ben a Wilde &hellip; <a href=\"http:\/\/cafebarbantia.barbantia.es\/?p=7162\" class=\"more-link\">Seguir lendo <span class=\"screen-reader-text\">O valor das palabras<\/span> <span class=\"meta-nav\">&rarr;<\/span><\/a><\/p>\n","protected":false},"author":1,"featured_media":0,"comment_status":"open","ping_status":"closed","sticky":false,"template":"","format":"standard","meta":{"_bbp_topic_count":0,"_bbp_reply_count":0,"_bbp_total_topic_count":0,"_bbp_total_reply_count":0,"_bbp_voice_count":0,"_bbp_anonymous_reply_count":0,"_bbp_topic_count_hidden":0,"_bbp_reply_count_hidden":0,"_bbp_forum_subforum_count":0,"_exactmetrics_skip_tracking":false,"_exactmetrics_sitenote_active":false,"_exactmetrics_sitenote_note":"","_exactmetrics_sitenote_category":0,"_monsterinsights_skip_tracking":false,"_monsterinsights_sitenote_active":false,"_monsterinsights_sitenote_note":"","_monsterinsights_sitenote_category":0},"categories":[13,7,9],"tags":[],"aioseo_notices":[],"_links":{"self":[{"href":"http:\/\/cafebarbantia.barbantia.es\/index.php?rest_route=\/wp\/v2\/posts\/7162"}],"collection":[{"href":"http:\/\/cafebarbantia.barbantia.es\/index.php?rest_route=\/wp\/v2\/posts"}],"about":[{"href":"http:\/\/cafebarbantia.barbantia.es\/index.php?rest_route=\/wp\/v2\/types\/post"}],"author":[{"embeddable":true,"href":"http:\/\/cafebarbantia.barbantia.es\/index.php?rest_route=\/wp\/v2\/users\/1"}],"replies":[{"embeddable":true,"href":"http:\/\/cafebarbantia.barbantia.es\/index.php?rest_route=%2Fwp%2Fv2%2Fcomments&post=7162"}],"version-history":[{"count":1,"href":"http:\/\/cafebarbantia.barbantia.es\/index.php?rest_route=\/wp\/v2\/posts\/7162\/revisions"}],"predecessor-version":[{"id":7164,"href":"http:\/\/cafebarbantia.barbantia.es\/index.php?rest_route=\/wp\/v2\/posts\/7162\/revisions\/7164"}],"wp:attachment":[{"href":"http:\/\/cafebarbantia.barbantia.es\/index.php?rest_route=%2Fwp%2Fv2%2Fmedia&parent=7162"}],"wp:term":[{"taxonomy":"category","embeddable":true,"href":"http:\/\/cafebarbantia.barbantia.es\/index.php?rest_route=%2Fwp%2Fv2%2Fcategories&post=7162"},{"taxonomy":"post_tag","embeddable":true,"href":"http:\/\/cafebarbantia.barbantia.es\/index.php?rest_route=%2Fwp%2Fv2%2Ftags&post=7162"}],"curies":[{"name":"wp","href":"https:\/\/api.w.org\/{rel}","templated":true}]}}