{"id":7166,"date":"2017-04-01T06:00:06","date_gmt":"2017-04-01T06:00:06","guid":{"rendered":"http:\/\/cafebarbantia.barbantia.es\/?p=7166"},"modified":"2017-03-28T07:20:56","modified_gmt":"2017-03-28T07:20:56","slug":"galicia-e-os-galegos-na-poesia-castela-lvi-anxel-johan-e-ignacio-quintana","status":"publish","type":"post","link":"http:\/\/cafebarbantia.barbantia.es\/?p=7166","title":{"rendered":"Galicia e os galegos na poes\u00eda castel\u00e1 LVI. \u00c1nxel Joh\u00e1n e Ignacio Quintana"},"content":{"rendered":"<p align=\"justify\"><i><b><a href=\"http:\/\/cafebarbantia.barbantia.es\/wp-content\/uploads\/2017\/03\/sonetos.jpg\"><img decoding=\"async\" loading=\"lazy\" class=\"alignright size-medium wp-image-7168\" alt=\"sonetos\" src=\"http:\/\/cafebarbantia.barbantia.es\/wp-content\/uploads\/2017\/03\/sonetos-300x193.jpg\" width=\"300\" height=\"193\" srcset=\"http:\/\/cafebarbantia.barbantia.es\/wp-content\/uploads\/2017\/03\/sonetos-300x193.jpg 300w, http:\/\/cafebarbantia.barbantia.es\/wp-content\/uploads\/2017\/03\/sonetos.jpg 593w\" sizes=\"(max-width: 300px) 100vw, 300px\" \/><\/a>Rom\u00e1n Ar\u00e9n. <\/b><\/i>\u00c1nxel Joh\u00e1n (Lugo, 1901-Madrid, 1965) foi un destacado ilustrador da vangarda galega, sobre todo no campo da xilograf\u00eda, de ra\u00edz expresionista, que colaborou en &lt;Ronsel&gt;, &lt;Yunque&gt; e &lt;Gui\u00f3n&gt;, ademais de pintor. Establecido en Canarias, pola s\u00faa profesi\u00f3n, dende 1929, fiel \u00e1 causa republicana, estivo no c\u00e1rcere de 1937 a 1942, foi depurado e mesmo estivo condenado a morte. <!--more-->Bo poeta en galego, editado por Manuel Mar\u00eda (<i>Sonetos de vida e morte, <\/i>1991), m\u00e1is estimable a\u00ednda en castel\u00e1n, lingua na que publicou catro plaquettes po\u00e9ticas, que lle editou Juan Manuel Trujillo en Canarias. Tras un certo olvido, Claudio Rodr\u00edguez Fer compilou a s\u00faa obra castel\u00e1 en <i>Obras reunidas<\/i> (1993) e mereceu unha interesante monograf\u00eda e varios artigos sobre a s\u00faa obra. Cultivou tam\u00e9n a cr\u00edtica de arte en galego e castel\u00e1n, fundou a colecci\u00f3n Xistral en 1948 e colaborou en Grial, La Noche, Alba, El Pueblo Gallego e outras publicaci\u00f3ns. Das s\u00faas plaquettes en castel\u00e1n destacan <i>Alba esencial<\/i> (1944), <i>La agon\u00eda junta <\/i>(1946) e, sobre todo, <i>Redondel sin salida <\/i>(1944). esta \u00faltima plaquette mereceu un soneto do poeta canario Ignacio Quintana Marrero (1909-1983), tam\u00e9n xornalista, que editou en <i>Alma serena <\/i>(1965): \u201cA \u00c1ngel Johan por el env\u00edo de sus sonetos <i>Redondel sin salida<\/i>\u201d:<\/p>\n<p align=\"justify\">Aprisionar quisiste el sagitario\/de tu verso redondo y con salida\/en s\u00e9ptima cuadriga cuya brida\/el galope reg\u00eda grancanario.\/\/Noventa y ocho crines con horario\/de piafantes urgencias gritan vida\/rebasando hipocampos en la ardida\/y veloz producci\u00f3n del insulario.\/\/Redondel sin salida y con secreto\/de escapadas furtivas por la orilla\/silenciosa del \u00e1nimo huidizo.\/\/Tal es la condici\u00f3n de tu soneto:\/que en c\u00edrculo murado se encastilla\/aunque tiene su puente levadizo.<\/p>\n<p align=\"justify\"><a href=\"http:\/\/cafebarbantia.barbantia.es\/wp-content\/uploads\/2017\/03\/arpa.jpg\"><img decoding=\"async\" loading=\"lazy\" class=\"alignleft size-medium wp-image-7169\" alt=\"arpa\" src=\"http:\/\/cafebarbantia.barbantia.es\/wp-content\/uploads\/2017\/03\/arpa-202x300.jpg\" width=\"202\" height=\"300\" srcset=\"http:\/\/cafebarbantia.barbantia.es\/wp-content\/uploads\/2017\/03\/arpa-202x300.jpg 202w, http:\/\/cafebarbantia.barbantia.es\/wp-content\/uploads\/2017\/03\/arpa.jpg 385w\" sizes=\"(max-width: 202px) 100vw, 202px\" \/><\/a>Ignacio Quintana era home do \u201cR\u00e9xime\u201d, pero iso non empeceu a s\u00faa amizade co republicano \u00c1nxel Joh\u00e1n; <i>Alma serena <\/i>non \u00e9 o seu mellor poemario, xa que recolle moitos poemas de ocasi\u00f3n e o ton \u00e9 algo conceptuoso e ret\u00f3rico. En 1949 xa publicara <i>Breviario l\u00edrico<\/i>, pero as s\u00faas mellores obras apareceron en 1975, <i>Nacido resplandor, <\/i>e en 1979, <i>Arpa de las islas. <\/i>Non foi inclu\u00eddo por Sebasti\u00e1n de la Nuez na s\u00faa escolma <i>Poes\u00eda Canaria 1940-1984. Antolog\u00eda<\/i> (1986), pero este estudoso explica moi ben o movemento po\u00e9tico das Canarias da posguerra, onde foi importante o editor de \u00c1nxel Joh\u00e1n, Juan Manuel Trujillo, fundador en 1943 da &lt;Colecci\u00f3n para 30 bibli\u00f3filos&gt;, na que conviviron os poetas sociais e os \u201crehumanizados\u201d (como A. Joh\u00e1n), pero foi tam\u00e9n responsable dos &lt;Cuadernos de Poes\u00eda y Cr\u00edtica&gt; (1946-47) con V. Doreste e Agust\u00edn Millares.<\/p>\n<p align=\"justify\">Ignacio Quintana pertence a unha f\u00e9rtil xeraci\u00f3n de poetas canarios, entre os que destacaron Pedro Garc\u00eda Cabrera (1905-1981), Chema Madera (1901-1980), Juan Ismael (1907-1981) e Emeterio Guti\u00e9rrez Albelo (1905-1969). Quintana Marrero si foi inclu\u00eddo por Ignacio Quintana en <i>96 poetas de las Islas Canarias <\/i>(1970).<\/p>\n<p lang=\"gl-ES\">\n","protected":false},"excerpt":{"rendered":"<p>Rom\u00e1n Ar\u00e9n. \u00c1nxel Joh\u00e1n (Lugo, 1901-Madrid, 1965) foi un destacado ilustrador da vangarda galega, sobre todo no campo da xilograf\u00eda, de ra\u00edz expresionista, que colaborou en &lt;Ronsel&gt;, &lt;Yunque&gt; e &lt;Gui\u00f3n&gt;, ademais de pintor. Establecido en Canarias, pola s\u00faa profesi\u00f3n, dende 1929, fiel \u00e1 causa republicana, estivo no c\u00e1rcere de 1937 a 1942, foi depurado e &hellip; <a href=\"http:\/\/cafebarbantia.barbantia.es\/?p=7166\" class=\"more-link\">Seguir lendo <span class=\"screen-reader-text\">Galicia e os galegos na poes\u00eda castel\u00e1 LVI. \u00c1nxel Joh\u00e1n e Ignacio Quintana<\/span> <span class=\"meta-nav\">&rarr;<\/span><\/a><\/p>\n","protected":false},"author":1,"featured_media":0,"comment_status":"open","ping_status":"closed","sticky":false,"template":"","format":"standard","meta":{"_bbp_topic_count":0,"_bbp_reply_count":0,"_bbp_total_topic_count":0,"_bbp_total_reply_count":0,"_bbp_voice_count":0,"_bbp_anonymous_reply_count":0,"_bbp_topic_count_hidden":0,"_bbp_reply_count_hidden":0,"_bbp_forum_subforum_count":0,"_exactmetrics_skip_tracking":false,"_exactmetrics_sitenote_active":false,"_exactmetrics_sitenote_note":"","_exactmetrics_sitenote_category":0,"_monsterinsights_skip_tracking":false,"_monsterinsights_sitenote_active":false,"_monsterinsights_sitenote_note":"","_monsterinsights_sitenote_category":0},"categories":[7,10,28],"tags":[],"aioseo_notices":[],"_links":{"self":[{"href":"http:\/\/cafebarbantia.barbantia.es\/index.php?rest_route=\/wp\/v2\/posts\/7166"}],"collection":[{"href":"http:\/\/cafebarbantia.barbantia.es\/index.php?rest_route=\/wp\/v2\/posts"}],"about":[{"href":"http:\/\/cafebarbantia.barbantia.es\/index.php?rest_route=\/wp\/v2\/types\/post"}],"author":[{"embeddable":true,"href":"http:\/\/cafebarbantia.barbantia.es\/index.php?rest_route=\/wp\/v2\/users\/1"}],"replies":[{"embeddable":true,"href":"http:\/\/cafebarbantia.barbantia.es\/index.php?rest_route=%2Fwp%2Fv2%2Fcomments&post=7166"}],"version-history":[{"count":4,"href":"http:\/\/cafebarbantia.barbantia.es\/index.php?rest_route=\/wp\/v2\/posts\/7166\/revisions"}],"predecessor-version":[{"id":7215,"href":"http:\/\/cafebarbantia.barbantia.es\/index.php?rest_route=\/wp\/v2\/posts\/7166\/revisions\/7215"}],"wp:attachment":[{"href":"http:\/\/cafebarbantia.barbantia.es\/index.php?rest_route=%2Fwp%2Fv2%2Fmedia&parent=7166"}],"wp:term":[{"taxonomy":"category","embeddable":true,"href":"http:\/\/cafebarbantia.barbantia.es\/index.php?rest_route=%2Fwp%2Fv2%2Fcategories&post=7166"},{"taxonomy":"post_tag","embeddable":true,"href":"http:\/\/cafebarbantia.barbantia.es\/index.php?rest_route=%2Fwp%2Fv2%2Ftags&post=7166"}],"curies":[{"name":"wp","href":"https:\/\/api.w.org\/{rel}","templated":true}]}}