{"id":7191,"date":"2017-04-02T06:00:07","date_gmt":"2017-04-02T06:00:07","guid":{"rendered":"http:\/\/cafebarbantia.barbantia.es\/?p=7191"},"modified":"2017-03-28T07:31:40","modified_gmt":"2017-03-28T07:31:40","slug":"o-regreso-de-hisham-matar","status":"publish","type":"post","link":"http:\/\/cafebarbantia.barbantia.es\/?p=7191","title":{"rendered":"O regreso, de Hisham Matar"},"content":{"rendered":"<p style=\"text-align: justify;\"><a href=\"http:\/\/cafebarbantia.barbantia.es\/wp-content\/uploads\/2017\/03\/regreso.jpg\"><img decoding=\"async\" loading=\"lazy\" class=\"size-medium wp-image-7192 alignleft\" alt=\"Regreso, El_135X220\" src=\"http:\/\/cafebarbantia.barbantia.es\/wp-content\/uploads\/2017\/03\/regreso-187x300.jpg\" width=\"187\" height=\"300\" srcset=\"http:\/\/cafebarbantia.barbantia.es\/wp-content\/uploads\/2017\/03\/regreso-187x300.jpg 187w, http:\/\/cafebarbantia.barbantia.es\/wp-content\/uploads\/2017\/03\/regreso-639x1024.jpg 639w, http:\/\/cafebarbantia.barbantia.es\/wp-content\/uploads\/2017\/03\/regreso-900x1441.jpg 900w, http:\/\/cafebarbantia.barbantia.es\/wp-content\/uploads\/2017\/03\/regreso.jpg 1620w\" sizes=\"(max-width: 187px) 100vw, 187px\" \/><\/a><em><strong>Xerardo AgraFoxo. <\/strong><\/em>Trinta e dous anos despois de abandonar a terra dos seus pais, \u201ccando as palabras non eran perigosas\u201d, \u00a0Hisham Matar, o autor desta novela, regresa a Libia xunto coa s\u00faa nai e s\u00faa muller. Leva unha maleta cargada de boas intenci\u00f3ns. A s\u00faa teima\u00a0 \u00e9 indagar sobre o paradoiro de seu pai, Jaballa Matar, un pr\u00f3spero e culto empresario desaparecido nas cadeas que erguera o abominable r\u00e9xime de Gadafi. Tam\u00e9n quere saber o destino dalg\u00fans familiares \u201cperdidos\u201d nas areas do deserto libio. Baixo este pano de fondo, semella que esta arrepiante historia, m\u00e1is que estar constru\u00edda por un novelista con grandes recursos estil\u00edsticos, est\u00e1 tecida por un fillo que se enfronta cun pasado no que pode descubrir cousas nada agradables para a s\u00faa memoria. <!--more-->A medida que o autor avanza nas s\u00faas pescudas e denuncia a brutalidade da ditadura libia, a novela conv\u00e9rtese nunha obra chea de suspense pois o autor debe mergullarse nun mundo inzado de complexidades, temores e misterios nunca resoltos.<\/p>\n<p style=\"text-align: justify;\"><a href=\"http:\/\/cafebarbantia.barbantia.es\/wp-content\/uploads\/2017\/03\/matar.jpg\"><img decoding=\"async\" loading=\"lazy\" class=\"size-full wp-image-7193 alignright\" alt=\"matar\" src=\"http:\/\/cafebarbantia.barbantia.es\/wp-content\/uploads\/2017\/03\/matar.jpg\" width=\"250\" height=\"250\" srcset=\"http:\/\/cafebarbantia.barbantia.es\/wp-content\/uploads\/2017\/03\/matar.jpg 250w, http:\/\/cafebarbantia.barbantia.es\/wp-content\/uploads\/2017\/03\/matar-150x150.jpg 150w, http:\/\/cafebarbantia.barbantia.es\/wp-content\/uploads\/2017\/03\/matar-144x144.jpg 144w\" sizes=\"(max-width: 250px) 100vw, 250px\" \/><\/a>Tal como Tel\u00e9maco buscaba o seu pai, Hishan Matar, autor das galardoadas, <i>S\u00f3 neste mundo<\/i> (2007) e <i>Historia dunha desaparici\u00f3n<\/i> (2012), vai detr\u00e1s do seu, un destacado l\u00edder da oposici\u00f3n libia secuestrado no Cairo polos esbirros de Gadafi. A trav\u00e9s dunha exhaustiva investigaci\u00f3n, convertida nunha obsesionante e conmovedora autobiograf\u00eda, onde abondan os saltos temporais, as denuncias sinceras e as descrici\u00f3ns m\u00e1is realistas, co\u00f1ecemos esta loita para facer as paces cos fantasmas do seu proxenitor.<\/p>\n","protected":false},"excerpt":{"rendered":"<p>Xerardo AgraFoxo. Trinta e dous anos despois de abandonar a terra dos seus pais, \u201ccando as palabras non eran perigosas\u201d, \u00a0Hisham Matar, o autor desta novela, regresa a Libia xunto coa s\u00faa nai e s\u00faa muller. Leva unha maleta cargada de boas intenci\u00f3ns. A s\u00faa teima\u00a0 \u00e9 indagar sobre o paradoiro de seu pai, Jaballa &hellip; <a href=\"http:\/\/cafebarbantia.barbantia.es\/?p=7191\" class=\"more-link\">Seguir lendo <span class=\"screen-reader-text\">O regreso, de Hisham Matar<\/span> <span class=\"meta-nav\">&rarr;<\/span><\/a><\/p>\n","protected":false},"author":1,"featured_media":0,"comment_status":"open","ping_status":"closed","sticky":false,"template":"","format":"standard","meta":{"_bbp_topic_count":0,"_bbp_reply_count":0,"_bbp_total_topic_count":0,"_bbp_total_reply_count":0,"_bbp_voice_count":0,"_bbp_anonymous_reply_count":0,"_bbp_topic_count_hidden":0,"_bbp_reply_count_hidden":0,"_bbp_forum_subforum_count":0,"_exactmetrics_skip_tracking":false,"_exactmetrics_sitenote_active":false,"_exactmetrics_sitenote_note":"","_exactmetrics_sitenote_category":0,"_monsterinsights_skip_tracking":false,"_monsterinsights_sitenote_active":false,"_monsterinsights_sitenote_note":"","_monsterinsights_sitenote_category":0},"categories":[9,21],"tags":[],"aioseo_notices":[],"_links":{"self":[{"href":"http:\/\/cafebarbantia.barbantia.es\/index.php?rest_route=\/wp\/v2\/posts\/7191"}],"collection":[{"href":"http:\/\/cafebarbantia.barbantia.es\/index.php?rest_route=\/wp\/v2\/posts"}],"about":[{"href":"http:\/\/cafebarbantia.barbantia.es\/index.php?rest_route=\/wp\/v2\/types\/post"}],"author":[{"embeddable":true,"href":"http:\/\/cafebarbantia.barbantia.es\/index.php?rest_route=\/wp\/v2\/users\/1"}],"replies":[{"embeddable":true,"href":"http:\/\/cafebarbantia.barbantia.es\/index.php?rest_route=%2Fwp%2Fv2%2Fcomments&post=7191"}],"version-history":[{"count":2,"href":"http:\/\/cafebarbantia.barbantia.es\/index.php?rest_route=\/wp\/v2\/posts\/7191\/revisions"}],"predecessor-version":[{"id":7217,"href":"http:\/\/cafebarbantia.barbantia.es\/index.php?rest_route=\/wp\/v2\/posts\/7191\/revisions\/7217"}],"wp:attachment":[{"href":"http:\/\/cafebarbantia.barbantia.es\/index.php?rest_route=%2Fwp%2Fv2%2Fmedia&parent=7191"}],"wp:term":[{"taxonomy":"category","embeddable":true,"href":"http:\/\/cafebarbantia.barbantia.es\/index.php?rest_route=%2Fwp%2Fv2%2Fcategories&post=7191"},{"taxonomy":"post_tag","embeddable":true,"href":"http:\/\/cafebarbantia.barbantia.es\/index.php?rest_route=%2Fwp%2Fv2%2Ftags&post=7191"}],"curies":[{"name":"wp","href":"https:\/\/api.w.org\/{rel}","templated":true}]}}