{"id":7264,"date":"2017-04-27T06:00:33","date_gmt":"2017-04-27T06:00:33","guid":{"rendered":"http:\/\/cafebarbantia.barbantia.es\/?p=7264"},"modified":"2017-04-19T15:58:15","modified_gmt":"2017-04-19T15:58:15","slug":"a-epoca-do-antropoceno","status":"publish","type":"post","link":"http:\/\/cafebarbantia.barbantia.es\/?p=7264","title":{"rendered":"A \u00e9poca do Antropoceno"},"content":{"rendered":"<figure id=\"attachment_7265\" aria-describedby=\"caption-attachment-7265\" style=\"width: 300px\" class=\"wp-caption alignright\"><a href=\"http:\/\/cafebarbantia.barbantia.es\/wp-content\/uploads\/2017\/04\/lires.jpg\"><img decoding=\"async\" loading=\"lazy\" class=\"size-medium wp-image-7265\" alt=\"lires\" src=\"http:\/\/cafebarbantia.barbantia.es\/wp-content\/uploads\/2017\/04\/lires-300x237.jpg\" width=\"300\" height=\"237\" srcset=\"http:\/\/cafebarbantia.barbantia.es\/wp-content\/uploads\/2017\/04\/lires-300x237.jpg 300w, http:\/\/cafebarbantia.barbantia.es\/wp-content\/uploads\/2017\/04\/lires-900x712.jpg 900w, http:\/\/cafebarbantia.barbantia.es\/wp-content\/uploads\/2017\/04\/lires.jpg 980w\" sizes=\"(max-width: 300px) 100vw, 300px\" \/><\/a><figcaption id=\"caption-attachment-7265\" class=\"wp-caption-text\">Dep\u00f3sitos antropoc\u00e9nicos nunha praia urbana da contorna barbancesa<\/figcaption><\/figure>\n<p style=\"text-align: justify;\"><em><strong>Jose Lires.\u00a0<\/strong><\/em>Existen voc\u00e1bulos de fon\u00e9tica atropelada que emanan do mundo cient\u00edfico e son rapidamente incorporados \u00e1 cultura popular. Isto parece suceder co Antropoceno. M\u00e1is al\u00f3 do debate acad\u00e9mico sobre a conveniencia, ou non, de definir formalmente unha nova \u00e9poca na historia xeol\u00f3xica, o que resulta irrefutable \u00e9 a fonda pegada do Homo sapiens no planeta. <!--more-->O concepto de Antropoceno, acu\u00f1ado no ano 2000 polo qu\u00edmico Paul Crutzen e o bi\u00f3logo Eugene Stoermer, abarca o intervalo temporal onde as actividades humanas interfiren nos procesos naturais e nos ecosistemas provocando cambios a escala global.<\/p>\n<div id=\"ad-RobaMobile\" itemscope=\"\" itemtype=\"http:\/\/schema.org\/WPAdBlock\" style=\"text-align: justify;\" data-url=\"\/4900\/webm.EXT.LAVOZDEGALICIA\/edicion\/\/barbanza\" data-mapping=\"ROBAMOBILE\" data-sizes=\"[[300,250],[300,300],[350, 300],[300,600],[350, 600]]\" data-param=\"pos\" data-targeting=\"robapaginas\"><span style=\"font-size: 16px;\">Un dos exemplos m\u00e1is manidos \u00e9 o do clima. Os cient\u00edficos do Grupo Intergobernamental de Expertos sobre o Cambio Clim\u00e1tico (IPCC), no seu \u00faltimo informe, consideran probada a influencia humana no sistema clim\u00e1tico. Puntualizan que, dende a d\u00e9cada de 1950, os cambios aceler\u00e1ronse enormemente: as concentraci\u00f3ns de gases de efecto invernadoiro dispar\u00e1ronse, os oc\u00e9anos e a atmosfera queceron, a neve e o xeo diminu\u00edron en volume, e o nivel do mar ascendeu a un ritmo desacougante.<\/span><\/div>\n<p style=\"text-align: justify;\">Non \u00e9 de balde a afirmaci\u00f3n de que nos convertemos na \u00fanica especie capaz de inducir cambios significativos no medio, nun per\u00edodo inferior ao da nosa existencia. Para atopar alg\u00fan precedente debemos retroceder miles de mill\u00f3ns de anos na historia da Terra.<\/p>\n<p style=\"text-align: justify;\"><strong>As cianobacterias<\/strong><\/p>\n<div id=\"ad-Roba2DetalleMobile\" itemscope=\"\" itemtype=\"http:\/\/schema.org\/WPAdBlock\" style=\"text-align: justify;\" data-url=\"\/2260323\/Roba_2_detalle_mobile\" data-mapping=\"ROBAMOBILE\" data-sizes=\"[[300,250],[300,300],[350, 300],[300,600],[350, 600]]\" data-param=\"seccion\" data-targeting=\"\"><span style=\"font-size: 16px;\">Os primeiros organismos que conseguiron modificar os ciclos bioxeoqu\u00edmicos foron as cianobacterias (algas verde-azuis habitantes dos mares primitivos pouco profundos). Estas trocaron unha atmosfera hostil de CO2 por unha atmosfera de os\u00edxeno, conformando un ambiente amigable para a evoluci\u00f3n doutras especies. Mais estes microorganismos tardaron uns 2.000 mill\u00f3ns de anos en conseguilo!<\/span><\/div>\n<p style=\"text-align: justify;\">Pero, cando se inicia o Antropoceno? A nosa especie leva miles de anos provocando impactos no medio, fundamentalmente dende a aparici\u00f3n da agricultura. Por\u00e9n, a integraci\u00f3n de elementos de factura humana no rexistro xeol\u00f3xico a escala mundial apuntan a unha orixe fixada na segunda metade do s\u00e9culo XX.<\/p>\n<div id=\"ad-Roba3DetalleMobile\" itemscope=\"\" itemtype=\"http:\/\/schema.org\/WPAdBlock\" style=\"text-align: justify;\" data-url=\"\/2260323\/Roba_3_detalle_mobile\" data-mapping=\"ROBAMOBILE\" data-sizes=\"[[300,250],[300,300],[350, 300],[300,600],[350, 600]]\" data-param=\"seccion\" data-targeting=\"\"><span style=\"font-size: 16px;\">Os radionucleidos xurdidos das probas nucleares constit\u00faen un importante marcador estratigr\u00e1fico de distribuci\u00f3n planetaria. Ademais, os pl\u00e1sticos, cemento e outros materiais provenientes dos procesos industriais, entran xa nos ciclos xeol\u00f3xicos mestur\u00e1ndose cos sedimentos de orixe natural. A elevada resistencia dos pol\u00edmeros sint\u00e9ticos, que aumenta se son rapidamente enterrados afast\u00e1ndoos da luz ultravioleta, conv\u00e9rtenos en verdadeiras testemu\u00f1as (tecnof\u00f3siles no argot acad\u00e9mico) desta \u00e9poca.<\/span><\/div>\n<p style=\"text-align: justify;\"><strong>Exemplo pr\u00f3ximo<\/strong><\/p>\n<p style=\"text-align: justify;\">Decidido a buscar riscos antropoc\u00e9nicos en dep\u00f3sitos sedimentarios actuais, ach\u00e9gome ata unha praia da contorna. O mar vai pu\u00edndo os vertidos sucesivos de material sobrante de marmorar\u00edas, ladrillos e demais refugallos da construci\u00f3n. Na zona supramareal, a columna de sedimentos amosa distintos niveis estratificados con anacos manufacturados de granitos, gneises e m\u00e1rmores.<\/p>\n<p style=\"text-align: justify;\">Non pode faltar un nivel gu\u00eda de asfalto. Quen sabe se xunto cos pl\u00e1sticos, e tras pasar polos procesos naturais de enterramento e diax\u00e9nese, ser\u00e1n estas as rochas nai do petr\u00f3leo nun futuro moi moi distante!<\/p>\n","protected":false},"excerpt":{"rendered":"<p>Jose Lires.\u00a0Existen voc\u00e1bulos de fon\u00e9tica atropelada que emanan do mundo cient\u00edfico e son rapidamente incorporados \u00e1 cultura popular. Isto parece suceder co Antropoceno. M\u00e1is al\u00f3 do debate acad\u00e9mico sobre a conveniencia, ou non, de definir formalmente unha nova \u00e9poca na historia xeol\u00f3xica, o que resulta irrefutable \u00e9 a fonda pegada do Homo sapiens no planeta.<\/p>\n","protected":false},"author":1,"featured_media":0,"comment_status":"open","ping_status":"closed","sticky":false,"template":"","format":"standard","meta":{"_bbp_topic_count":0,"_bbp_reply_count":0,"_bbp_total_topic_count":0,"_bbp_total_reply_count":0,"_bbp_voice_count":0,"_bbp_anonymous_reply_count":0,"_bbp_topic_count_hidden":0,"_bbp_reply_count_hidden":0,"_bbp_forum_subforum_count":0,"_exactmetrics_skip_tracking":false,"_exactmetrics_sitenote_active":false,"_exactmetrics_sitenote_note":"","_exactmetrics_sitenote_category":0,"_monsterinsights_skip_tracking":false,"_monsterinsights_sitenote_active":false,"_monsterinsights_sitenote_note":"","_monsterinsights_sitenote_category":0},"categories":[39,41],"tags":[],"aioseo_notices":[],"_links":{"self":[{"href":"http:\/\/cafebarbantia.barbantia.es\/index.php?rest_route=\/wp\/v2\/posts\/7264"}],"collection":[{"href":"http:\/\/cafebarbantia.barbantia.es\/index.php?rest_route=\/wp\/v2\/posts"}],"about":[{"href":"http:\/\/cafebarbantia.barbantia.es\/index.php?rest_route=\/wp\/v2\/types\/post"}],"author":[{"embeddable":true,"href":"http:\/\/cafebarbantia.barbantia.es\/index.php?rest_route=\/wp\/v2\/users\/1"}],"replies":[{"embeddable":true,"href":"http:\/\/cafebarbantia.barbantia.es\/index.php?rest_route=%2Fwp%2Fv2%2Fcomments&post=7264"}],"version-history":[{"count":1,"href":"http:\/\/cafebarbantia.barbantia.es\/index.php?rest_route=\/wp\/v2\/posts\/7264\/revisions"}],"predecessor-version":[{"id":7266,"href":"http:\/\/cafebarbantia.barbantia.es\/index.php?rest_route=\/wp\/v2\/posts\/7264\/revisions\/7266"}],"wp:attachment":[{"href":"http:\/\/cafebarbantia.barbantia.es\/index.php?rest_route=%2Fwp%2Fv2%2Fmedia&parent=7264"}],"wp:term":[{"taxonomy":"category","embeddable":true,"href":"http:\/\/cafebarbantia.barbantia.es\/index.php?rest_route=%2Fwp%2Fv2%2Fcategories&post=7264"},{"taxonomy":"post_tag","embeddable":true,"href":"http:\/\/cafebarbantia.barbantia.es\/index.php?rest_route=%2Fwp%2Fv2%2Ftags&post=7264"}],"curies":[{"name":"wp","href":"https:\/\/api.w.org\/{rel}","templated":true}]}}