{"id":7275,"date":"2017-04-23T06:00:14","date_gmt":"2017-04-23T06:00:14","guid":{"rendered":"http:\/\/cafebarbantia.barbantia.es\/?p=7275"},"modified":"2017-04-16T21:15:39","modified_gmt":"2017-04-16T21:15:39","slug":"un-franciscano-da-pobra","status":"publish","type":"post","link":"http:\/\/cafebarbantia.barbantia.es\/?p=7275","title":{"rendered":"Un franciscano d&#8217;A Pobra"},"content":{"rendered":"<p style=\"text-align: justify;\"><em><strong><a href=\"http:\/\/cafebarbantia.barbantia.es\/wp-content\/uploads\/2017\/04\/hermo-fidalgo.jpg\"><img decoding=\"async\" loading=\"lazy\" class=\"size-medium wp-image-7306 alignright\" alt=\"hermo fidalgo\" src=\"http:\/\/cafebarbantia.barbantia.es\/wp-content\/uploads\/2017\/04\/hermo-fidalgo-198x300.jpg\" width=\"198\" height=\"300\" srcset=\"http:\/\/cafebarbantia.barbantia.es\/wp-content\/uploads\/2017\/04\/hermo-fidalgo-198x300.jpg 198w, http:\/\/cafebarbantia.barbantia.es\/wp-content\/uploads\/2017\/04\/hermo-fidalgo-678x1024.jpg 678w, http:\/\/cafebarbantia.barbantia.es\/wp-content\/uploads\/2017\/04\/hermo-fidalgo-900x1359.jpg 900w, http:\/\/cafebarbantia.barbantia.es\/wp-content\/uploads\/2017\/04\/hermo-fidalgo.jpg 1488w\" sizes=\"(max-width: 198px) 100vw, 198px\" \/><\/a>Pastor Rodr\u00edguez.\u00a0<\/strong><\/em>Nacido n&#8217;A Pobra do Carami\u00f1al en 1859, Jos\u00e9 Mar\u00eda Hermo Fidalgo entrou na orde de San Francisco en 1876, desenvolvendo o seu labor misioneiro en Bolivia, Palestina e Exipto. Morreu na cidade de Pontevedra, onde era capel\u00e1n do convento de Santa Clara. Relixioso moi conservador, a s\u00faa primeira obra editada foi unha\u00a0<i>Gu\u00eda del peregrino en Tierra Santa<\/i>, publicada en Xerusal\u00e9n en 1888. En Bolivia editou na cidade de La Paz a obra\u00a0<i>La madre de los sue\u00f1os<\/i>, en 1899. En plena guerra civil editar\u00e1\u00a0<i>Importancia del Catecismo sobre todas las Ciencias Humanas habidas y por haber<\/i>\u00a0(1937), pero que na capa leva por t\u00edtulo\u00a0<i>Arriba Espa\u00f1a Imperial con el Catecismo<\/i>.<!--more--> Prologada polo avogado Felipe Ruza Garc\u00eda, d\u00e1 boa conta da \u00e9poca na que est\u00e1 escrita na dedicatoria a Francisco Franco, a quen califica de \u00abCat\u00f3lico sincero, elegido por Dios, cual otro caudillo Jerobaal del pueblo Hebreo, para salvar a Espa\u00f1a del funesto y perverso Comunismo Internacional, Precursor del Anticristo, y verdadero aborto del Infierno\u00bb. O produto da venda da obra \u00abest\u00e1 destinado a beneficio del Invicto y Glorioso Ej\u00e9rcito Espa\u00f1ol\u00bb. Non \u00e9 un catecismo ao uso, sen\u00f3n unha serie de reflexi\u00f3ns ultramontanas sobre a necesidade do Catecismo no imp\u00edo mundo moderno, con ataques ao \u00abimp\u00edo y mas\u00f3n Aza\u00f1a y dem\u00e1s c\u00f3mplices comunistas, jud\u00edos y masones\u00bb. Reproduce documentos interesantes, como o decreto do gobernador de Le\u00f3n sobre a moralidade feminina.<\/p>\n","protected":false},"excerpt":{"rendered":"<p>Pastor Rodr\u00edguez.\u00a0Nacido n&#8217;A Pobra do Carami\u00f1al en 1859, Jos\u00e9 Mar\u00eda Hermo Fidalgo entrou na orde de San Francisco en 1876, desenvolvendo o seu labor misioneiro en Bolivia, Palestina e Exipto. Morreu na cidade de Pontevedra, onde era capel\u00e1n do convento de Santa Clara. Relixioso moi conservador, a s\u00faa primeira obra editada foi unha\u00a0Gu\u00eda del peregrino &hellip; <a href=\"http:\/\/cafebarbantia.barbantia.es\/?p=7275\" class=\"more-link\">Seguir lendo <span class=\"screen-reader-text\">Un franciscano d&#8217;A Pobra<\/span> <span class=\"meta-nav\">&rarr;<\/span><\/a><\/p>\n","protected":false},"author":1,"featured_media":0,"comment_status":"open","ping_status":"closed","sticky":false,"template":"","format":"standard","meta":{"_bbp_topic_count":0,"_bbp_reply_count":0,"_bbp_total_topic_count":0,"_bbp_total_reply_count":0,"_bbp_voice_count":0,"_bbp_anonymous_reply_count":0,"_bbp_topic_count_hidden":0,"_bbp_reply_count_hidden":0,"_bbp_forum_subforum_count":0,"_exactmetrics_skip_tracking":false,"_exactmetrics_sitenote_active":false,"_exactmetrics_sitenote_note":"","_exactmetrics_sitenote_category":0,"_monsterinsights_skip_tracking":false,"_monsterinsights_sitenote_active":false,"_monsterinsights_sitenote_note":"","_monsterinsights_sitenote_category":0},"categories":[7,37],"tags":[],"aioseo_notices":[],"_links":{"self":[{"href":"http:\/\/cafebarbantia.barbantia.es\/index.php?rest_route=\/wp\/v2\/posts\/7275"}],"collection":[{"href":"http:\/\/cafebarbantia.barbantia.es\/index.php?rest_route=\/wp\/v2\/posts"}],"about":[{"href":"http:\/\/cafebarbantia.barbantia.es\/index.php?rest_route=\/wp\/v2\/types\/post"}],"author":[{"embeddable":true,"href":"http:\/\/cafebarbantia.barbantia.es\/index.php?rest_route=\/wp\/v2\/users\/1"}],"replies":[{"embeddable":true,"href":"http:\/\/cafebarbantia.barbantia.es\/index.php?rest_route=%2Fwp%2Fv2%2Fcomments&post=7275"}],"version-history":[{"count":3,"href":"http:\/\/cafebarbantia.barbantia.es\/index.php?rest_route=\/wp\/v2\/posts\/7275\/revisions"}],"predecessor-version":[{"id":7335,"href":"http:\/\/cafebarbantia.barbantia.es\/index.php?rest_route=\/wp\/v2\/posts\/7275\/revisions\/7335"}],"wp:attachment":[{"href":"http:\/\/cafebarbantia.barbantia.es\/index.php?rest_route=%2Fwp%2Fv2%2Fmedia&parent=7275"}],"wp:term":[{"taxonomy":"category","embeddable":true,"href":"http:\/\/cafebarbantia.barbantia.es\/index.php?rest_route=%2Fwp%2Fv2%2Fcategories&post=7275"},{"taxonomy":"post_tag","embeddable":true,"href":"http:\/\/cafebarbantia.barbantia.es\/index.php?rest_route=%2Fwp%2Fv2%2Ftags&post=7275"}],"curies":[{"name":"wp","href":"https:\/\/api.w.org\/{rel}","templated":true}]}}