{"id":7563,"date":"2017-06-29T06:00:23","date_gmt":"2017-06-29T06:00:23","guid":{"rendered":"http:\/\/cafebarbantia.barbantia.es\/?p=7563"},"modified":"2017-06-22T06:48:40","modified_gmt":"2017-06-22T06:48:40","slug":"a-ferida-do-vento","status":"publish","type":"post","link":"http:\/\/cafebarbantia.barbantia.es\/?p=7563","title":{"rendered":"A ferida do vento"},"content":{"rendered":"<p style=\"text-align: justify;\"><em><strong><a href=\"http:\/\/cafebarbantia.barbantia.es\/wp-content\/uploads\/2017\/06\/A-ferida-do-vento-3.jpg\"><img decoding=\"async\" loading=\"lazy\" class=\"alignleft size-medium wp-image-7564\" alt=\"A ferida do vento (3)\" src=\"http:\/\/cafebarbantia.barbantia.es\/wp-content\/uploads\/2017\/06\/A-ferida-do-vento-3-194x300.jpg\" width=\"194\" height=\"300\" srcset=\"http:\/\/cafebarbantia.barbantia.es\/wp-content\/uploads\/2017\/06\/A-ferida-do-vento-3-194x300.jpg 194w, http:\/\/cafebarbantia.barbantia.es\/wp-content\/uploads\/2017\/06\/A-ferida-do-vento-3-662x1024.jpg 662w, http:\/\/cafebarbantia.barbantia.es\/wp-content\/uploads\/2017\/06\/A-ferida-do-vento-3-900x1391.jpg 900w, http:\/\/cafebarbantia.barbantia.es\/wp-content\/uploads\/2017\/06\/A-ferida-do-vento-3.jpg 1591w\" sizes=\"(max-width: 194px) 100vw, 194px\" \/><\/a>Agust\u00edn Agra.\u00a0<\/strong><\/em>O exceso de proximidade e a falta de perspectiva adoitan ir ligados. Xa que logo, opinar sobre unha novela cando se mant\u00e9n co autor unha relaci\u00f3n de amizade \u2013calidade dos afectos, dir\u00eda o poeta Mart\u00edn Veiga\u2013, non resulta doado.<\/p>\n<p style=\"text-align: justify;\"><i>Escribir debe ser algo as\u00ed como perseguir sombras alleas ou reconstru\u00edr ru\u00ednas. Non o sei\u201d. <\/i>Como o propio autor escribe nunha das p\u00e1xinas de <i>A ferida do vento<\/i>, na que nos introduce no universo limiao dos seus quince anos: Ant\u00f3n reconstr\u00fae ru\u00ednas, persegue as propias sombras, interp\u00e9lase a si mesmo, dialoga con vivos e mortos, cos defuntos de seu.<!--more--> Malia a aparente dozura deste texto amargo, tras as imaxes que crean as s\u00faas palabras, enx\u00e9rgase o esforzo por afondar, afondar, afondar&#8230;<\/p>\n<p style=\"text-align: justify;\">Canto se relata na obra, posta en escena ao ronsel dos relatos de <i>Casas Baratas <\/i>e en comu\u00f1\u00f3n cos que hai xa cincuenta anos escribira Carlos Casares, o fillo de Don Paco, en <i>Vento Ferido<\/i> \u2013obvia homenaxe o t\u00edtulo\u2013, bas\u00e9ase en feitos reais, iso creo. Autobiograf\u00eda sen m\u00e1scara da que rexeito saber canto hai de certo nesa mi\u00f1a suposici\u00f3n. Despois de todo, que son exactamente a verdade e a ficci\u00f3n?<\/p>\n<p style=\"text-align: justify;\"><a href=\"http:\/\/cafebarbantia.barbantia.es\/wp-content\/uploads\/2017\/06\/A-ferida-do-vento-5.jpg\"><img decoding=\"async\" loading=\"lazy\" class=\"alignright size-medium wp-image-7565\" alt=\"A ferida do vento (5)\" src=\"http:\/\/cafebarbantia.barbantia.es\/wp-content\/uploads\/2017\/06\/A-ferida-do-vento-5-300x168.jpg\" width=\"300\" height=\"168\" srcset=\"http:\/\/cafebarbantia.barbantia.es\/wp-content\/uploads\/2017\/06\/A-ferida-do-vento-5-300x168.jpg 300w, http:\/\/cafebarbantia.barbantia.es\/wp-content\/uploads\/2017\/06\/A-ferida-do-vento-5-900x505.jpg 900w, http:\/\/cafebarbantia.barbantia.es\/wp-content\/uploads\/2017\/06\/A-ferida-do-vento-5.jpg 980w\" sizes=\"(max-width: 300px) 100vw, 300px\" \/><\/a>Resulta dif\u00edcil non deixarse fascinar pola prosa e o peculiar xeito de adxectivar \u2013marca da casa\u2013 de Ant\u00f3n, pola delicadeza sutil coas que adoza as p\u00e1xinas de <i>A ferida do vento<\/i>, dif\u00edcil non caer apreixado pola po\u00e9tica e a fonda carga emotiva deses seus personaxes de pintoresca aparencia: tolos cordos e cordos tolos.<\/p>\n<p style=\"text-align: justify;\">Debaixo dos diversos niveis de lectura que poida ter quen se achegue a unha obra, en toda lectora ou lector subxace sempre \u2013malia que sexa de xeito inconsciente\u2013 unha pregunta: que nos conta o texto acerca de nos mesmos? Eros e Tanatos: o vento das palabras de Ant\u00f3n a la\u00f1ar nas propias feridas; para un como lector, un agasallo que non ten prezo. Unha vez m\u00e1is \u2013perd\u00edn a conta\u2013 reco\u00f1ezo a s\u00faa mestr\u00eda e, tam\u00e9n,\u2013como negar a evidencia?\u2013 a mi\u00f1a envexa.<\/p>\n<p style=\"text-align: justify;\">Obrigado, Ant\u00f3n.<\/p>\n","protected":false},"excerpt":{"rendered":"<p>Agust\u00edn Agra.\u00a0O exceso de proximidade e a falta de perspectiva adoitan ir ligados. Xa que logo, opinar sobre unha novela cando se mant\u00e9n co autor unha relaci\u00f3n de amizade \u2013calidade dos afectos, dir\u00eda o poeta Mart\u00edn Veiga\u2013, non resulta doado. Escribir debe ser algo as\u00ed como perseguir sombras alleas ou reconstru\u00edr ru\u00ednas. Non o sei\u201d. &hellip; <a href=\"http:\/\/cafebarbantia.barbantia.es\/?p=7563\" class=\"more-link\">Seguir lendo <span class=\"screen-reader-text\">A ferida do vento<\/span> <span class=\"meta-nav\">&rarr;<\/span><\/a><\/p>\n","protected":false},"author":1,"featured_media":0,"comment_status":"open","ping_status":"closed","sticky":false,"template":"","format":"standard","meta":{"_bbp_topic_count":0,"_bbp_reply_count":0,"_bbp_total_topic_count":0,"_bbp_total_reply_count":0,"_bbp_voice_count":0,"_bbp_anonymous_reply_count":0,"_bbp_topic_count_hidden":0,"_bbp_reply_count_hidden":0,"_bbp_forum_subforum_count":0,"_exactmetrics_skip_tracking":false,"_exactmetrics_sitenote_active":false,"_exactmetrics_sitenote_note":"","_exactmetrics_sitenote_category":0,"_monsterinsights_skip_tracking":false,"_monsterinsights_sitenote_active":false,"_monsterinsights_sitenote_note":"","_monsterinsights_sitenote_category":0},"categories":[23,9],"tags":[],"aioseo_notices":[],"_links":{"self":[{"href":"http:\/\/cafebarbantia.barbantia.es\/index.php?rest_route=\/wp\/v2\/posts\/7563"}],"collection":[{"href":"http:\/\/cafebarbantia.barbantia.es\/index.php?rest_route=\/wp\/v2\/posts"}],"about":[{"href":"http:\/\/cafebarbantia.barbantia.es\/index.php?rest_route=\/wp\/v2\/types\/post"}],"author":[{"embeddable":true,"href":"http:\/\/cafebarbantia.barbantia.es\/index.php?rest_route=\/wp\/v2\/users\/1"}],"replies":[{"embeddable":true,"href":"http:\/\/cafebarbantia.barbantia.es\/index.php?rest_route=%2Fwp%2Fv2%2Fcomments&post=7563"}],"version-history":[{"count":1,"href":"http:\/\/cafebarbantia.barbantia.es\/index.php?rest_route=\/wp\/v2\/posts\/7563\/revisions"}],"predecessor-version":[{"id":7566,"href":"http:\/\/cafebarbantia.barbantia.es\/index.php?rest_route=\/wp\/v2\/posts\/7563\/revisions\/7566"}],"wp:attachment":[{"href":"http:\/\/cafebarbantia.barbantia.es\/index.php?rest_route=%2Fwp%2Fv2%2Fmedia&parent=7563"}],"wp:term":[{"taxonomy":"category","embeddable":true,"href":"http:\/\/cafebarbantia.barbantia.es\/index.php?rest_route=%2Fwp%2Fv2%2Fcategories&post=7563"},{"taxonomy":"post_tag","embeddable":true,"href":"http:\/\/cafebarbantia.barbantia.es\/index.php?rest_route=%2Fwp%2Fv2%2Ftags&post=7563"}],"curies":[{"name":"wp","href":"https:\/\/api.w.org\/{rel}","templated":true}]}}