{"id":7567,"date":"2017-07-12T06:00:39","date_gmt":"2017-07-12T06:00:39","guid":{"rendered":"http:\/\/cafebarbantia.barbantia.es\/?p=7567"},"modified":"2017-06-28T15:52:28","modified_gmt":"2017-06-28T15:52:28","slug":"a-ponte-sobre-o-drina-ivo-andric-gran-rinoceronte","status":"publish","type":"post","link":"http:\/\/cafebarbantia.barbantia.es\/?p=7567","title":{"rendered":"A ponte sobre o Drina, (Ivo Andric, gran rinoceronte)"},"content":{"rendered":"<p style=\"text-align: justify;\"><a href=\"http:\/\/cafebarbantia.barbantia.es\/wp-content\/uploads\/2017\/06\/A-ponte-sobre-o-Drina-4.jpg\"><img decoding=\"async\" loading=\"lazy\" class=\"alignright size-medium wp-image-7568\" alt=\"A ponte sobre o Drina (4)\" src=\"http:\/\/cafebarbantia.barbantia.es\/wp-content\/uploads\/2017\/06\/A-ponte-sobre-o-Drina-4-189x300.jpg\" width=\"189\" height=\"300\" srcset=\"http:\/\/cafebarbantia.barbantia.es\/wp-content\/uploads\/2017\/06\/A-ponte-sobre-o-Drina-4-189x300.jpg 189w, http:\/\/cafebarbantia.barbantia.es\/wp-content\/uploads\/2017\/06\/A-ponte-sobre-o-Drina-4.jpg 325w\" sizes=\"(max-width: 189px) 100vw, 189px\" \/><\/a><em><strong>Agust\u00edn Agra.\u00a0<\/strong><\/em>Esta tarde, folleando na busca dalgunha novidade apetitosa no cat\u00e1logo de Rinoceronte, decateime de que a maior parte dos t\u00edtulos da editora de Cangas xa foran albo das mi\u00f1as lecturas. Malia ser certo que un par deles \u2013contados\u2013, al\u00e9n da s\u00faa calidade, non foron coincidentes cos meus gustos literarios, sei que podo encetar a cegas calquera nova entrega coa confianza de que hei gozar coa s\u00faa lectura. Mais se alg\u00fan de entre todos eles deixou pegada en min \u2013a\u00ednda hogano so\u00f1o, pesadelo redundante, coas v\u00edvidas imaxes dun dos seus cap\u00edtulos descarnados\u2013 ese foi <i>A ponte sobre o Drina<\/i>.<!--more--><\/p>\n<p style=\"text-align: justify;\">M\u00e1is al\u00e1 de Gorazde, tristemente co\u00f1ecida pola limpeza \u00e9tnica perpetrada polas tropas serbias durante a Guerra de Bosnia \u2013imprescindible a novela gr\u00e1fica <i>Gorazde, zona segura<\/i>, de Joe Sacco, tam\u00e9n publicada por Rinoceronte\u2013 at\u00f3pase Visegrad. Ambas as poboaci\u00f3ns at\u00f3panse unidas polo Drina, un r\u00edo turbulento de augas fr\u00edas e verdosas.<\/p>\n<p style=\"text-align: justify;\"><i><a href=\"http:\/\/cafebarbantia.barbantia.es\/wp-content\/uploads\/2017\/06\/A-ponte-sobre-o-Drina-2.jpg\"><img decoding=\"async\" loading=\"lazy\" class=\"alignleft size-medium wp-image-7569\" alt=\"A ponte sobre o Drina (2)\" src=\"http:\/\/cafebarbantia.barbantia.es\/wp-content\/uploads\/2017\/06\/A-ponte-sobre-o-Drina-2-300x211.jpg\" width=\"300\" height=\"211\" srcset=\"http:\/\/cafebarbantia.barbantia.es\/wp-content\/uploads\/2017\/06\/A-ponte-sobre-o-Drina-2-300x211.jpg 300w, http:\/\/cafebarbantia.barbantia.es\/wp-content\/uploads\/2017\/06\/A-ponte-sobre-o-Drina-2-1024x720.jpg 1024w, http:\/\/cafebarbantia.barbantia.es\/wp-content\/uploads\/2017\/06\/A-ponte-sobre-o-Drina-2-900x633.jpg 900w\" sizes=\"(max-width: 300px) 100vw, 300px\" \/><\/a>A ponte sobre o Drina<\/i>, do Nobel Ivo Andric, narra a historia da ponte ergueita en 1577 por orde do gran visir Mehmed Pa\u0161a Sokolovi\u0107 \u2013neno cristi\u00e1 roubado a s\u00faa nai polos musulm\u00e1ns\u2013 entre ambas as beiras do r\u00edo na localidade de Visegrad. O narrador \u2013fabulador extraordinario\u2013 vai tracexando escena tras escena, alternando o drama e a an\u00e9cdota, mais sen caer na banalidade, da xente do com\u00fan no transcurso de m\u00e1is de trescentos anos: dende o inicio do dominio otom\u00e1n no s\u00e9culo XVI ata 1914 co estoupido da Gran Guerra. As personaxes pasan ante n\u00f3s unha tras outra, os seus ascendentes e descendentes, coas s\u00faas andanzas e vicisitudes: vida e morte, amor e odio&#8230; Corre a auga do Drina baixo as arcadas, ora calma ora tumultuosa, mais a ponte non cambia, permanece inmutable, testemu\u00f1a impasible da historia.<\/p>\n<p style=\"text-align: justify;\">Non co\u00f1ezo Visegrad, a vila bosn\u00edaca onde transcorre a historia; tampouco Belgrado, cidade na que Andric viviu \u2013interesante cap\u00edtulo o que lle dedica Cesar Antonio Molina en <i>Lugares donde se calma el dolor<\/i>\u2013; mais si peregrinei a mantenta \u00e1 vila bosn\u00edaca de Travnik, lugar no que o Nobel naceu en 1892, e ao seu chalet de ver\u00e1n en Herzig Novi, Montenegro \u2013agora reconvertido en restaurante e atendido por un dependente seareiro do cineasta Pedro Almodovar\u2013, para descubrir que de Andric apenas quedan catro mobles e unha m\u00e1quina de escribir.<\/p>\n<p style=\"text-align: justify;\"><i><a href=\"http:\/\/cafebarbantia.barbantia.es\/wp-content\/uploads\/2017\/06\/A-ponte-sobre-o-Drina-3.jpg\"><img decoding=\"async\" loading=\"lazy\" class=\"alignright size-medium wp-image-7570\" alt=\"A ponte sobre o Drina (3)\" src=\"http:\/\/cafebarbantia.barbantia.es\/wp-content\/uploads\/2017\/06\/A-ponte-sobre-o-Drina-3-300x200.jpg\" width=\"300\" height=\"200\" srcset=\"http:\/\/cafebarbantia.barbantia.es\/wp-content\/uploads\/2017\/06\/A-ponte-sobre-o-Drina-3-300x200.jpg 300w, http:\/\/cafebarbantia.barbantia.es\/wp-content\/uploads\/2017\/06\/A-ponte-sobre-o-Drina-3-1024x682.jpg 1024w, http:\/\/cafebarbantia.barbantia.es\/wp-content\/uploads\/2017\/06\/A-ponte-sobre-o-Drina-3-900x600.jpg 900w\" sizes=\"(max-width: 300px) 100vw, 300px\" \/><\/a>Fantasmas balc\u00e1nicos<\/i> de Robert D. Kaplan e o cl\u00e1sico <i>Cordeiro negro, falc\u00f3n gris<\/i>, da irlandesa Rebecca West, am\u00f3sanse como t\u00edtulos inescusables, de obrigada lectura, para entender esas terras, as s\u00faas xentes e os seus conflitos. Mais <i>A ponte sobre o Drina<\/i> proporci\u00f3nanos as claves \u00edntimas para afondar nelas: a chave dos comportamentos, tanto individuais como colectivos, dos diferentes grupos humanos, musulm\u00e1ns e ortodoxos, cat\u00f3licos e xudeus, que a conforman, dende a s\u00faa mesma raizame.<\/p>\n<p style=\"text-align: justify;\">\u00a0\u00a0\u00a0\u00a0\u00a0\u00a0\u00a0\u00a0\u00a0\u00a0\u00a0 Se parte do que somos prov\u00e9n das nosas lecturas, canto lle debemos \u00e1s editoriais as s\u00faas selecci\u00f3ns? Grazas, xa que logo, tanto ao responsable da escolla como a Jairo Dorado \u2013autor, entre outras, desta traduci\u00f3n encomiable\u2013.<\/p>\n","protected":false},"excerpt":{"rendered":"<p>Agust\u00edn Agra.\u00a0Esta tarde, folleando na busca dalgunha novidade apetitosa no cat\u00e1logo de Rinoceronte, decateime de que a maior parte dos t\u00edtulos da editora de Cangas xa foran albo das mi\u00f1as lecturas. Malia ser certo que un par deles \u2013contados\u2013, al\u00e9n da s\u00faa calidade, non foron coincidentes cos meus gustos literarios, sei que podo encetar a &hellip; <a href=\"http:\/\/cafebarbantia.barbantia.es\/?p=7567\" class=\"more-link\">Seguir lendo <span class=\"screen-reader-text\">A ponte sobre o Drina, (Ivo Andric, gran rinoceronte)<\/span> <span class=\"meta-nav\">&rarr;<\/span><\/a><\/p>\n","protected":false},"author":1,"featured_media":0,"comment_status":"open","ping_status":"closed","sticky":false,"template":"","format":"standard","meta":{"_bbp_topic_count":0,"_bbp_reply_count":0,"_bbp_total_topic_count":0,"_bbp_total_reply_count":0,"_bbp_voice_count":0,"_bbp_anonymous_reply_count":0,"_bbp_topic_count_hidden":0,"_bbp_reply_count_hidden":0,"_bbp_forum_subforum_count":0,"_exactmetrics_skip_tracking":false,"_exactmetrics_sitenote_active":false,"_exactmetrics_sitenote_note":"","_exactmetrics_sitenote_category":0,"_monsterinsights_skip_tracking":false,"_monsterinsights_sitenote_active":false,"_monsterinsights_sitenote_note":"","_monsterinsights_sitenote_category":0},"categories":[23,9],"tags":[],"aioseo_notices":[],"_links":{"self":[{"href":"http:\/\/cafebarbantia.barbantia.es\/index.php?rest_route=\/wp\/v2\/posts\/7567"}],"collection":[{"href":"http:\/\/cafebarbantia.barbantia.es\/index.php?rest_route=\/wp\/v2\/posts"}],"about":[{"href":"http:\/\/cafebarbantia.barbantia.es\/index.php?rest_route=\/wp\/v2\/types\/post"}],"author":[{"embeddable":true,"href":"http:\/\/cafebarbantia.barbantia.es\/index.php?rest_route=\/wp\/v2\/users\/1"}],"replies":[{"embeddable":true,"href":"http:\/\/cafebarbantia.barbantia.es\/index.php?rest_route=%2Fwp%2Fv2%2Fcomments&post=7567"}],"version-history":[{"count":1,"href":"http:\/\/cafebarbantia.barbantia.es\/index.php?rest_route=\/wp\/v2\/posts\/7567\/revisions"}],"predecessor-version":[{"id":7571,"href":"http:\/\/cafebarbantia.barbantia.es\/index.php?rest_route=\/wp\/v2\/posts\/7567\/revisions\/7571"}],"wp:attachment":[{"href":"http:\/\/cafebarbantia.barbantia.es\/index.php?rest_route=%2Fwp%2Fv2%2Fmedia&parent=7567"}],"wp:term":[{"taxonomy":"category","embeddable":true,"href":"http:\/\/cafebarbantia.barbantia.es\/index.php?rest_route=%2Fwp%2Fv2%2Fcategories&post=7567"},{"taxonomy":"post_tag","embeddable":true,"href":"http:\/\/cafebarbantia.barbantia.es\/index.php?rest_route=%2Fwp%2Fv2%2Ftags&post=7567"}],"curies":[{"name":"wp","href":"https:\/\/api.w.org\/{rel}","templated":true}]}}